{"id":2017,"date":"2022-05-12T10:03:59","date_gmt":"2022-05-12T08:03:59","guid":{"rendered":"https:\/\/retraites.prieenchemin.org\/que-je-voie-ton-visage\/?p=2017"},"modified":"2022-05-12T15:53:30","modified_gmt":"2022-05-12T13:53:30","slug":"etape-5","status":"publish","type":"post","link":"https:\/\/retraites.prieenchemin.org\/que-je-voie-ton-visage\/etape-5\/","title":{"rendered":"5 &#8211; Dieu juge ou Dieu mis\u00e9ricorde ?"},"content":{"rendered":"<p>[et_pb_section fb_built=\u00a0\u00bb1&Prime; _builder_version=\u00a0\u00bb4.11.1&Prime; _module_preset=\u00a0\u00bbdefault\u00a0\u00bb custom_padding=\u00a0\u00bb0px||0px|||\u00a0\u00bb global_colors_info=\u00a0\u00bb{}\u00a0\u00bb][et_pb_row column_structure=\u00a0\u00bb1_2,1_2&Prime; _builder_version=\u00a0\u00bb4.11.1&Prime; _module_preset=\u00a0\u00bbdefault\u00a0\u00bb min_height=\u00a0\u00bb465.9px\u00a0\u00bb global_colors_info=\u00a0\u00bb{}\u00a0\u00bb][et_pb_column type=\u00a0\u00bb1_2&Prime; _builder_version=\u00a0\u00bb4.11.1&Prime; _module_preset=\u00a0\u00bbdefault\u00a0\u00bb global_colors_info=\u00a0\u00bb{}\u00a0\u00bb][et_pb_text _builder_version=\u00a0\u00bb4.11.1&Prime; _module_preset=\u00a0\u00bbdefault\u00a0\u00bb global_colors_info=\u00a0\u00bb{}\u00a0\u00bb]<\/p>\n<p class=\"western\" align=\"justify\"><span style=\"background: transparent;\">Signe que la Bible est tiss\u00e9e d\u2019histoires humaines, trop humaines parfois, la notion de jugement revient souvent. Jugement suite au p\u00e9ch\u00e9 d\u2019Adam et Eve. Jugement avec la tour de Babel. Jugement avec l\u2019arche de No\u00e9. Jugement dans le d\u00e9sert avec Mo\u00efse et le peuple h\u00e9breu. Jugement de Salomon pour d\u00e9partager deux femmes qui se disputaient un enfant pour n\u2019en citer que certains. J\u00e9sus lui-m\u00eame jugera s\u00e9v\u00e8rement ses contemporains, notamment celles et ceux qui refuseront de croire apr\u00e8s avoir vu les signes qu\u2019il op\u00e9rait. Les condamnant m\u00eame parfois.<\/span><\/p>\n<p class=\"western\" align=\"justify\"><span style=\"background: transparent;\">Alors oui, l\u2019image d\u2019un Dieu juge semble coller au personnage divin. Cela dit, on ne pourrait le limiter \u00e0 cela. On l\u2019a vu pr\u00e9c\u00e9demment, Dieu est aussi celui qui va aller au-del\u00e0 de la loi, au-del\u00e0 du raisonnable.<\/span><\/p>\n<p class=\"western\" align=\"justify\"><span style=\"background: transparent;\">Aussi pourrions-nous dire que Dieu est un juge mis\u00e9ricordieux\u00a0! C\u2019est paradoxal me direz-vous\u2026 mais avec Dieu, il faut \u00eatre pr\u00eat \u00e0 tout\u00a0!<\/span><\/p>\n<p>[\/et_pb_text][\/et_pb_column][et_pb_column type=\u00a0\u00bb1_2&Prime; _builder_version=\u00a0\u00bb4.11.1&Prime; _module_preset=\u00a0\u00bbdefault\u00a0\u00bb global_colors_info=\u00a0\u00bb{}\u00a0\u00bb][et_pb_image src=\u00a0\u00bbhttps:\/\/retraites.prieenchemin.org\/que-je-voie-ton-visage\/wp-content\/uploads\/sites\/12\/2022\/03\/j5.png\u00a0\u00bb title_text=\u00a0\u00bbj5&Prime; _builder_version=\u00a0\u00bb4.11.1&Prime; _module_preset=\u00a0\u00bbdefault\u00a0\u00bb global_colors_info=\u00a0\u00bb{}\u00a0\u00bb][\/et_pb_image][et_pb_button button_url=\u00a0\u00bbhttps:\/\/retraites.prieenchemin.org\/que-je-voie-ton-visage\/wp-content\/uploads\/sites\/12\/2022\/05\/Jour-5-Dieu-juge-ou-misericordieux-Retraite-Que-je-voie-ton-visage-Prie-en-Chemin.pdf\u00a0\u00bb button_text=\u00a0\u00bbT\u00e9l\u00e9charger le PDF\u00a0\u00bb button_alignment=\u00a0\u00bbcenter\u00a0\u00bb _builder_version=\u00a0\u00bb4.11.1&Prime; _module_preset=\u00a0\u00bbdefault\u00a0\u00bb custom_button=\u00a0\u00bbon\u00a0\u00bb button_text_color=\u00a0\u00bb#FFFFFF\u00a0\u00bb button_bg_color=\u00a0\u00bb#002d43&Prime; button_border_color=\u00a0\u00bbRGBA(0,0,0,0)\u00a0\u00bb custom_padding=\u00a0\u00bb5px|50px||50px|false|false\u00a0\u00bb hover_enabled=\u00a0\u00bb0&Prime; global_colors_info=\u00a0\u00bb{}\u00a0\u00bb sticky_enabled=\u00a0\u00bb0&Prime;][\/et_pb_button][\/et_pb_column][\/et_pb_row][\/et_pb_section][et_pb_section fb_built=\u00a0\u00bb1&Prime; prev_background_color=\u00a0\u00bb#ffffff\u00a0\u00bb next_background_color=\u00a0\u00bb#ffffff\u00a0\u00bb admin_label=\u00a0\u00bbVid\u00e9o1&Prime; _builder_version=\u00a0\u00bb4.11.1&Prime; _module_preset=\u00a0\u00bbdefault\u00a0\u00bb background_color=\u00a0\u00bbrgba(255,199,132,0.15)\u00a0\u00bb min_height=\u00a0\u00bb602.7px\u00a0\u00bb custom_padding=\u00a0\u00bb77px||||false|false\u00a0\u00bb top_divider_style=\u00a0\u00bbmountains\u00a0\u00bb top_divider_height=\u00a0\u00bb87px\u00a0\u00bb top_divider_repeat=\u00a0\u00bb1x\u00a0\u00bb bottom_divider_style=\u00a0\u00bbslant2&Prime; global_colors_info=\u00a0\u00bb{}\u00a0\u00bb][et_pb_row _builder_version=\u00a0\u00bb4.11.1&Prime; _module_preset=\u00a0\u00bbdefault\u00a0\u00bb width=\u00a0\u00bb61%\u00a0\u00bb link_option_url=\u00a0\u00bbhttps:\/\/retraites.prieenchemin.org\/careme2022\/wp-content\/uploads\/sites\/12\/2022\/02\/Prie-en-Chemin-Retraite-de-Careme-2022-message0-v2.pdf\u00a0\u00bb global_colors_info=\u00a0\u00bb{}\u00a0\u00bb][et_pb_column type=\u00a0\u00bb4_4&Prime; _builder_version=\u00a0\u00bb4.11.1&Prime; _module_preset=\u00a0\u00bbdefault\u00a0\u00bb global_colors_info=\u00a0\u00bb{}\u00a0\u00bb][et_pb_text _builder_version=\u00a0\u00bb4.11.1&Prime; _module_preset=\u00a0\u00bbdefault\u00a0\u00bb global_colors_info=\u00a0\u00bb{}\u00a0\u00bb]<\/p>\n<h1>Les propositions<\/h1>\n<p>Voici 4 propositions pour d\u00e9couvrir et d\u00e9velopper ces images de Dieu. Tous ces supports sont ind\u00e9pendants, vous pouvez choisir de suivre la ou les propositions qui vous parlent le plus selon le temps dont vous disposez et vos envies. Cliquez sur les ic\u00f4nes pour acc\u00e9der au contenu.<\/p>\n<p>&nbsp;<\/p>\n<p>[\/et_pb_text][\/et_pb_column][\/et_pb_row][et_pb_row column_structure=\u00a0\u00bb1_4,1_4,1_4,1_4&Prime; _builder_version=\u00a0\u00bb4.11.1&Prime; _module_preset=\u00a0\u00bbdefault\u00a0\u00bb custom_padding=\u00a0\u00bb||80px||false|false\u00a0\u00bb global_colors_info=\u00a0\u00bb{}\u00a0\u00bb][et_pb_column type=\u00a0\u00bb1_4&Prime; _builder_version=\u00a0\u00bb4.11.1&Prime; _module_preset=\u00a0\u00bbdefault\u00a0\u00bb global_colors_info=\u00a0\u00bb{}\u00a0\u00bb][et_pb_image src=\u00a0\u00bbhttps:\/\/retraites.prieenchemin.org\/que-je-voie-ton-visage\/wp-content\/uploads\/sites\/12\/2022\/04\/mediter2.png\u00a0\u00bb title_text=\u00a0\u00bbM\u00e9diter2&Prime; url=\u00a0\u00bb@ET-DC@eyJkeW5hbWljIjp0cnVlLCJjb250ZW50IjoicG9zdF9saW5rX3VybF9wb3N0Iiwic2V0dGluZ3MiOnsicG9zdF9pZCI6IjE2MjcifX0=@\u00a0\u00bb _builder_version=\u00a0\u00bb4.11.1&Prime; _dynamic_attributes=\u00a0\u00bburl\u00a0\u00bb _module_preset=\u00a0\u00bbdefault\u00a0\u00bb hover_enabled=\u00a0\u00bb0&Prime; global_colors_info=\u00a0\u00bb{}\u00a0\u00bb sticky_enabled=\u00a0\u00bb0&Prime;][\/et_pb_image][et_pb_text _builder_version=\u00a0\u00bb4.11.1&Prime; _module_preset=\u00a0\u00bbdefault\u00a0\u00bb global_colors_info=\u00a0\u00bb{}\u00a0\u00bb]<\/p>\n<p style=\"text-align: center;\"><strong>M\u00e9diter<\/strong> avec Dieu juge, dans l&rsquo;arche de No\u00e9<\/p>\n<p>[\/et_pb_text][\/et_pb_column][et_pb_column type=\u00a0\u00bb1_4&Prime; _builder_version=\u00a0\u00bb4.11.1&Prime; _module_preset=\u00a0\u00bbdefault\u00a0\u00bb global_colors_info=\u00a0\u00bb{}\u00a0\u00bb][et_pb_image src=\u00a0\u00bbhttps:\/\/retraites.prieenchemin.org\/que-je-voie-ton-visage\/wp-content\/uploads\/sites\/12\/2022\/04\/contempler-1.png\u00a0\u00bb title_text=\u00a0\u00bbContempler\u00a0\u00bb url=\u00a0\u00bb@ET-DC@eyJkeW5hbWljIjp0cnVlLCJjb250ZW50IjoicG9zdF9saW5rX3VybF9wb3N0Iiwic2V0dGluZ3MiOnsicG9zdF9pZCI6IjE2MjgifX0=@\u00a0\u00bb _builder_version=\u00a0\u00bb4.11.1&Prime; _dynamic_attributes=\u00a0\u00bburl\u00a0\u00bb _module_preset=\u00a0\u00bbdefault\u00a0\u00bb hover_enabled=\u00a0\u00bb0&Prime; global_colors_info=\u00a0\u00bb{}\u00a0\u00bb sticky_enabled=\u00a0\u00bb0&Prime;][\/et_pb_image][et_pb_text _builder_version=\u00a0\u00bb4.11.1&Prime; _module_preset=\u00a0\u00bbdefault\u00a0\u00bb custom_margin=\u00a0\u00bb|2px||||\u00a0\u00bb global_colors_info=\u00a0\u00bb{}\u00a0\u00bb]<\/p>\n<p style=\"text-align: center;\"><strong>Contempler<\/strong> les vitraux de Chartres : le bon samaritain<span style=\"font-size: medium;\"><\/span><\/p>\n<p>[\/et_pb_text][\/et_pb_column][et_pb_column type=\u00a0\u00bb1_4&Prime; _builder_version=\u00a0\u00bb4.11.1&Prime; _module_preset=\u00a0\u00bbdefault\u00a0\u00bb global_colors_info=\u00a0\u00bb{}\u00a0\u00bb][et_pb_image src=\u00a0\u00bbhttps:\/\/retraites.prieenchemin.org\/que-je-voie-ton-visage\/wp-content\/uploads\/sites\/12\/2022\/04\/mediter-1.png\u00a0\u00bb title_text=\u00a0\u00bbM\u00e9diter\u00a0\u00bb url=\u00a0\u00bb@ET-DC@eyJkeW5hbWljIjp0cnVlLCJjb250ZW50IjoicG9zdF9saW5rX3VybF9wb3N0Iiwic2V0dGluZ3MiOnsicG9zdF9pZCI6IjE2MzAifX0=@\u00a0\u00bb _builder_version=\u00a0\u00bb4.11.1&Prime; _dynamic_attributes=\u00a0\u00bburl\u00a0\u00bb _module_preset=\u00a0\u00bbdefault\u00a0\u00bb hover_enabled=\u00a0\u00bb0&Prime; global_colors_info=\u00a0\u00bb{}\u00a0\u00bb sticky_enabled=\u00a0\u00bb0&Prime;][\/et_pb_image][et_pb_text _builder_version=\u00a0\u00bb4.11.1&Prime; _module_preset=\u00a0\u00bbdefault\u00a0\u00bb global_colors_info=\u00a0\u00bb{}\u00a0\u00bb]<\/p>\n<p style=\"text-align: center;\"><strong>M\u00e9diter<\/strong> avec Dieu mis\u00e9ricordieux<\/p>\n<p>[\/et_pb_text][\/et_pb_column][et_pb_column type=\u00a0\u00bb1_4&Prime; _builder_version=\u00a0\u00bb4.11.1&Prime; _module_preset=\u00a0\u00bbdefault\u00a0\u00bb global_colors_info=\u00a0\u00bb{}\u00a0\u00bb][et_pb_image src=\u00a0\u00bbhttps:\/\/retraites.prieenchemin.org\/que-je-voie-ton-visage\/wp-content\/uploads\/sites\/12\/2022\/04\/decouvrir-1.png\u00a0\u00bb title_text=\u00a0\u00bbD\u00e9couvrir\u00a0\u00bb url=\u00a0\u00bb@ET-DC@eyJkeW5hbWljIjp0cnVlLCJjb250ZW50IjoicG9zdF9saW5rX3VybF9wb3N0Iiwic2V0dGluZ3MiOnsicG9zdF9pZCI6IjE2MzEifX0=@\u00a0\u00bb align=\u00a0\u00bbcenter\u00a0\u00bb _builder_version=\u00a0\u00bb4.11.1&Prime; _dynamic_attributes=\u00a0\u00bburl\u00a0\u00bb _module_preset=\u00a0\u00bbdefault\u00a0\u00bb min_height=\u00a0\u00bb100px\u00a0\u00bb height=\u00a0\u00bb213px\u00a0\u00bb hover_enabled=\u00a0\u00bb0&Prime; global_colors_info=\u00a0\u00bb{}\u00a0\u00bb sticky_enabled=\u00a0\u00bb0&Prime;][\/et_pb_image][et_pb_text _builder_version=\u00a0\u00bb4.11.1&Prime; _module_preset=\u00a0\u00bbdefault\u00a0\u00bb global_colors_info=\u00a0\u00bb{}\u00a0\u00bb]<\/p>\n<p style=\"text-align: center;\"><span style=\"background: transparent;\">En musique : \u00ab\u00a0Tu peux compter sur moi\u00a0\u00bb !<br \/><\/span><\/p>\n<p>[\/et_pb_text][\/et_pb_column][\/et_pb_row][\/et_pb_section][et_pb_section fb_built=\u00a0\u00bb1&Prime; _builder_version=\u00a0\u00bb4.11.1&Prime; _module_preset=\u00a0\u00bbdefault\u00a0\u00bb global_colors_info=\u00a0\u00bb{}\u00a0\u00bb][et_pb_row column_structure=\u00a0\u00bb1_2,1_2&Prime; _builder_version=\u00a0\u00bb4.11.1&Prime; _module_preset=\u00a0\u00bbdefault\u00a0\u00bb global_colors_info=\u00a0\u00bb{}\u00a0\u00bb][et_pb_column type=\u00a0\u00bb1_2&Prime; _builder_version=\u00a0\u00bb4.11.1&Prime; _module_preset=\u00a0\u00bbdefault\u00a0\u00bb global_colors_info=\u00a0\u00bb{}\u00a0\u00bb][et_pb_text _builder_version=\u00a0\u00bb4.11.1&Prime; _module_preset=\u00a0\u00bbdefault\u00a0\u00bb global_colors_info=\u00a0\u00bb{}\u00a0\u00bb]<\/p>\n<h1>Pour aller plus loin <\/h1>\n<p>[\/et_pb_text][et_pb_button button_url=\u00a0\u00bbhttps:\/\/retraites.prieenchemin.org\/que-je-voie-ton-visage\/mur-de-prieres\/\u00a0\u00bb button_text=\u00a0\u00bbAcc\u00e9der au mur de pri\u00e8re\u00a0\u00bb button_alignment=\u00a0\u00bbleft\u00a0\u00bb _builder_version=\u00a0\u00bb4.11.1&Prime; _module_preset=\u00a0\u00bbdefault\u00a0\u00bb custom_button=\u00a0\u00bbon\u00a0\u00bb button_text_color=\u00a0\u00bb#FFFFFF\u00a0\u00bb button_bg_color=\u00a0\u00bb#002d43&Prime; button_border_width=\u00a0\u00bb0px\u00a0\u00bb custom_padding=\u00a0\u00bb5px|50px||50px|false|false\u00a0\u00bb global_colors_info=\u00a0\u00bb{}\u00a0\u00bb][\/et_pb_button][et_pb_button button_url=\u00a0\u00bbhttps:\/\/retraites.prieenchemin.org\/que-je-voie-ton-visage\/wp-content\/uploads\/sites\/12\/2022\/05\/Jour-5-Dieu-juge-ou-misericordieux-Retraite-Que-je-voie-ton-visage-Prie-en-Chemin.pdf\u00a0\u00bb button_text=\u00a0\u00bbT\u00e9l\u00e9charger le PDF\u00a0\u00bb button_alignment=\u00a0\u00bbleft\u00a0\u00bb _builder_version=\u00a0\u00bb4.11.1&Prime; _module_preset=\u00a0\u00bbdefault\u00a0\u00bb custom_button=\u00a0\u00bbon\u00a0\u00bb button_text_color=\u00a0\u00bb#FFFFFF\u00a0\u00bb button_bg_color=\u00a0\u00bb#002d43&Prime; button_border_color=\u00a0\u00bbRGBA(0,0,0,0)\u00a0\u00bb custom_padding=\u00a0\u00bb5px|50px||50px|false|false\u00a0\u00bb hover_enabled=\u00a0\u00bb0&Prime; global_colors_info=\u00a0\u00bb{}\u00a0\u00bb sticky_enabled=\u00a0\u00bb0&Prime;][\/et_pb_button][\/et_pb_column][et_pb_column type=\u00a0\u00bb1_2&Prime; _builder_version=\u00a0\u00bb4.11.1&Prime; _module_preset=\u00a0\u00bbdefault\u00a0\u00bb global_colors_info=\u00a0\u00bb{}\u00a0\u00bb][et_pb_image src=\u00a0\u00bbhttps:\/\/retraites.prieenchemin.org\/que-je-voie-ton-visage\/wp-content\/uploads\/sites\/12\/2022\/02\/vs3.png\u00a0\u00bb title_text=\u00a0\u00bbvs3&Prime; _builder_version=\u00a0\u00bb4.11.1&Prime; _module_preset=\u00a0\u00bbdefault\u00a0\u00bb global_colors_info=\u00a0\u00bb{}\u00a0\u00bb][\/et_pb_image][\/et_pb_column][\/et_pb_row][\/et_pb_section]<\/p>\n","protected":false},"excerpt":{"rendered":"<p>Signe que la Bible est tiss\u00e9e d\u2019histoires humaines, trop humaines parfois, la notion de jugement revient souvent. Jugement suite au p\u00e9ch\u00e9 d\u2019Adam et Eve. Jugement avec la tour de Babel. Jugement avec l\u2019arche de No\u00e9. Jugement dans le d\u00e9sert avec Mo\u00efse et le peuple h\u00e9breu. Jugement de Salomon pour d\u00e9partager deux femmes qui se disputaient [&hellip;]<\/p>\n","protected":false},"author":6,"featured_media":1957,"comment_status":"closed","ping_status":"closed","sticky":false,"template":"","format":"standard","meta":{"_et_pb_use_builder":"on","_et_pb_old_content":"<!-- wp:heading -->\n<h2>Le topo du jour : une jambe fracass\u00e9e<\/h2>\n<!-- \/wp:heading -->\n\n<!-- wp:embed {\"url\":\"https:\/\/youtu.be\/h58AN0-njzk\",\"type\":\"video\",\"providerNameSlug\":\"youtube\",\"responsive\":true,\"className\":\"wp-embed-aspect-16-9 wp-has-aspect-ratio\"} -->\n<figure class=\"wp-block-embed is-type-video is-provider-youtube wp-block-embed-youtube wp-embed-aspect-16-9 wp-has-aspect-ratio\"><div class=\"wp-block-embed__wrapper\">\nhttps:\/\/youtu.be\/h58AN0-njzk\n<\/div><\/figure>\n<!-- \/wp:embed -->\n\n<!-- wp:separator {\"color\":\"luminous-vivid-orange\",\"className\":\"is-style-wide\"} -->\n<hr class=\"wp-block-separator has-text-color has-background has-luminous-vivid-orange-background-color has-luminous-vivid-orange-color is-style-wide\"\/>\n<!-- \/wp:separator -->\n\n<!-- wp:group {\"style\":{\"color\":{\"background\":\"#fcf08d\"}}} -->\n<div class=\"wp-block-group has-background\" style=\"background-color:#fcf08d\"><div class=\"wp-block-group__inner-container\"><!-- wp:heading -->\n<h2>La m\u00e9ditation guid\u00e9e du jour : L'Ascension<\/h2>\n<!-- \/wp:heading -->\n\n<!-- wp:audio -->\n<figure class=\"wp-block-audio\"><audio controls src=\"https:\/\/prieenchemin.rezando.org\/file?pray=3331\"><\/audio><\/figure>\n<!-- \/wp:audio --><\/div><\/div>\n<!-- \/wp:group -->\n\n<!-- wp:separator {\"color\":\"luminous-vivid-orange\",\"className\":\"is-style-wide\"} -->\n<hr class=\"wp-block-separator has-text-color has-background has-luminous-vivid-orange-background-color has-luminous-vivid-orange-color is-style-wide\"\/>\n<!-- \/wp:separator -->\n\n<!-- wp:heading -->\n<h2>Le t\u00e9moignage du jour : Le genou de Bruno<\/h2>\n<!-- \/wp:heading -->\n\n<!-- wp:embed {\"url\":\"https:\/\/youtu.be\/h58AN0-njzk\",\"type\":\"video\",\"providerNameSlug\":\"youtube\",\"responsive\":true,\"className\":\"wp-embed-aspect-16-9 wp-has-aspect-ratio\"} -->\n<figure class=\"wp-block-embed is-type-video is-provider-youtube wp-block-embed-youtube wp-embed-aspect-16-9 wp-has-aspect-ratio\"><div class=\"wp-block-embed__wrapper\">\nhttps:\/\/youtu.be\/h58AN0-njzk\n<\/div><\/figure>\n<!-- \/wp:embed -->","_et_gb_content_width":"2880","_monsterinsights_skip_tracking":false,"_monsterinsights_sitenote_active":false,"_monsterinsights_sitenote_note":"","_monsterinsights_sitenote_category":0},"categories":[38],"tags":[],"yoast_head":"<!-- This site is optimized with the Yoast SEO plugin v17.7 - https:\/\/yoast.com\/wordpress\/plugins\/seo\/ -->\n<title>5 - Dieu juge ou Dieu mis\u00e9ricorde ? - Que je voie ton visage<\/title>\n<meta name=\"robots\" content=\"index, follow, max-snippet:-1, max-image-preview:large, max-video-preview:-1\" \/>\n<link rel=\"canonical\" href=\"https:\/\/retraites.prieenchemin.org\/que-je-voie-ton-visage\/etape-5\/\" \/>\n<meta property=\"og:locale\" content=\"fr_FR\" \/>\n<meta property=\"og:type\" content=\"article\" \/>\n<meta property=\"og:title\" content=\"5 - Dieu juge ou Dieu mis\u00e9ricorde ? - Que je voie ton visage\" \/>\n<meta property=\"og:description\" content=\"Signe que la Bible est tiss\u00e9e d\u2019histoires humaines, trop humaines parfois, la notion de jugement revient souvent. Jugement suite au p\u00e9ch\u00e9 d\u2019Adam et Eve. Jugement avec la tour de Babel. Jugement avec l\u2019arche de No\u00e9. Jugement dans le d\u00e9sert avec Mo\u00efse et le peuple h\u00e9breu. Jugement de Salomon pour d\u00e9partager deux femmes qui se disputaient [&hellip;]\" \/>\n<meta property=\"og:url\" content=\"https:\/\/retraites.prieenchemin.org\/que-je-voie-ton-visage\/etape-5\/\" \/>\n<meta property=\"og:site_name\" content=\"Que je voie ton visage\" \/>\n<meta property=\"article:published_time\" content=\"2022-05-12T08:03:59+00:00\" \/>\n<meta property=\"article:modified_time\" content=\"2022-05-12T13:53:30+00:00\" \/>\n<meta property=\"og:image\" content=\"https:\/\/retraites.prieenchemin.org\/que-je-voie-ton-visage\/wp-content\/uploads\/sites\/12\/2022\/03\/j5.png\" \/>\n\t<meta property=\"og:image:width\" content=\"1590\" \/>\n\t<meta property=\"og:image:height\" content=\"994\" \/>\n<meta name=\"twitter:card\" content=\"summary_large_image\" \/>\n<script type=\"application\/ld+json\" class=\"yoast-schema-graph\">{\"@context\":\"https:\/\/schema.org\",\"@graph\":[{\"@type\":\"WebSite\",\"@id\":\"https:\/\/retraites.prieenchemin.org\/que-je-voie-ton-visage\/#website\",\"url\":\"https:\/\/retraites.prieenchemin.org\/que-je-voie-ton-visage\/\",\"name\":\"Que je voie ton visage\",\"description\":\"D\\u00e9poussi\\u00e9rons nos images de Dieu !\",\"potentialAction\":[{\"@type\":\"SearchAction\",\"target\":{\"@type\":\"EntryPoint\",\"urlTemplate\":\"https:\/\/retraites.prieenchemin.org\/que-je-voie-ton-visage\/?s={search_term_string}\"},\"query-input\":\"required name=search_term_string\"}],\"inLanguage\":\"fr-FR\"},{\"@type\":\"ImageObject\",\"@id\":\"https:\/\/retraites.prieenchemin.org\/que-je-voie-ton-visage\/etape-5\/#primaryimage\",\"inLanguage\":\"fr-FR\",\"url\":\"https:\/\/retraites.prieenchemin.org\/que-je-voie-ton-visage\/wp-content\/uploads\/sites\/12\/2022\/03\/j5.png\",\"contentUrl\":\"https:\/\/retraites.prieenchemin.org\/que-je-voie-ton-visage\/wp-content\/uploads\/sites\/12\/2022\/03\/j5.png\",\"width\":1590,\"height\":994},{\"@type\":\"WebPage\",\"@id\":\"https:\/\/retraites.prieenchemin.org\/que-je-voie-ton-visage\/etape-5\/#webpage\",\"url\":\"https:\/\/retraites.prieenchemin.org\/que-je-voie-ton-visage\/etape-5\/\",\"name\":\"5 - Dieu juge ou Dieu mis\\u00e9ricorde ? - Que je voie ton visage\",\"isPartOf\":{\"@id\":\"https:\/\/retraites.prieenchemin.org\/que-je-voie-ton-visage\/#website\"},\"primaryImageOfPage\":{\"@id\":\"https:\/\/retraites.prieenchemin.org\/que-je-voie-ton-visage\/etape-5\/#primaryimage\"},\"datePublished\":\"2022-05-12T08:03:59+00:00\",\"dateModified\":\"2022-05-12T13:53:30+00:00\",\"author\":{\"@id\":\"https:\/\/retraites.prieenchemin.org\/que-je-voie-ton-visage\/#\/schema\/person\/b4ff3a09b3e89852cadf994ef1bb5ee3\"},\"breadcrumb\":{\"@id\":\"https:\/\/retraites.prieenchemin.org\/que-je-voie-ton-visage\/etape-5\/#breadcrumb\"},\"inLanguage\":\"fr-FR\",\"potentialAction\":[{\"@type\":\"ReadAction\",\"target\":[\"https:\/\/retraites.prieenchemin.org\/que-je-voie-ton-visage\/etape-5\/\"]}]},{\"@type\":\"BreadcrumbList\",\"@id\":\"https:\/\/retraites.prieenchemin.org\/que-je-voie-ton-visage\/etape-5\/#breadcrumb\",\"itemListElement\":[{\"@type\":\"ListItem\",\"position\":1,\"name\":\"Accueil\",\"item\":\"https:\/\/retraites.prieenchemin.org\/que-je-voie-ton-visage\/\"},{\"@type\":\"ListItem\",\"position\":2,\"name\":\"5 &#8211; Dieu juge ou Dieu mis\\u00e9ricorde ?\"}]},{\"@type\":\"Person\",\"@id\":\"https:\/\/retraites.prieenchemin.org\/que-je-voie-ton-visage\/#\/schema\/person\/b4ff3a09b3e89852cadf994ef1bb5ee3\",\"name\":\"mathilde\",\"image\":{\"@type\":\"ImageObject\",\"@id\":\"https:\/\/retraites.prieenchemin.org\/que-je-voie-ton-visage\/#personlogo\",\"inLanguage\":\"fr-FR\",\"url\":\"https:\/\/secure.gravatar.com\/avatar\/9995d7d50392a2a05ced7d202cd42f66?s=96&d=mm&r=g\",\"contentUrl\":\"https:\/\/secure.gravatar.com\/avatar\/9995d7d50392a2a05ced7d202cd42f66?s=96&d=mm&r=g\",\"caption\":\"mathilde\"},\"url\":\"https:\/\/retraites.prieenchemin.org\/que-je-voie-ton-visage\/author\/mathilde\/\"}]}<\/script>\n<!-- \/ Yoast SEO plugin. -->","yoast_head_json":{"title":"5 - Dieu juge ou Dieu mis\u00e9ricorde ? - Que je voie ton visage","robots":{"index":"index","follow":"follow","max-snippet":"max-snippet:-1","max-image-preview":"max-image-preview:large","max-video-preview":"max-video-preview:-1"},"canonical":"https:\/\/retraites.prieenchemin.org\/que-je-voie-ton-visage\/etape-5\/","og_locale":"fr_FR","og_type":"article","og_title":"5 - Dieu juge ou Dieu mis\u00e9ricorde ? - Que je voie ton visage","og_description":"Signe que la Bible est tiss\u00e9e d\u2019histoires humaines, trop humaines parfois, la notion de jugement revient souvent. Jugement suite au p\u00e9ch\u00e9 d\u2019Adam et Eve. Jugement avec la tour de Babel. Jugement avec l\u2019arche de No\u00e9. Jugement dans le d\u00e9sert avec Mo\u00efse et le peuple h\u00e9breu. Jugement de Salomon pour d\u00e9partager deux femmes qui se disputaient [&hellip;]","og_url":"https:\/\/retraites.prieenchemin.org\/que-je-voie-ton-visage\/etape-5\/","og_site_name":"Que je voie ton visage","article_published_time":"2022-05-12T08:03:59+00:00","article_modified_time":"2022-05-12T13:53:30+00:00","og_image":[{"width":1590,"height":994,"url":"https:\/\/retraites.prieenchemin.org\/que-je-voie-ton-visage\/wp-content\/uploads\/sites\/12\/2022\/03\/j5.png","type":"image\/png"}],"twitter_card":"summary_large_image","schema":{"@context":"https:\/\/schema.org","@graph":[{"@type":"WebSite","@id":"https:\/\/retraites.prieenchemin.org\/que-je-voie-ton-visage\/#website","url":"https:\/\/retraites.prieenchemin.org\/que-je-voie-ton-visage\/","name":"Que je voie ton visage","description":"D\u00e9poussi\u00e9rons nos images de Dieu !","potentialAction":[{"@type":"SearchAction","target":{"@type":"EntryPoint","urlTemplate":"https:\/\/retraites.prieenchemin.org\/que-je-voie-ton-visage\/?s={search_term_string}"},"query-input":"required name=search_term_string"}],"inLanguage":"fr-FR"},{"@type":"ImageObject","@id":"https:\/\/retraites.prieenchemin.org\/que-je-voie-ton-visage\/etape-5\/#primaryimage","inLanguage":"fr-FR","url":"https:\/\/retraites.prieenchemin.org\/que-je-voie-ton-visage\/wp-content\/uploads\/sites\/12\/2022\/03\/j5.png","contentUrl":"https:\/\/retraites.prieenchemin.org\/que-je-voie-ton-visage\/wp-content\/uploads\/sites\/12\/2022\/03\/j5.png","width":1590,"height":994},{"@type":"WebPage","@id":"https:\/\/retraites.prieenchemin.org\/que-je-voie-ton-visage\/etape-5\/#webpage","url":"https:\/\/retraites.prieenchemin.org\/que-je-voie-ton-visage\/etape-5\/","name":"5 - Dieu juge ou Dieu mis\u00e9ricorde ? - Que je voie ton visage","isPartOf":{"@id":"https:\/\/retraites.prieenchemin.org\/que-je-voie-ton-visage\/#website"},"primaryImageOfPage":{"@id":"https:\/\/retraites.prieenchemin.org\/que-je-voie-ton-visage\/etape-5\/#primaryimage"},"datePublished":"2022-05-12T08:03:59+00:00","dateModified":"2022-05-12T13:53:30+00:00","author":{"@id":"https:\/\/retraites.prieenchemin.org\/que-je-voie-ton-visage\/#\/schema\/person\/b4ff3a09b3e89852cadf994ef1bb5ee3"},"breadcrumb":{"@id":"https:\/\/retraites.prieenchemin.org\/que-je-voie-ton-visage\/etape-5\/#breadcrumb"},"inLanguage":"fr-FR","potentialAction":[{"@type":"ReadAction","target":["https:\/\/retraites.prieenchemin.org\/que-je-voie-ton-visage\/etape-5\/"]}]},{"@type":"BreadcrumbList","@id":"https:\/\/retraites.prieenchemin.org\/que-je-voie-ton-visage\/etape-5\/#breadcrumb","itemListElement":[{"@type":"ListItem","position":1,"name":"Accueil","item":"https:\/\/retraites.prieenchemin.org\/que-je-voie-ton-visage\/"},{"@type":"ListItem","position":2,"name":"5 &#8211; Dieu juge ou Dieu mis\u00e9ricorde ?"}]},{"@type":"Person","@id":"https:\/\/retraites.prieenchemin.org\/que-je-voie-ton-visage\/#\/schema\/person\/b4ff3a09b3e89852cadf994ef1bb5ee3","name":"mathilde","image":{"@type":"ImageObject","@id":"https:\/\/retraites.prieenchemin.org\/que-je-voie-ton-visage\/#personlogo","inLanguage":"fr-FR","url":"https:\/\/secure.gravatar.com\/avatar\/9995d7d50392a2a05ced7d202cd42f66?s=96&d=mm&r=g","contentUrl":"https:\/\/secure.gravatar.com\/avatar\/9995d7d50392a2a05ced7d202cd42f66?s=96&d=mm&r=g","caption":"mathilde"},"url":"https:\/\/retraites.prieenchemin.org\/que-je-voie-ton-visage\/author\/mathilde\/"}]}},"_links":{"self":[{"href":"https:\/\/retraites.prieenchemin.org\/que-je-voie-ton-visage\/wp-json\/wp\/v2\/posts\/2017"}],"collection":[{"href":"https:\/\/retraites.prieenchemin.org\/que-je-voie-ton-visage\/wp-json\/wp\/v2\/posts"}],"about":[{"href":"https:\/\/retraites.prieenchemin.org\/que-je-voie-ton-visage\/wp-json\/wp\/v2\/types\/post"}],"author":[{"embeddable":true,"href":"https:\/\/retraites.prieenchemin.org\/que-je-voie-ton-visage\/wp-json\/wp\/v2\/users\/6"}],"replies":[{"embeddable":true,"href":"https:\/\/retraites.prieenchemin.org\/que-je-voie-ton-visage\/wp-json\/wp\/v2\/comments?post=2017"}],"version-history":[{"count":0,"href":"https:\/\/retraites.prieenchemin.org\/que-je-voie-ton-visage\/wp-json\/wp\/v2\/posts\/2017\/revisions"}],"wp:featuredmedia":[{"embeddable":true,"href":"https:\/\/retraites.prieenchemin.org\/que-je-voie-ton-visage\/wp-json\/wp\/v2\/media\/1957"}],"wp:attachment":[{"href":"https:\/\/retraites.prieenchemin.org\/que-je-voie-ton-visage\/wp-json\/wp\/v2\/media?parent=2017"}],"wp:term":[{"taxonomy":"category","embeddable":true,"href":"https:\/\/retraites.prieenchemin.org\/que-je-voie-ton-visage\/wp-json\/wp\/v2\/categories?post=2017"},{"taxonomy":"post_tag","embeddable":true,"href":"https:\/\/retraites.prieenchemin.org\/que-je-voie-ton-visage\/wp-json\/wp\/v2\/tags?post=2017"}],"curies":[{"name":"wp","href":"https:\/\/api.w.org\/{rel}","templated":true}]}}