{"id":1792,"date":"2022-04-08T14:14:03","date_gmt":"2022-04-08T12:14:03","guid":{"rendered":"https:\/\/retraites.prieenchemin.org\/careme2022\/?p=1792"},"modified":"2022-05-12T16:43:43","modified_gmt":"2022-05-12T14:43:43","slug":"les-7-dernieres-paroles-du-christ-en-musique","status":"publish","type":"post","link":"https:\/\/retraites.prieenchemin.org\/que-je-voie-ton-visage\/les-7-dernieres-paroles-du-christ-en-musique\/","title":{"rendered":"Les 7 derni\u00e8res paroles du Christ en musique"},"content":{"rendered":"<p>[et_pb_section fb_built=\u00a0\u00bb1&Prime; _builder_version=\u00a0\u00bb4.11.1&Prime; _module_preset=\u00a0\u00bbdefault\u00a0\u00bb custom_padding=\u00a0\u00bb0px||0px|||\u00a0\u00bb global_colors_info=\u00a0\u00bb{}\u00a0\u00bb][et_pb_row _builder_version=\u00a0\u00bb4.11.1&Prime; _module_preset=\u00a0\u00bbdefault\u00a0\u00bb custom_margin=\u00a0\u00bb|auto|-40px|auto||\u00a0\u00bb custom_padding=\u00a0\u00bb||28px|||\u00a0\u00bb global_colors_info=\u00a0\u00bb{}\u00a0\u00bb][et_pb_column type=\u00a0\u00bb4_4&Prime; _builder_version=\u00a0\u00bb4.11.1&Prime; _module_preset=\u00a0\u00bbdefault\u00a0\u00bb global_colors_info=\u00a0\u00bb{}\u00a0\u00bb][et_pb_text _builder_version=\u00a0\u00bb4.11.1&Prime; _module_preset=\u00a0\u00bbdefault\u00a0\u00bb min_height=\u00a0\u00bb75px\u00a0\u00bb custom_padding=\u00a0\u00bb||24px|||\u00a0\u00bb global_colors_info=\u00a0\u00bb{}\u00a0\u00bb]<\/p>\n<p class=\"western\" align=\"left\"><i><b><span style=\"background: transparent;\">En ce vendredi saint, Gr\u00e9goire nous propose d\u2019\u00e9couter une interpr\u00e9tation contemporaine des \u00ab\u00a0sept derni\u00e8res paroles du Christ en Croix.\u00a0\u00bb <\/span><\/b><\/i><\/p>\n<p class=\"western\" align=\"left\"><i><b><span style=\"background: transparent;\"><span style=\"font-weight: normal;\">Il s\u2019agit d\u2019une s\u00e9rie de sept courtes phrases attribu\u00e9es \u00e0 J\u00e9sus en Croix. Elles sont tir\u00e9es des quatre \u00e9vangiles et ont conduit au d\u00e9veloppement d\u2019une spiritualit\u00e9 de la croix qui s\u2019exprima en de nombreux commentaires spirituels. Ce th\u00e8me a inspir\u00e9 de nombreux musiciens, comme Heinrich Sch\u00fctz, Pergol\u00e8se, Joseph Haydn ou Charles Gounot pour les plus connus. <\/span>En voici une version conemporaine \u00e9crite par Bernard SALLES, dont l\u2019enregistrement par l\u2019Orchestre Symphonique du Sud-Ouest date de 2013. Les paroles sont dites en Aram\u00e9en, et l\u2019essentiel est musical. <br \/><\/span><\/b><\/i><\/p>\n<p class=\"western\" align=\"left\"><i><span style=\"background: transparent;\"> I : P\u00e8re, pardonne-leur car ils ne savent pas ce qu&rsquo;ils font<br \/>II : En v\u00e9rit\u00e9, je te le dis, aujourd&rsquo;hui tu seras avec moi dans le paradis<br \/>III : Femme, voici ton fils. Voil\u00e0 ta m\u00e8re<br \/>IV : Mon Dieu, mon Dieu, pourquoi m&rsquo;as-tu abandonn\u00e9 ?<br \/>V : J&rsquo;ai soif<br \/>VI : Tout est achev\u00e9<br \/>VII : P\u00e8re, entre tes mains je remets mon esprit<\/span><\/i><\/p>\n<p class=\"western\" align=\"left\"><i><b><span style=\"background: transparent;\"><\/span><\/b><\/i><\/p>\n<p class=\"western\" align=\"left\"><i><b><span style=\"background: transparent;\"><\/span><\/b><\/i><\/p>\n<p class=\"western\" align=\"left\"><i><b><span style=\"background: transparent;\"><\/span><\/b><\/i><\/p>\n<p class=\"western\" align=\"left\"><i><span style=\"font-weight: normal;\"><span style=\"background: transparent;\"><\/span><\/span><\/i><\/p>\n<p style=\"background: transparent;\">\n<p>[\/et_pb_text][\/et_pb_column][\/et_pb_row][et_pb_row column_structure=\u00a0\u00bb1_2,1_2&Prime; _builder_version=\u00a0\u00bb4.11.1&Prime; _module_preset=\u00a0\u00bbdefault\u00a0\u00bb custom_padding=\u00a0\u00bb0px|||||\u00a0\u00bb global_colors_info=\u00a0\u00bb{}\u00a0\u00bb][et_pb_column type=\u00a0\u00bb1_2&Prime; _builder_version=\u00a0\u00bb4.11.1&Prime; _module_preset=\u00a0\u00bbdefault\u00a0\u00bb global_colors_info=\u00a0\u00bb{}\u00a0\u00bb][et_pb_text _builder_version=\u00a0\u00bb4.11.1&Prime; _module_preset=\u00a0\u00bbdefault\u00a0\u00bb global_colors_info=\u00a0\u00bb{}\u00a0\u00bb]<\/p>\n<h4><strong>Pr\u00e9sentation de l\u2019\u0153uvre par le compositeur\u00a0:<\/strong><\/h4>\n<p class=\"western\">Les paroles sont dites en aram\u00e9en, la langue du Christ. L&rsquo;orchestration reprend celle du Requiem de Mozart : 2 cors de basset, 2 bassons, 2 trompettes, 3 trombones, percussions et cordes La pi\u00e8ce comprend 7 mouvements correspondant aux 7 paroles prononc\u00e9es par le Christ sur la croix. Tous les mouvements sont lents et m\u00e9ditatifs, \u00e0 l&rsquo;exception du 2<sup>\u00e8me<\/sup> qui utilise un tempo rapide avec acc\u00e9l\u00e9ration.<\/p>\n<p>\u00ab\u00a0J&rsquo;ai essay\u00e9 de transcrire au moyen de la musique ce que je ressens \u00e0 la lecture de ces paroles et \u00e0 la vue du \u00ab\u00a0<b>D\u00e9vot Christ de Perpignan<\/b>\u00ab\u00a0. Cette sculpture, oh combien saisissante, a \u00e9t\u00e9 r\u00e9alis\u00e9e par un artiste anonyme au XIV<sup>\u00e8me<\/sup> si\u00e8cle. Elle nous montre de fa\u00e7on tr\u00e8s r\u00e9aliste, non pas un visage apais\u00e9, mais un homme dont tout le corps exhale la souffrance d&rsquo;un des pires supplices de l&rsquo;Antiquit\u00e9 qui lui est inflig\u00e9 : la crucifixion.\u00a0\u00bb<\/p>\n<p class=\"western\">Bernard SALLES.<\/p>\n<p>[\/et_pb_text][\/et_pb_column][et_pb_column type=\u00a0\u00bb1_2&Prime; _builder_version=\u00a0\u00bb4.11.1&Prime; _module_preset=\u00a0\u00bbdefault\u00a0\u00bb global_colors_info=\u00a0\u00bb{}\u00a0\u00bb][et_pb_image src=\u00a0\u00bbhttps:\/\/retraites.prieenchemin.org\/careme2022\/wp-content\/uploads\/sites\/12\/2022\/04\/devot-christ-perpignan.jpg\u00a0\u00bb title_text=\u00a0\u00bbdevot christ perpignan\u00a0\u00bb url=\u00a0\u00bbhttps:\/\/perpignan.catholique.fr\/meditation-et-priere-au-devot-christ-durant-la-semaine-sainte\/\u00a0\u00bb _builder_version=\u00a0\u00bb4.11.1&Prime; _module_preset=\u00a0\u00bbdefault\u00a0\u00bb global_colors_info=\u00a0\u00bb{}\u00a0\u00bb][\/et_pb_image][\/et_pb_column][\/et_pb_row][\/et_pb_section][et_pb_section fb_built=\u00a0\u00bb1&Prime; fullwidth=\u00a0\u00bbon\u00a0\u00bb _builder_version=\u00a0\u00bb4.11.1&Prime; _module_preset=\u00a0\u00bbdefault\u00a0\u00bb background_color=\u00a0\u00bbrgba(187,215,229,0.19)\u00a0\u00bb min_height=\u00a0\u00bb146px\u00a0\u00bb custom_margin=\u00a0\u00bb-7px||||false|false\u00a0\u00bb custom_padding=\u00a0\u00bb0px||0px||false|false\u00a0\u00bb top_divider_style=\u00a0\u00bbasymmetric\u00a0\u00bb top_divider_color=\u00a0\u00bb#FFFFFF\u00a0\u00bb global_colors_info=\u00a0\u00bb{}\u00a0\u00bb][\/et_pb_section][et_pb_section fb_built=\u00a0\u00bb1&Prime; next_background_color=\u00a0\u00bb#ffffff\u00a0\u00bb admin_label=\u00a0\u00bbVid\u00e9o1&Prime; _builder_version=\u00a0\u00bb4.11.1&Prime; _module_preset=\u00a0\u00bbdefault\u00a0\u00bb background_color=\u00a0\u00bbrgba(187,215,229,0.19)\u00a0\u00bb custom_padding=\u00a0\u00bb1px||95px|||\u00a0\u00bb bottom_divider_style=\u00a0\u00bbslant2&Prime; global_colors_info=\u00a0\u00bb{}\u00a0\u00bb][et_pb_row _builder_version=\u00a0\u00bb4.11.1&Prime; _module_preset=\u00a0\u00bbdefault\u00a0\u00bb global_colors_info=\u00a0\u00bb{}\u00a0\u00bb][et_pb_column type=\u00a0\u00bb4_4&Prime; _builder_version=\u00a0\u00bb4.11.1&Prime; _module_preset=\u00a0\u00bbdefault\u00a0\u00bb global_colors_info=\u00a0\u00bb{}\u00a0\u00bb][et_pb_text _builder_version=\u00a0\u00bb4.11.1&Prime; _module_preset=\u00a0\u00bbdefault\u00a0\u00bb global_colors_info=\u00a0\u00bb{}\u00a0\u00bb]<\/p>\n<h2 class=\"western\"><span style=\"background: transparent;\">Pr\u00e9paration<\/span><\/h2>\n<p class=\"western\" style=\"font-weight: normal;\" align=\"left\"><i><span style=\"background: transparent;\">Comme pour tout temps de pri\u00e8re, vous pouvez vous pr\u00e9parer en vous tournant vers Dieu, en lui demandant que son visage se r\u00e9v\u00e8le \u00e0 vous, pour mieux l\u2019aimer et le servir. Et de faire le geste le plus opportun pour d\u00e9buter ce temps de pri\u00e8re.<\/span><\/i><\/p>\n<p>[\/et_pb_text][\/et_pb_column][\/et_pb_row][et_pb_row column_structure=\u00a0\u00bb3_5,2_5&Prime; _builder_version=\u00a0\u00bb4.11.1&Prime; _module_preset=\u00a0\u00bbdefault\u00a0\u00bb global_colors_info=\u00a0\u00bb{}\u00a0\u00bb][et_pb_column type=\u00a0\u00bb3_5&Prime; _builder_version=\u00a0\u00bb4.11.1&Prime; _module_preset=\u00a0\u00bbdefault\u00a0\u00bb global_colors_info=\u00a0\u00bb{}\u00a0\u00bb][et_pb_text _builder_version=\u00a0\u00bb4.11.1&Prime; _module_preset=\u00a0\u00bbdefault\u00a0\u00bb global_colors_info=\u00a0\u00bb{}\u00a0\u00bb]<\/p>\n<p class=\"western\" style=\"font-style: normal; font-weight: normal;\" align=\"left\"><span style=\"background: transparent;\">La musique contemporaine n\u2019est pas toujours facile \u00e0 \u00e9couter pour nos oreilles. Une mani\u00e8re d\u2019y entrer est de <b>penser \u00e0 une peinture abstraite<\/b>. Elle est l\u00e0 pour nous procurer une \u00e9motion. Il en est de m\u00eame pour la musique contemporaine, qui n\u2019entre pas toujours dans les codes de la musique classique, des tons ou accords habituels.<\/span><\/p>\n<p class=\"western\" style=\"font-style: normal; font-weight: normal;\" align=\"left\"><span style=\"background: transparent;\">Chaque vid\u00e9o dure environ 10 minutes.<br \/>Vous pouvez :<\/span><\/p>\n<ul>\n<li>\n<p class=\"western\" align=\"left\"><span style=\"font-style: normal;\"><span style=\"font-weight: normal;\"><span style=\"background: transparent;\">En <\/span><\/span><\/span><span style=\"font-style: normal;\"><b><span style=\"background: transparent;\">choisir une ou deux<\/span><\/b><\/span><span style=\"font-style: normal;\"><span style=\"font-weight: normal;\"><span style=\"background: transparent;\">, selon la phrase qui vous rejoint le plus ce vendredi o\u00f9 nous accompagnons J\u00e9sus \u00e0 la Croix.<\/span><\/span><\/span><\/p>\n<\/li>\n<li>\n<p class=\"western\" align=\"left\"><span style=\"font-style: normal;\"><b><span style=\"background: transparent;\">L\u2019\u00e9couter en imaginant la sc\u00e8ne<\/span><\/b><\/span><span style=\"font-style: normal;\"><span style=\"font-weight: normal;\"><span style=\"background: transparent;\">, en vous laissant rejoindre par la musique. \u00c9couter les diff\u00e9rents instruments, les m\u00e9lodies, les r\u00e9ponses, les changements de rythmes\u2026 <\/span><\/span><\/span><\/p>\n<\/li>\n<li>\n<p class=\"western\" align=\"left\"><span style=\"font-style: normal;\"><span style=\"font-weight: normal;\"><span style=\"background: transparent;\">Puis, <\/span><\/span><\/span><span style=\"font-style: normal;\"><b><span style=\"background: transparent;\">prendre un temps pour confier \u00e0 Dieu ce que vous avez ressenti<\/span><\/b><\/span><span style=\"font-style: normal;\"><span style=\"font-weight: normal;\"><span style=\"background: transparent;\">\u00a0: douleur, indiff\u00e9rence, compassion, \u00e9tonnement&#8230;<\/span><\/span><\/span><\/p>\n<\/li>\n<\/ul>\n<p>&nbsp;<\/p>\n<p class=\"western\" style=\"font-style: normal;\" align=\"left\"><span style=\"background: transparent;\"><span style=\"font-weight: normal;\"><\/span><\/span><\/p>\n<p>[\/et_pb_text][\/et_pb_column][et_pb_column type=\u00a0\u00bb2_5&Prime; _builder_version=\u00a0\u00bb4.11.1&Prime; _module_preset=\u00a0\u00bbdefault\u00a0\u00bb global_colors_info=\u00a0\u00bb{}\u00a0\u00bb][et_pb_text _builder_version=\u00a0\u00bb4.11.1&Prime; _module_preset=\u00a0\u00bbdefault\u00a0\u00bb global_colors_info=\u00a0\u00bb{}\u00a0\u00bb]<\/p>\n<p class=\"western\" align=\"left\"><span style=\"font-style: normal;\"><span style=\"background: transparent;\">I : P\u00e8re, pardonne-leur car ils ne savent pas ce qu&rsquo;ils font<br \/>II : En v\u00e9rit\u00e9, je te le dis, aujourd&rsquo;hui tu seras avec moi dans le paradis <br \/><a href=\"https:\/\/youtu.be\/sM0Qe920wMM\">https:\/\/youtu.be\/sM0Qe920wMM<\/a> <\/span><\/span><\/p>\n<p class=\"western\" align=\"left\"><span style=\"font-style: normal;\"><span style=\"background: transparent;\">III : Femme, voici ton fils. Voil\u00e0 ta m\u00e8re <br \/><a href=\"https:\/\/youtu.be\/-J3oCpx4FgA\">https:\/\/youtu.be\/-J3oCpx4FgA<\/a><\/span><\/span><\/p>\n<p class=\"western\" align=\"left\"><span style=\"font-style: normal;\"><span style=\"background: transparent;\">IV : Mon Dieu, mon Dieu, pourquoi m&rsquo;as-tu abandonn\u00e9 ? <br \/><a href=\"https:\/\/youtu.be\/Irhe-r4-5Yk\">https:\/\/youtu.be\/Irhe-r4-5Yk<\/a> <\/span><\/span><\/p>\n<p class=\"western\" align=\"left\"><span style=\"font-style: normal;\"><span style=\"background: transparent;\">V : J&rsquo;ai soif <br \/>VI : Tout est achev\u00e9 <br \/><a href=\"https:\/\/youtu.be\/3mFx1h35gg0\">https:\/\/youtu.be\/3mFx1h35gg0<\/a><\/span><\/span><\/p>\n<p class=\"western\" align=\"left\"><span style=\"font-style: normal;\"><span style=\"background: transparent;\">VII : P\u00e8re, entre tes mains je remets mon esprit <br \/><a href=\"https:\/\/youtu.be\/KY5_INTx3jY\">https:\/\/youtu.be\/KY5_INTx3jY<\/a> <\/span><\/span><\/p>\n<p>[\/et_pb_text][\/et_pb_column][\/et_pb_row][\/et_pb_section][et_pb_section fb_built=\u00a0\u00bb1&Prime; _builder_version=\u00a0\u00bb4.11.1&Prime; _module_preset=\u00a0\u00bbdefault\u00a0\u00bb global_colors_info=\u00a0\u00bb{}\u00a0\u00bb][et_pb_row column_structure=\u00a0\u00bb1_2,1_2&Prime; _builder_version=\u00a0\u00bb4.11.1&Prime; _module_preset=\u00a0\u00bbdefault\u00a0\u00bb global_colors_info=\u00a0\u00bb{}\u00a0\u00bb][et_pb_column type=\u00a0\u00bb1_2&Prime; _builder_version=\u00a0\u00bb4.11.1&Prime; _module_preset=\u00a0\u00bbdefault\u00a0\u00bb global_colors_info=\u00a0\u00bb{}\u00a0\u00bb][et_pb_text _builder_version=\u00a0\u00bb4.11.1&Prime; _module_preset=\u00a0\u00bbdefault\u00a0\u00bb global_colors_info=\u00a0\u00bb{}\u00a0\u00bb]<\/p>\n<h1>Pour aller plus loin <\/h1>\n<p>[\/et_pb_text][et_pb_button button_url=\u00a0\u00bb@ET-DC@eyJkeW5hbWljIjp0cnVlLCJjb250ZW50IjoicG9zdF9saW5rX3VybF9wb3N0Iiwic2V0dGluZ3MiOnsicG9zdF9pZCI6IjIwMzUifX0=@\u00a0\u00bb button_text=\u00a0\u00bbVoir les autres propositions du jour\u00a0\u00bb button_alignment=\u00a0\u00bbleft\u00a0\u00bb _builder_version=\u00a0\u00bb4.11.1&Prime; _dynamic_attributes=\u00a0\u00bbbutton_url\u00a0\u00bb _module_preset=\u00a0\u00bbdefault\u00a0\u00bb custom_button=\u00a0\u00bbon\u00a0\u00bb button_text_color=\u00a0\u00bb#FFFFFF\u00a0\u00bb button_bg_color=\u00a0\u00bb#002d43&Prime; button_border_color=\u00a0\u00bbRGBA(0,0,0,0)\u00a0\u00bb custom_padding=\u00a0\u00bb5px|50px||50px|false|false\u00a0\u00bb hover_enabled=\u00a0\u00bb0&Prime; global_colors_info=\u00a0\u00bb{}\u00a0\u00bb sticky_enabled=\u00a0\u00bb0&Prime;][\/et_pb_button][et_pb_button button_url=\u00a0\u00bbhttps:\/\/retraites.prieenchemin.org\/que-je-voie-ton-visage\/mur-de-prieres\/\u00a0\u00bb button_text=\u00a0\u00bbAcc\u00e9der au mur de pri\u00e8re\u00a0\u00bb button_alignment=\u00a0\u00bbleft\u00a0\u00bb _builder_version=\u00a0\u00bb4.11.1&Prime; _module_preset=\u00a0\u00bbdefault\u00a0\u00bb custom_button=\u00a0\u00bbon\u00a0\u00bb button_text_color=\u00a0\u00bb#FFFFFF\u00a0\u00bb button_bg_color=\u00a0\u00bb#002d43&Prime; button_border_width=\u00a0\u00bb0px\u00a0\u00bb custom_padding=\u00a0\u00bb5px|50px||50px|false|false\u00a0\u00bb global_colors_info=\u00a0\u00bb{}\u00a0\u00bb][\/et_pb_button][et_pb_button button_url=\u00a0\u00bbhttps:\/\/retraites.prieenchemin.org\/que-je-voie-ton-visage\/wp-content\/uploads\/sites\/12\/2022\/05\/Jour-7-Dieu-vitamine-ou-en-croix-Retraite-Que-je-voie-ton-visage-Prie-en-Chemin2.pdf\u00a0\u00bb button_text=\u00a0\u00bbT\u00e9l\u00e9charger le PDF\u00a0\u00bb button_alignment=\u00a0\u00bbleft\u00a0\u00bb _builder_version=\u00a0\u00bb4.11.1&Prime; _module_preset=\u00a0\u00bbdefault\u00a0\u00bb custom_button=\u00a0\u00bbon\u00a0\u00bb button_text_color=\u00a0\u00bb#FFFFFF\u00a0\u00bb button_bg_color=\u00a0\u00bb#002d43&Prime; button_border_color=\u00a0\u00bbRGBA(0,0,0,0)\u00a0\u00bb custom_padding=\u00a0\u00bb5px|50px||50px|false|false\u00a0\u00bb hover_enabled=\u00a0\u00bb0&Prime; global_colors_info=\u00a0\u00bb{}\u00a0\u00bb sticky_enabled=\u00a0\u00bb0&Prime;][\/et_pb_button][\/et_pb_column][et_pb_column type=\u00a0\u00bb1_2&Prime; _builder_version=\u00a0\u00bb4.11.1&Prime; _module_preset=\u00a0\u00bbdefault\u00a0\u00bb global_colors_info=\u00a0\u00bb{}\u00a0\u00bb][et_pb_image src=\u00a0\u00bbhttps:\/\/retraites.prieenchemin.org\/que-je-voie-ton-visage\/wp-content\/uploads\/sites\/12\/2022\/02\/vs3.png\u00a0\u00bb title_text=\u00a0\u00bbvs3&Prime; _builder_version=\u00a0\u00bb4.11.1&Prime; _module_preset=\u00a0\u00bbdefault\u00a0\u00bb global_colors_info=\u00a0\u00bb{}\u00a0\u00bb][\/et_pb_image][\/et_pb_column][\/et_pb_row][\/et_pb_section]<\/p>\n","protected":false},"excerpt":{"rendered":"<p>En ce vendredi saint, Gr\u00e9goire nous propose d\u2019\u00e9couter une interpr\u00e9tation contemporaine des \u00ab\u00a0sept derni\u00e8res paroles du Christ en Croix.\u00a0\u00bb Il s\u2019agit d\u2019une s\u00e9rie de sept courtes phrases attribu\u00e9es \u00e0 J\u00e9sus en Croix. Elles sont tir\u00e9es des quatre \u00e9vangiles et ont conduit au d\u00e9veloppement d\u2019une spiritualit\u00e9 de la croix qui s\u2019exprima en de nombreux commentaires spirituels. [&hellip;]<\/p>\n","protected":false},"author":6,"featured_media":1820,"comment_status":"closed","ping_status":"closed","sticky":false,"template":"","format":"standard","meta":{"_et_pb_use_builder":"on","_et_pb_old_content":"<!-- wp:heading -->\n<h2>Le topo du jour : une jambe fracass\u00e9e<\/h2>\n<!-- \/wp:heading -->\n\n<!-- wp:embed {\"url\":\"https:\/\/youtu.be\/h58AN0-njzk\",\"type\":\"video\",\"providerNameSlug\":\"youtube\",\"responsive\":true,\"className\":\"wp-embed-aspect-16-9 wp-has-aspect-ratio\"} -->\n<figure class=\"wp-block-embed is-type-video is-provider-youtube wp-block-embed-youtube wp-embed-aspect-16-9 wp-has-aspect-ratio\"><div class=\"wp-block-embed__wrapper\">\nhttps:\/\/youtu.be\/h58AN0-njzk\n<\/div><\/figure>\n<!-- \/wp:embed -->\n\n<!-- wp:separator {\"color\":\"luminous-vivid-orange\",\"className\":\"is-style-wide\"} -->\n<hr class=\"wp-block-separator has-text-color has-background has-luminous-vivid-orange-background-color has-luminous-vivid-orange-color is-style-wide\"\/>\n<!-- \/wp:separator -->\n\n<!-- wp:group {\"style\":{\"color\":{\"background\":\"#fcf08d\"}}} -->\n<div class=\"wp-block-group has-background\" style=\"background-color:#fcf08d\"><div class=\"wp-block-group__inner-container\"><!-- wp:heading -->\n<h2>La m\u00e9ditation guid\u00e9e du jour : L'Ascension<\/h2>\n<!-- \/wp:heading -->\n\n<!-- wp:audio -->\n<figure class=\"wp-block-audio\"><audio controls src=\"https:\/\/prieenchemin.rezando.org\/file?pray=3331\"><\/audio><\/figure>\n<!-- \/wp:audio --><\/div><\/div>\n<!-- \/wp:group -->\n\n<!-- wp:separator {\"color\":\"luminous-vivid-orange\",\"className\":\"is-style-wide\"} -->\n<hr class=\"wp-block-separator has-text-color has-background has-luminous-vivid-orange-background-color has-luminous-vivid-orange-color is-style-wide\"\/>\n<!-- \/wp:separator -->\n\n<!-- wp:heading -->\n<h2>Le t\u00e9moignage du jour : Le genou de Bruno<\/h2>\n<!-- \/wp:heading -->\n\n<!-- wp:embed {\"url\":\"https:\/\/youtu.be\/h58AN0-njzk\",\"type\":\"video\",\"providerNameSlug\":\"youtube\",\"responsive\":true,\"className\":\"wp-embed-aspect-16-9 wp-has-aspect-ratio\"} -->\n<figure class=\"wp-block-embed is-type-video is-provider-youtube wp-block-embed-youtube wp-embed-aspect-16-9 wp-has-aspect-ratio\"><div class=\"wp-block-embed__wrapper\">\nhttps:\/\/youtu.be\/h58AN0-njzk\n<\/div><\/figure>\n<!-- \/wp:embed -->","_et_gb_content_width":"2880","_monsterinsights_skip_tracking":false,"_monsterinsights_sitenote_active":false,"_monsterinsights_sitenote_note":"","_monsterinsights_sitenote_category":0},"categories":[35],"tags":[],"yoast_head":"<!-- This site is optimized with the Yoast SEO plugin v17.7 - https:\/\/yoast.com\/wordpress\/plugins\/seo\/ -->\n<title>Les 7 derni\u00e8res paroles du Christ en musique - Que je voie ton visage<\/title>\n<meta name=\"robots\" content=\"index, follow, max-snippet:-1, max-image-preview:large, max-video-preview:-1\" \/>\n<link rel=\"canonical\" href=\"https:\/\/retraites.prieenchemin.org\/que-je-voie-ton-visage\/les-7-dernieres-paroles-du-christ-en-musique\/\" \/>\n<meta property=\"og:locale\" content=\"fr_FR\" \/>\n<meta property=\"og:type\" content=\"article\" \/>\n<meta property=\"og:title\" content=\"Les 7 derni\u00e8res paroles du Christ en musique - Que je voie ton visage\" \/>\n<meta property=\"og:description\" content=\"En ce vendredi saint, Gr\u00e9goire nous propose d\u2019\u00e9couter une interpr\u00e9tation contemporaine des \u00ab\u00a0sept derni\u00e8res paroles du Christ en Croix.\u00a0\u00bb Il s\u2019agit d\u2019une s\u00e9rie de sept courtes phrases attribu\u00e9es \u00e0 J\u00e9sus en Croix. Elles sont tir\u00e9es des quatre \u00e9vangiles et ont conduit au d\u00e9veloppement d\u2019une spiritualit\u00e9 de la croix qui s\u2019exprima en de nombreux commentaires spirituels. [&hellip;]\" \/>\n<meta property=\"og:url\" content=\"https:\/\/retraites.prieenchemin.org\/que-je-voie-ton-visage\/les-7-dernieres-paroles-du-christ-en-musique\/\" \/>\n<meta property=\"og:site_name\" content=\"Que je voie ton visage\" \/>\n<meta property=\"article:published_time\" content=\"2022-04-08T12:14:03+00:00\" \/>\n<meta property=\"article:modified_time\" content=\"2022-05-12T14:43:43+00:00\" \/>\n<meta property=\"og:image\" content=\"https:\/\/retraites.prieenchemin.org\/que-je-voie-ton-visage\/wp-content\/uploads\/sites\/12\/2022\/04\/vendredi.png\" \/>\n\t<meta property=\"og:image:width\" content=\"800\" \/>\n\t<meta property=\"og:image:height\" content=\"500\" \/>\n<meta name=\"twitter:card\" content=\"summary_large_image\" \/>\n<script type=\"application\/ld+json\" class=\"yoast-schema-graph\">{\"@context\":\"https:\/\/schema.org\",\"@graph\":[{\"@type\":\"WebSite\",\"@id\":\"https:\/\/retraites.prieenchemin.org\/que-je-voie-ton-visage\/#website\",\"url\":\"https:\/\/retraites.prieenchemin.org\/que-je-voie-ton-visage\/\",\"name\":\"Que je voie ton visage\",\"description\":\"D\\u00e9poussi\\u00e9rons nos images de Dieu !\",\"potentialAction\":[{\"@type\":\"SearchAction\",\"target\":{\"@type\":\"EntryPoint\",\"urlTemplate\":\"https:\/\/retraites.prieenchemin.org\/que-je-voie-ton-visage\/?s={search_term_string}\"},\"query-input\":\"required name=search_term_string\"}],\"inLanguage\":\"fr-FR\"},{\"@type\":\"ImageObject\",\"@id\":\"https:\/\/retraites.prieenchemin.org\/que-je-voie-ton-visage\/les-7-dernieres-paroles-du-christ-en-musique\/#primaryimage\",\"inLanguage\":\"fr-FR\",\"url\":\"https:\/\/retraites.prieenchemin.org\/que-je-voie-ton-visage\/wp-content\/uploads\/sites\/12\/2022\/04\/vendredi.png\",\"contentUrl\":\"https:\/\/retraites.prieenchemin.org\/que-je-voie-ton-visage\/wp-content\/uploads\/sites\/12\/2022\/04\/vendredi.png\",\"width\":800,\"height\":500},{\"@type\":\"WebPage\",\"@id\":\"https:\/\/retraites.prieenchemin.org\/que-je-voie-ton-visage\/les-7-dernieres-paroles-du-christ-en-musique\/#webpage\",\"url\":\"https:\/\/retraites.prieenchemin.org\/que-je-voie-ton-visage\/les-7-dernieres-paroles-du-christ-en-musique\/\",\"name\":\"Les 7 derni\\u00e8res paroles du Christ en musique - Que je voie ton visage\",\"isPartOf\":{\"@id\":\"https:\/\/retraites.prieenchemin.org\/que-je-voie-ton-visage\/#website\"},\"primaryImageOfPage\":{\"@id\":\"https:\/\/retraites.prieenchemin.org\/que-je-voie-ton-visage\/les-7-dernieres-paroles-du-christ-en-musique\/#primaryimage\"},\"datePublished\":\"2022-04-08T12:14:03+00:00\",\"dateModified\":\"2022-05-12T14:43:43+00:00\",\"author\":{\"@id\":\"https:\/\/retraites.prieenchemin.org\/que-je-voie-ton-visage\/#\/schema\/person\/b4ff3a09b3e89852cadf994ef1bb5ee3\"},\"breadcrumb\":{\"@id\":\"https:\/\/retraites.prieenchemin.org\/que-je-voie-ton-visage\/les-7-dernieres-paroles-du-christ-en-musique\/#breadcrumb\"},\"inLanguage\":\"fr-FR\",\"potentialAction\":[{\"@type\":\"ReadAction\",\"target\":[\"https:\/\/retraites.prieenchemin.org\/que-je-voie-ton-visage\/les-7-dernieres-paroles-du-christ-en-musique\/\"]}]},{\"@type\":\"BreadcrumbList\",\"@id\":\"https:\/\/retraites.prieenchemin.org\/que-je-voie-ton-visage\/les-7-dernieres-paroles-du-christ-en-musique\/#breadcrumb\",\"itemListElement\":[{\"@type\":\"ListItem\",\"position\":1,\"name\":\"Accueil\",\"item\":\"https:\/\/retraites.prieenchemin.org\/que-je-voie-ton-visage\/\"},{\"@type\":\"ListItem\",\"position\":2,\"name\":\"Les 7 derni\\u00e8res paroles du Christ en musique\"}]},{\"@type\":\"Person\",\"@id\":\"https:\/\/retraites.prieenchemin.org\/que-je-voie-ton-visage\/#\/schema\/person\/b4ff3a09b3e89852cadf994ef1bb5ee3\",\"name\":\"mathilde\",\"image\":{\"@type\":\"ImageObject\",\"@id\":\"https:\/\/retraites.prieenchemin.org\/que-je-voie-ton-visage\/#personlogo\",\"inLanguage\":\"fr-FR\",\"url\":\"https:\/\/secure.gravatar.com\/avatar\/9995d7d50392a2a05ced7d202cd42f66?s=96&d=mm&r=g\",\"contentUrl\":\"https:\/\/secure.gravatar.com\/avatar\/9995d7d50392a2a05ced7d202cd42f66?s=96&d=mm&r=g\",\"caption\":\"mathilde\"},\"url\":\"https:\/\/retraites.prieenchemin.org\/que-je-voie-ton-visage\/author\/mathilde\/\"}]}<\/script>\n<!-- \/ Yoast SEO plugin. -->","yoast_head_json":{"title":"Les 7 derni\u00e8res paroles du Christ en musique - Que je voie ton visage","robots":{"index":"index","follow":"follow","max-snippet":"max-snippet:-1","max-image-preview":"max-image-preview:large","max-video-preview":"max-video-preview:-1"},"canonical":"https:\/\/retraites.prieenchemin.org\/que-je-voie-ton-visage\/les-7-dernieres-paroles-du-christ-en-musique\/","og_locale":"fr_FR","og_type":"article","og_title":"Les 7 derni\u00e8res paroles du Christ en musique - Que je voie ton visage","og_description":"En ce vendredi saint, Gr\u00e9goire nous propose d\u2019\u00e9couter une interpr\u00e9tation contemporaine des \u00ab\u00a0sept derni\u00e8res paroles du Christ en Croix.\u00a0\u00bb Il s\u2019agit d\u2019une s\u00e9rie de sept courtes phrases attribu\u00e9es \u00e0 J\u00e9sus en Croix. Elles sont tir\u00e9es des quatre \u00e9vangiles et ont conduit au d\u00e9veloppement d\u2019une spiritualit\u00e9 de la croix qui s\u2019exprima en de nombreux commentaires spirituels. [&hellip;]","og_url":"https:\/\/retraites.prieenchemin.org\/que-je-voie-ton-visage\/les-7-dernieres-paroles-du-christ-en-musique\/","og_site_name":"Que je voie ton visage","article_published_time":"2022-04-08T12:14:03+00:00","article_modified_time":"2022-05-12T14:43:43+00:00","og_image":[{"width":800,"height":500,"url":"https:\/\/retraites.prieenchemin.org\/que-je-voie-ton-visage\/wp-content\/uploads\/sites\/12\/2022\/04\/vendredi.png","type":"image\/png"}],"twitter_card":"summary_large_image","schema":{"@context":"https:\/\/schema.org","@graph":[{"@type":"WebSite","@id":"https:\/\/retraites.prieenchemin.org\/que-je-voie-ton-visage\/#website","url":"https:\/\/retraites.prieenchemin.org\/que-je-voie-ton-visage\/","name":"Que je voie ton visage","description":"D\u00e9poussi\u00e9rons nos images de Dieu !","potentialAction":[{"@type":"SearchAction","target":{"@type":"EntryPoint","urlTemplate":"https:\/\/retraites.prieenchemin.org\/que-je-voie-ton-visage\/?s={search_term_string}"},"query-input":"required name=search_term_string"}],"inLanguage":"fr-FR"},{"@type":"ImageObject","@id":"https:\/\/retraites.prieenchemin.org\/que-je-voie-ton-visage\/les-7-dernieres-paroles-du-christ-en-musique\/#primaryimage","inLanguage":"fr-FR","url":"https:\/\/retraites.prieenchemin.org\/que-je-voie-ton-visage\/wp-content\/uploads\/sites\/12\/2022\/04\/vendredi.png","contentUrl":"https:\/\/retraites.prieenchemin.org\/que-je-voie-ton-visage\/wp-content\/uploads\/sites\/12\/2022\/04\/vendredi.png","width":800,"height":500},{"@type":"WebPage","@id":"https:\/\/retraites.prieenchemin.org\/que-je-voie-ton-visage\/les-7-dernieres-paroles-du-christ-en-musique\/#webpage","url":"https:\/\/retraites.prieenchemin.org\/que-je-voie-ton-visage\/les-7-dernieres-paroles-du-christ-en-musique\/","name":"Les 7 derni\u00e8res paroles du Christ en musique - Que je voie ton visage","isPartOf":{"@id":"https:\/\/retraites.prieenchemin.org\/que-je-voie-ton-visage\/#website"},"primaryImageOfPage":{"@id":"https:\/\/retraites.prieenchemin.org\/que-je-voie-ton-visage\/les-7-dernieres-paroles-du-christ-en-musique\/#primaryimage"},"datePublished":"2022-04-08T12:14:03+00:00","dateModified":"2022-05-12T14:43:43+00:00","author":{"@id":"https:\/\/retraites.prieenchemin.org\/que-je-voie-ton-visage\/#\/schema\/person\/b4ff3a09b3e89852cadf994ef1bb5ee3"},"breadcrumb":{"@id":"https:\/\/retraites.prieenchemin.org\/que-je-voie-ton-visage\/les-7-dernieres-paroles-du-christ-en-musique\/#breadcrumb"},"inLanguage":"fr-FR","potentialAction":[{"@type":"ReadAction","target":["https:\/\/retraites.prieenchemin.org\/que-je-voie-ton-visage\/les-7-dernieres-paroles-du-christ-en-musique\/"]}]},{"@type":"BreadcrumbList","@id":"https:\/\/retraites.prieenchemin.org\/que-je-voie-ton-visage\/les-7-dernieres-paroles-du-christ-en-musique\/#breadcrumb","itemListElement":[{"@type":"ListItem","position":1,"name":"Accueil","item":"https:\/\/retraites.prieenchemin.org\/que-je-voie-ton-visage\/"},{"@type":"ListItem","position":2,"name":"Les 7 derni\u00e8res paroles du Christ en musique"}]},{"@type":"Person","@id":"https:\/\/retraites.prieenchemin.org\/que-je-voie-ton-visage\/#\/schema\/person\/b4ff3a09b3e89852cadf994ef1bb5ee3","name":"mathilde","image":{"@type":"ImageObject","@id":"https:\/\/retraites.prieenchemin.org\/que-je-voie-ton-visage\/#personlogo","inLanguage":"fr-FR","url":"https:\/\/secure.gravatar.com\/avatar\/9995d7d50392a2a05ced7d202cd42f66?s=96&d=mm&r=g","contentUrl":"https:\/\/secure.gravatar.com\/avatar\/9995d7d50392a2a05ced7d202cd42f66?s=96&d=mm&r=g","caption":"mathilde"},"url":"https:\/\/retraites.prieenchemin.org\/que-je-voie-ton-visage\/author\/mathilde\/"}]}},"_links":{"self":[{"href":"https:\/\/retraites.prieenchemin.org\/que-je-voie-ton-visage\/wp-json\/wp\/v2\/posts\/1792"}],"collection":[{"href":"https:\/\/retraites.prieenchemin.org\/que-je-voie-ton-visage\/wp-json\/wp\/v2\/posts"}],"about":[{"href":"https:\/\/retraites.prieenchemin.org\/que-je-voie-ton-visage\/wp-json\/wp\/v2\/types\/post"}],"author":[{"embeddable":true,"href":"https:\/\/retraites.prieenchemin.org\/que-je-voie-ton-visage\/wp-json\/wp\/v2\/users\/6"}],"replies":[{"embeddable":true,"href":"https:\/\/retraites.prieenchemin.org\/que-je-voie-ton-visage\/wp-json\/wp\/v2\/comments?post=1792"}],"version-history":[{"count":0,"href":"https:\/\/retraites.prieenchemin.org\/que-je-voie-ton-visage\/wp-json\/wp\/v2\/posts\/1792\/revisions"}],"wp:featuredmedia":[{"embeddable":true,"href":"https:\/\/retraites.prieenchemin.org\/que-je-voie-ton-visage\/wp-json\/wp\/v2\/media\/1820"}],"wp:attachment":[{"href":"https:\/\/retraites.prieenchemin.org\/que-je-voie-ton-visage\/wp-json\/wp\/v2\/media?parent=1792"}],"wp:term":[{"taxonomy":"category","embeddable":true,"href":"https:\/\/retraites.prieenchemin.org\/que-je-voie-ton-visage\/wp-json\/wp\/v2\/categories?post=1792"},{"taxonomy":"post_tag","embeddable":true,"href":"https:\/\/retraites.prieenchemin.org\/que-je-voie-ton-visage\/wp-json\/wp\/v2\/tags?post=1792"}],"curies":[{"name":"wp","href":"https:\/\/api.w.org\/{rel}","templated":true}]}}