{"id":1789,"date":"2022-04-08T14:17:01","date_gmt":"2022-04-08T12:17:01","guid":{"rendered":"https:\/\/retraites.prieenchemin.org\/careme2022\/?p=1789"},"modified":"2022-05-12T16:48:08","modified_gmt":"2022-05-12T14:48:08","slug":"contempler-le-christ-en-croix","status":"publish","type":"post","link":"https:\/\/retraites.prieenchemin.org\/que-je-voie-ton-visage\/contempler-le-christ-en-croix\/","title":{"rendered":"Contempler le Christ en croix ador\u00e9 par Saint Dominique"},"content":{"rendered":"<p>[et_pb_section fb_built=\u00a0\u00bb1&Prime; fullwidth=\u00a0\u00bbon\u00a0\u00bb _builder_version=\u00a0\u00bb4.11.1&Prime; _module_preset=\u00a0\u00bbdefault\u00a0\u00bb background_color=\u00a0\u00bbrgba(187,215,229,0.19)\u00a0\u00bb min_height=\u00a0\u00bb169px\u00a0\u00bb custom_margin=\u00a0\u00bb41px||||false|false\u00a0\u00bb custom_padding=\u00a0\u00bb0px||0px||false|false\u00a0\u00bb top_divider_style=\u00a0\u00bbasymmetric\u00a0\u00bb top_divider_color=\u00a0\u00bb#FFFFFF\u00a0\u00bb global_colors_info=\u00a0\u00bb{}\u00a0\u00bb][\/et_pb_section][et_pb_section fb_built=\u00a0\u00bb1&Prime; next_background_color=\u00a0\u00bb#ffffff\u00a0\u00bb admin_label=\u00a0\u00bbVid\u00e9o1&Prime; _builder_version=\u00a0\u00bb4.11.1&Prime; _module_preset=\u00a0\u00bbdefault\u00a0\u00bb background_color=\u00a0\u00bbrgba(187,215,229,0.19)\u00a0\u00bb custom_padding=\u00a0\u00bb1px|||||\u00a0\u00bb bottom_divider_style=\u00a0\u00bbslant2&Prime; global_colors_info=\u00a0\u00bb{}\u00a0\u00bb][et_pb_row column_structure=\u00a0\u00bb3_5,2_5&Prime; _builder_version=\u00a0\u00bb4.11.1&Prime; _module_preset=\u00a0\u00bbdefault\u00a0\u00bb module_alignment=\u00a0\u00bbcenter\u00a0\u00bb min_height=\u00a0\u00bb466.4px\u00a0\u00bb custom_padding=\u00a0\u00bb43px||0px|||\u00a0\u00bb global_colors_info=\u00a0\u00bb{}\u00a0\u00bb][et_pb_column type=\u00a0\u00bb3_5&Prime; _builder_version=\u00a0\u00bb4.9.4&Prime; _module_preset=\u00a0\u00bbdefault\u00a0\u00bb global_colors_info=\u00a0\u00bb{}\u00a0\u00bb][et_pb_text _builder_version=\u00a0\u00bb4.11.1&Prime; _module_preset=\u00a0\u00bbdefault\u00a0\u00bb text_font_size=\u00a0\u00bb16px\u00a0\u00bb min_height=\u00a0\u00bb329.4px\u00a0\u00bb global_colors_info=\u00a0\u00bb{}\u00a0\u00bb]<\/p>\n<h2>Description de l\u2019\u0153uvre<\/h2>\n<p>Quand ils ont investi<strong> le couvent saint Marc \u00e0 Florence en 1436<\/strong>, les Dominicains en ont fait un b\u00e2timent moderne sous la houlette de l&rsquo;architecte Michelozzo, (1396&nbsp;&#8211;&nbsp;1472) conforme \u00e0 l&rsquo;esth\u00e9tique de la Renaissance, avec le soutien financier de C\u00f4me de M\u00e9dicis (1389-1464).<\/p>\n<p>Le but \u00e9tait d&rsquo;en faire<strong> un mod\u00e8le tant architectural que de la vie conventuelle<\/strong>. Ainsi Fra Angelico et ses disciples d\u00e9cor\u00e8rent de fresques de nombreux espaces du couvent, chacune ayant une fonction pr\u00e9cise.<\/p>\n<p><strong>La fresque du Christ en croix ador\u00e9 par saint Dominique<\/strong> est dispos\u00e9e devant la porte d&rsquo;entr\u00e9e du couvent <strong>pour accueillir le visiteur<\/strong> et servir d&rsquo;introduction au principe inspirateur de l&rsquo;ordre dominicain&nbsp;:<em> l&rsquo;amour pour le crucifi\u00e9, con\u00e7u en tant que source de connaissance, de foi et de charit\u00e9 pour son prochain.<\/em><\/p>\n<p><strong>La figure de J\u00e9sus<\/strong>, les bras grands ouverts sur la croix, accueille chacun, donnant sa vie dans son amour infini.<\/p>\n<p>Fra Angelico a cr\u00e9\u00e9 une composition d\u00e9pouill\u00e9e, synth\u00e9tique \u00e0 laquelle <strong>l&rsquo;arri\u00e8re-plan bleu<\/strong> uni conf\u00e8re un effet d&rsquo;abstraction m\u00e9taphysique, \u00e9voquant la pr\u00e9sence divine.<\/p>\n<p><strong>J\u00e9sus est id\u00e9alis\u00e9<\/strong>, son beau corps diaphane est exempt du moindre signe de souffrance.<\/p>\n<p>Cependant <strong>la croix est macul\u00e9e de sang<\/strong> peint \u00e0 l&rsquo;h\u00e9matite (oxyde de fer) soulignant la r\u00e9alit\u00e9 concr\u00e8te de la croix de la souffrance humaine de J\u00e9sus qui donne sa vie.<\/p>\n<p>Par contraste, <strong>Saint Dominique<\/strong> est repr\u00e9sent\u00e9 avec des traits naturalistes accentu\u00e9s, mains qui caressent la croix, visage tr\u00e8s expressif contract\u00e9 par la douleur et l&rsquo;\u00e9motion, yeux baign\u00e9s de larmes.<\/p>\n<p>&nbsp;<\/p>\n<p>&nbsp;<\/p>\n<p>[\/et_pb_text][\/et_pb_column][et_pb_column type=\u00a0\u00bb2_5&Prime; _builder_version=\u00a0\u00bb4.9.4&Prime; _module_preset=\u00a0\u00bbdefault\u00a0\u00bb global_colors_info=\u00a0\u00bb{}\u00a0\u00bb][et_pb_image src=\u00a0\u00bbhttps:\/\/retraites.prieenchemin.org\/careme2022\/wp-content\/uploads\/sites\/12\/2022\/04\/le-christ-en-croix-adore-par-saint-dominique.jpg\u00a0\u00bb title_text=\u00a0\u00bbLe Christ en croix ador\u00e9 par saint Dominique\u00a0\u00bb show_in_lightbox=\u00a0\u00bbon\u00a0\u00bb _builder_version=\u00a0\u00bb4.11.1&Prime; _module_preset=\u00a0\u00bbdefault\u00a0\u00bb width=\u00a0\u00bb100%\u00a0\u00bb module_alignment=\u00a0\u00bbright\u00a0\u00bb min_height=\u00a0\u00bb100px\u00a0\u00bb height=\u00a0\u00bb427px\u00a0\u00bb custom_padding=\u00a0\u00bb||0px|0px||\u00a0\u00bb global_colors_info=\u00a0\u00bb{}\u00a0\u00bb][\/et_pb_image][et_pb_text _builder_version=\u00a0\u00bb4.11.1&Prime; _module_preset=\u00a0\u00bbdefault\u00a0\u00bb custom_margin=\u00a0\u00bb-23px|||||\u00a0\u00bb link_option_url=\u00a0\u00bbhttps:\/\/retraites.prieenchemin.org\/careme2022\/wp-content\/uploads\/sites\/12\/2022\/03\/le-bon-samaritain-chartres-petit.jpg\u00a0\u00bb global_colors_info=\u00a0\u00bb{}\u00a0\u00bb]<\/p>\n<p>Cliquer sur l&rsquo;oeuvre pour la voir en plein \u00e9cran<\/p>\n<p>[\/et_pb_text][et_pb_text _builder_version=\u00a0\u00bb4.11.1&Prime; _module_preset=\u00a0\u00bbdefault\u00a0\u00bb global_colors_info=\u00a0\u00bb{}\u00a0\u00bb]<\/p>\n<p>&nbsp;<\/p>\n<p><strong>La croix elle-m\u00eame est immense<\/strong>, surplombe tout l&rsquo;univers sur ce fond bleu comme d&rsquo;un autre monde, d&rsquo;un monde surnaturel.<\/p>\n<p><strong>Le dialogue silencieux entre J\u00e9sus et Dominique<\/strong> se ressent gr\u00e2ce \u00e0 la justesse du traitement des regards. Regard lev\u00e9 de Dominique douloureux plein d&rsquo;aimante compassion&nbsp;; yeux baiss\u00e9s de J\u00e9sus plein de mis\u00e9ricorde pour l&rsquo;humanit\u00e9, esquisse-t-il un sourire&nbsp;?<\/p>\n<p>[\/et_pb_text][\/et_pb_column][\/et_pb_row][et_pb_row column_structure=\u00a0\u00bb1_4,3_4&Prime; _builder_version=\u00a0\u00bb4.11.1&Prime; _module_preset=\u00a0\u00bbdefault\u00a0\u00bb module_alignment=\u00a0\u00bbcenter\u00a0\u00bb global_colors_info=\u00a0\u00bb{}\u00a0\u00bb][et_pb_column type=\u00a0\u00bb1_4&Prime; _builder_version=\u00a0\u00bb4.11.1&Prime; _module_preset=\u00a0\u00bbdefault\u00a0\u00bb global_colors_info=\u00a0\u00bb{}\u00a0\u00bb][et_pb_image src=\u00a0\u00bbhttps:\/\/retraites.prieenchemin.org\/careme2022\/wp-content\/uploads\/sites\/12\/2022\/02\/picto.png\u00a0\u00bb title_text=\u00a0\u00bbpicto\u00a0\u00bb _builder_version=\u00a0\u00bb4.11.1&Prime; _module_preset=\u00a0\u00bbdefault\u00a0\u00bb min_height=\u00a0\u00bb77.9px\u00a0\u00bb global_colors_info=\u00a0\u00bb{}\u00a0\u00bb][\/et_pb_image][\/et_pb_column][et_pb_column type=\u00a0\u00bb3_4&Prime; _builder_version=\u00a0\u00bb4.11.1&Prime; _module_preset=\u00a0\u00bbdefault\u00a0\u00bb global_colors_info=\u00a0\u00bb{}\u00a0\u00bb][et_pb_text _builder_version=\u00a0\u00bb4.11.1&Prime; _module_preset=\u00a0\u00bbdefault\u00a0\u00bb global_colors_info=\u00a0\u00bb{}\u00a0\u00bb]<\/p>\n<h1><span style=\"color: #000000;\">M\u00e9ditation<\/span><\/h1>\n<ul>\n<li>\n<p class=\"western\" style=\"margin-top: 0.1cm; margin-bottom: 0.1cm;\"><span style=\"color: #000000;\">Au pied de la croix, avec mes propres mots, <b>je remercie Dieu pour son amour sans limite<\/b>. Dans ma vie de tous les jours, puis-je discerner les marques de cet amour pour moi, pour chacun de nous&nbsp;? Je cite un exemple r\u00e9cent o\u00f9 j&rsquo;ai vu, entendu, la r\u00e9alisation de cet amour. Comment et \u00e0 qui pourrais-je en t\u00e9moigner&nbsp;?<\/span><\/p>\n<\/li>\n<li>\n<p class=\"western\" style=\"margin-top: 0.1cm; margin-bottom: 0.1cm;\"><span style=\"color: #000000;\"><b>Face \u00e0<\/b><b> l&rsquo;immense amour de J\u00e9sus manifest\u00e9 \u00e0 la Croix<\/b>, saint Dominique semble pleurer des larmes de joie. Joie, bonheur d&rsquo;\u00eatre tellement aim\u00e9 de Dieu. Quelle serait ma mani\u00e8re d&rsquo;exprimer&nbsp;cette joie d\u2019\u00eatre ainsi aim\u00e9&nbsp;? La croix rappelle aussi tous les refus d&rsquo;amour engendr\u00e9s par mes p\u00e9ch\u00e9s. Humblement je demande pardon.<\/span><\/p>\n<\/li>\n<li>\n<p class=\"western\" style=\"margin-top: 0.1cm; margin-bottom: 0.1cm;\"><span style=\"color: #000000;\"><b><span style=\"background: transparent;\">Je confie au Seigneur<\/span><\/b><span style=\"background: transparent;\"> telle ou telle personne qui aurait besoin de ressentir cet amour de J\u00e9sus, amour plus grand que tout, qui d\u00e9passe la discorde, la souffrance, la mort. <\/span><span style=\"background: transparent;\">Si un ami \u00e9tait dans une telle situation, que pourrais-je lui dire&nbsp;? Comment lui exprimer que <\/span><span style=\"background: transparent;\">J\u00e9sus s&rsquo;est donn\u00e9 pour lui, qu&rsquo;il l&rsquo;aimera toujours&nbsp;?<\/span><\/span><\/p>\n<\/li>\n<\/ul>\n<p>[\/et_pb_text][et_pb_code _builder_version=\u00a0\u00bb4.11.1&Prime; _module_preset=\u00a0\u00bbdefault\u00a0\u00bb global_colors_info=\u00a0\u00bb{}\u00a0\u00bb][\/et_pb_code][\/et_pb_column][\/et_pb_row][\/et_pb_section][et_pb_section fb_built=\u00a0\u00bb1&Prime; _builder_version=\u00a0\u00bb4.11.1&Prime; _module_preset=\u00a0\u00bbdefault\u00a0\u00bb global_colors_info=\u00a0\u00bb{}\u00a0\u00bb][et_pb_row column_structure=\u00a0\u00bb1_2,1_2&Prime; _builder_version=\u00a0\u00bb4.11.1&Prime; _module_preset=\u00a0\u00bbdefault\u00a0\u00bb global_colors_info=\u00a0\u00bb{}\u00a0\u00bb][et_pb_column type=\u00a0\u00bb1_2&Prime; _builder_version=\u00a0\u00bb4.11.1&Prime; _module_preset=\u00a0\u00bbdefault\u00a0\u00bb global_colors_info=\u00a0\u00bb{}\u00a0\u00bb][et_pb_text _builder_version=\u00a0\u00bb4.11.1&Prime; _module_preset=\u00a0\u00bbdefault\u00a0\u00bb global_colors_info=\u00a0\u00bb{}\u00a0\u00bb]<\/p>\n<h1>Pour aller plus loin<\/h1>\n<p>[\/et_pb_text][et_pb_button button_url=\u00a0\u00bb@ET-DC@eyJkeW5hbWljIjp0cnVlLCJjb250ZW50IjoicG9zdF9saW5rX3VybF9wb3N0Iiwic2V0dGluZ3MiOnsicG9zdF9pZCI6IjIwMzUifX0=@\u00a0\u00bb button_text=\u00a0\u00bbVoir les autres propositions du jour\u00a0\u00bb button_alignment=\u00a0\u00bbleft\u00a0\u00bb _builder_version=\u00a0\u00bb4.11.1&Prime; _dynamic_attributes=\u00a0\u00bbbutton_url\u00a0\u00bb _module_preset=\u00a0\u00bbdefault\u00a0\u00bb custom_button=\u00a0\u00bbon\u00a0\u00bb button_text_color=\u00a0\u00bb#FFFFFF\u00a0\u00bb button_bg_color=\u00a0\u00bb#002d43&Prime; button_border_color=\u00a0\u00bbRGBA(0,0,0,0)\u00a0\u00bb custom_padding=\u00a0\u00bb5px|50px||50px|false|false\u00a0\u00bb hover_enabled=\u00a0\u00bb0&Prime; global_colors_info=\u00a0\u00bb{}\u00a0\u00bb sticky_enabled=\u00a0\u00bb0&Prime;][\/et_pb_button][et_pb_button button_url=\u00a0\u00bbhttps:\/\/retraites.prieenchemin.org\/que-je-voie-ton-visage\/mur-de-prieres\/\u00a0\u00bb button_text=\u00a0\u00bbAcc\u00e9der au mur de pri\u00e8re\u00a0\u00bb button_alignment=\u00a0\u00bbleft\u00a0\u00bb _builder_version=\u00a0\u00bb4.11.1&Prime; _module_preset=\u00a0\u00bbdefault\u00a0\u00bb custom_button=\u00a0\u00bbon\u00a0\u00bb button_text_color=\u00a0\u00bb#FFFFFF\u00a0\u00bb button_bg_color=\u00a0\u00bb#002d43&Prime; button_border_width=\u00a0\u00bb0px\u00a0\u00bb custom_padding=\u00a0\u00bb5px|50px||50px|false|false\u00a0\u00bb global_colors_info=\u00a0\u00bb{}\u00a0\u00bb][\/et_pb_button][et_pb_button button_url=\u00a0\u00bbhttps:\/\/retraites.prieenchemin.org\/que-je-voie-ton-visage\/wp-content\/uploads\/sites\/12\/2022\/05\/Jour-7-Dieu-vitamine-ou-en-croix-Retraite-Que-je-voie-ton-visage-Prie-en-Chemin2.pdf\u00a0\u00bb button_text=\u00a0\u00bbT\u00e9l\u00e9charger le PDF\u00a0\u00bb button_alignment=\u00a0\u00bbleft\u00a0\u00bb _builder_version=\u00a0\u00bb4.11.1&Prime; _module_preset=\u00a0\u00bbdefault\u00a0\u00bb custom_button=\u00a0\u00bbon\u00a0\u00bb button_text_color=\u00a0\u00bb#FFFFFF\u00a0\u00bb button_bg_color=\u00a0\u00bb#002d43&Prime; button_border_color=\u00a0\u00bbRGBA(0,0,0,0)\u00a0\u00bb custom_padding=\u00a0\u00bb5px|50px||50px|false|false\u00a0\u00bb hover_enabled=\u00a0\u00bb0&Prime; global_colors_info=\u00a0\u00bb{}\u00a0\u00bb sticky_enabled=\u00a0\u00bb0&Prime;][\/et_pb_button][\/et_pb_column][et_pb_column type=\u00a0\u00bb1_2&Prime; _builder_version=\u00a0\u00bb4.11.1&Prime; _module_preset=\u00a0\u00bbdefault\u00a0\u00bb global_colors_info=\u00a0\u00bb{}\u00a0\u00bb][et_pb_image src=\u00a0\u00bbhttps:\/\/retraites.prieenchemin.org\/que-je-voie-ton-visage\/wp-content\/uploads\/sites\/12\/2022\/02\/vs3.png\u00a0\u00bb title_text=\u00a0\u00bbvs3&Prime; _builder_version=\u00a0\u00bb4.11.1&Prime; _module_preset=\u00a0\u00bbdefault\u00a0\u00bb global_colors_info=\u00a0\u00bb{}\u00a0\u00bb][\/et_pb_image][\/et_pb_column][\/et_pb_row][\/et_pb_section]<\/p>\n","protected":false},"excerpt":{"rendered":"<p>Description de l\u2019\u0153uvre Quand ils ont investi le couvent saint Marc \u00e0 Florence en 1436, les Dominicains en ont fait un b\u00e2timent moderne sous la houlette de l&rsquo;architecte Michelozzo, (1396&nbsp;&#8211;&nbsp;1472) conforme \u00e0 l&rsquo;esth\u00e9tique de la Renaissance, avec le soutien financier de C\u00f4me de M\u00e9dicis (1389-1464). Le but \u00e9tait d&rsquo;en faire un mod\u00e8le tant architectural que [&hellip;]<\/p>\n","protected":false},"author":6,"featured_media":1807,"comment_status":"closed","ping_status":"closed","sticky":false,"template":"","format":"standard","meta":{"_et_pb_use_builder":"on","_et_pb_old_content":"<!-- wp:heading -->\n<h2>Le topo du jour : une jambe fracass\u00e9e<\/h2>\n<!-- \/wp:heading -->\n\n<!-- wp:embed {\"url\":\"https:\/\/youtu.be\/h58AN0-njzk\",\"type\":\"video\",\"providerNameSlug\":\"youtube\",\"responsive\":true,\"className\":\"wp-embed-aspect-16-9 wp-has-aspect-ratio\"} -->\n<figure class=\"wp-block-embed is-type-video is-provider-youtube wp-block-embed-youtube wp-embed-aspect-16-9 wp-has-aspect-ratio\"><div class=\"wp-block-embed__wrapper\">\nhttps:\/\/youtu.be\/h58AN0-njzk\n<\/div><\/figure>\n<!-- \/wp:embed -->\n\n<!-- wp:separator {\"color\":\"luminous-vivid-orange\",\"className\":\"is-style-wide\"} -->\n<hr class=\"wp-block-separator has-text-color has-background has-luminous-vivid-orange-background-color has-luminous-vivid-orange-color is-style-wide\"\/>\n<!-- \/wp:separator -->\n\n<!-- wp:group {\"style\":{\"color\":{\"background\":\"#fcf08d\"}}} -->\n<div class=\"wp-block-group has-background\" style=\"background-color:#fcf08d\"><div class=\"wp-block-group__inner-container\"><!-- wp:heading -->\n<h2>La m\u00e9ditation guid\u00e9e du jour : L'Ascension<\/h2>\n<!-- \/wp:heading -->\n\n<!-- wp:audio -->\n<figure class=\"wp-block-audio\"><audio controls src=\"https:\/\/prieenchemin.rezando.org\/file?pray=3331\"><\/audio><\/figure>\n<!-- \/wp:audio --><\/div><\/div>\n<!-- \/wp:group -->\n\n<!-- wp:separator {\"color\":\"luminous-vivid-orange\",\"className\":\"is-style-wide\"} -->\n<hr class=\"wp-block-separator has-text-color has-background has-luminous-vivid-orange-background-color has-luminous-vivid-orange-color is-style-wide\"\/>\n<!-- \/wp:separator -->\n\n<!-- wp:heading -->\n<h2>Le t\u00e9moignage du jour : Le genou de Bruno<\/h2>\n<!-- \/wp:heading -->\n\n<!-- wp:embed {\"url\":\"https:\/\/youtu.be\/h58AN0-njzk\",\"type\":\"video\",\"providerNameSlug\":\"youtube\",\"responsive\":true,\"className\":\"wp-embed-aspect-16-9 wp-has-aspect-ratio\"} -->\n<figure class=\"wp-block-embed is-type-video is-provider-youtube wp-block-embed-youtube wp-embed-aspect-16-9 wp-has-aspect-ratio\"><div class=\"wp-block-embed__wrapper\">\nhttps:\/\/youtu.be\/h58AN0-njzk\n<\/div><\/figure>\n<!-- \/wp:embed -->","_et_gb_content_width":"2880","_monsterinsights_skip_tracking":false,"_monsterinsights_sitenote_active":false,"_monsterinsights_sitenote_note":"","_monsterinsights_sitenote_category":0},"categories":[35],"tags":[],"yoast_head":"<!-- This site is optimized with the Yoast SEO plugin v17.7 - https:\/\/yoast.com\/wordpress\/plugins\/seo\/ -->\n<title>Contempler le Christ en croix ador\u00e9 par Saint Dominique - Que je voie ton visage<\/title>\n<meta name=\"robots\" content=\"index, follow, max-snippet:-1, max-image-preview:large, max-video-preview:-1\" \/>\n<link rel=\"canonical\" href=\"https:\/\/retraites.prieenchemin.org\/que-je-voie-ton-visage\/contempler-le-christ-en-croix\/\" \/>\n<meta property=\"og:locale\" content=\"fr_FR\" \/>\n<meta property=\"og:type\" content=\"article\" \/>\n<meta property=\"og:title\" content=\"Contempler le Christ en croix ador\u00e9 par Saint Dominique - Que je voie ton visage\" \/>\n<meta property=\"og:description\" content=\"Description de l\u2019\u0153uvre Quand ils ont investi le couvent saint Marc \u00e0 Florence en 1436, les Dominicains en ont fait un b\u00e2timent moderne sous la houlette de l&#039;architecte Michelozzo, (1396&nbsp;-&nbsp;1472) conforme \u00e0 l&#039;esth\u00e9tique de la Renaissance, avec le soutien financier de C\u00f4me de M\u00e9dicis (1389-1464). Le but \u00e9tait d&#039;en faire un mod\u00e8le tant architectural que [&hellip;]\" \/>\n<meta property=\"og:url\" content=\"https:\/\/retraites.prieenchemin.org\/que-je-voie-ton-visage\/contempler-le-christ-en-croix\/\" \/>\n<meta property=\"og:site_name\" content=\"Que je voie ton visage\" \/>\n<meta property=\"article:published_time\" content=\"2022-04-08T12:17:01+00:00\" \/>\n<meta property=\"article:modified_time\" content=\"2022-05-12T14:48:08+00:00\" \/>\n<meta property=\"og:image\" content=\"https:\/\/retraites.prieenchemin.org\/que-je-voie-ton-visage\/wp-content\/uploads\/sites\/12\/2022\/04\/mardi.png\" \/>\n\t<meta property=\"og:image:width\" content=\"800\" \/>\n\t<meta property=\"og:image:height\" content=\"500\" \/>\n<meta name=\"twitter:card\" content=\"summary_large_image\" \/>\n<script type=\"application\/ld+json\" class=\"yoast-schema-graph\">{\"@context\":\"https:\/\/schema.org\",\"@graph\":[{\"@type\":\"WebSite\",\"@id\":\"https:\/\/retraites.prieenchemin.org\/que-je-voie-ton-visage\/#website\",\"url\":\"https:\/\/retraites.prieenchemin.org\/que-je-voie-ton-visage\/\",\"name\":\"Que je voie ton visage\",\"description\":\"D\\u00e9poussi\\u00e9rons nos images de Dieu !\",\"potentialAction\":[{\"@type\":\"SearchAction\",\"target\":{\"@type\":\"EntryPoint\",\"urlTemplate\":\"https:\/\/retraites.prieenchemin.org\/que-je-voie-ton-visage\/?s={search_term_string}\"},\"query-input\":\"required name=search_term_string\"}],\"inLanguage\":\"fr-FR\"},{\"@type\":\"ImageObject\",\"@id\":\"https:\/\/retraites.prieenchemin.org\/que-je-voie-ton-visage\/contempler-le-christ-en-croix\/#primaryimage\",\"inLanguage\":\"fr-FR\",\"url\":\"https:\/\/retraites.prieenchemin.org\/que-je-voie-ton-visage\/wp-content\/uploads\/sites\/12\/2022\/04\/mardi.png\",\"contentUrl\":\"https:\/\/retraites.prieenchemin.org\/que-je-voie-ton-visage\/wp-content\/uploads\/sites\/12\/2022\/04\/mardi.png\",\"width\":800,\"height\":500},{\"@type\":\"WebPage\",\"@id\":\"https:\/\/retraites.prieenchemin.org\/que-je-voie-ton-visage\/contempler-le-christ-en-croix\/#webpage\",\"url\":\"https:\/\/retraites.prieenchemin.org\/que-je-voie-ton-visage\/contempler-le-christ-en-croix\/\",\"name\":\"Contempler le Christ en croix ador\\u00e9 par Saint Dominique - Que je voie ton visage\",\"isPartOf\":{\"@id\":\"https:\/\/retraites.prieenchemin.org\/que-je-voie-ton-visage\/#website\"},\"primaryImageOfPage\":{\"@id\":\"https:\/\/retraites.prieenchemin.org\/que-je-voie-ton-visage\/contempler-le-christ-en-croix\/#primaryimage\"},\"datePublished\":\"2022-04-08T12:17:01+00:00\",\"dateModified\":\"2022-05-12T14:48:08+00:00\",\"author\":{\"@id\":\"https:\/\/retraites.prieenchemin.org\/que-je-voie-ton-visage\/#\/schema\/person\/b4ff3a09b3e89852cadf994ef1bb5ee3\"},\"breadcrumb\":{\"@id\":\"https:\/\/retraites.prieenchemin.org\/que-je-voie-ton-visage\/contempler-le-christ-en-croix\/#breadcrumb\"},\"inLanguage\":\"fr-FR\",\"potentialAction\":[{\"@type\":\"ReadAction\",\"target\":[\"https:\/\/retraites.prieenchemin.org\/que-je-voie-ton-visage\/contempler-le-christ-en-croix\/\"]}]},{\"@type\":\"BreadcrumbList\",\"@id\":\"https:\/\/retraites.prieenchemin.org\/que-je-voie-ton-visage\/contempler-le-christ-en-croix\/#breadcrumb\",\"itemListElement\":[{\"@type\":\"ListItem\",\"position\":1,\"name\":\"Accueil\",\"item\":\"https:\/\/retraites.prieenchemin.org\/que-je-voie-ton-visage\/\"},{\"@type\":\"ListItem\",\"position\":2,\"name\":\"Contempler le Christ en croix ador\\u00e9 par Saint Dominique\"}]},{\"@type\":\"Person\",\"@id\":\"https:\/\/retraites.prieenchemin.org\/que-je-voie-ton-visage\/#\/schema\/person\/b4ff3a09b3e89852cadf994ef1bb5ee3\",\"name\":\"mathilde\",\"image\":{\"@type\":\"ImageObject\",\"@id\":\"https:\/\/retraites.prieenchemin.org\/que-je-voie-ton-visage\/#personlogo\",\"inLanguage\":\"fr-FR\",\"url\":\"https:\/\/secure.gravatar.com\/avatar\/9995d7d50392a2a05ced7d202cd42f66?s=96&d=mm&r=g\",\"contentUrl\":\"https:\/\/secure.gravatar.com\/avatar\/9995d7d50392a2a05ced7d202cd42f66?s=96&d=mm&r=g\",\"caption\":\"mathilde\"},\"url\":\"https:\/\/retraites.prieenchemin.org\/que-je-voie-ton-visage\/author\/mathilde\/\"}]}<\/script>\n<!-- \/ Yoast SEO plugin. -->","yoast_head_json":{"title":"Contempler le Christ en croix ador\u00e9 par Saint Dominique - Que je voie ton visage","robots":{"index":"index","follow":"follow","max-snippet":"max-snippet:-1","max-image-preview":"max-image-preview:large","max-video-preview":"max-video-preview:-1"},"canonical":"https:\/\/retraites.prieenchemin.org\/que-je-voie-ton-visage\/contempler-le-christ-en-croix\/","og_locale":"fr_FR","og_type":"article","og_title":"Contempler le Christ en croix ador\u00e9 par Saint Dominique - Que je voie ton visage","og_description":"Description de l\u2019\u0153uvre Quand ils ont investi le couvent saint Marc \u00e0 Florence en 1436, les Dominicains en ont fait un b\u00e2timent moderne sous la houlette de l'architecte Michelozzo, (1396&nbsp;-&nbsp;1472) conforme \u00e0 l'esth\u00e9tique de la Renaissance, avec le soutien financier de C\u00f4me de M\u00e9dicis (1389-1464). Le but \u00e9tait d'en faire un mod\u00e8le tant architectural que [&hellip;]","og_url":"https:\/\/retraites.prieenchemin.org\/que-je-voie-ton-visage\/contempler-le-christ-en-croix\/","og_site_name":"Que je voie ton visage","article_published_time":"2022-04-08T12:17:01+00:00","article_modified_time":"2022-05-12T14:48:08+00:00","og_image":[{"width":800,"height":500,"url":"https:\/\/retraites.prieenchemin.org\/que-je-voie-ton-visage\/wp-content\/uploads\/sites\/12\/2022\/04\/mardi.png","type":"image\/png"}],"twitter_card":"summary_large_image","schema":{"@context":"https:\/\/schema.org","@graph":[{"@type":"WebSite","@id":"https:\/\/retraites.prieenchemin.org\/que-je-voie-ton-visage\/#website","url":"https:\/\/retraites.prieenchemin.org\/que-je-voie-ton-visage\/","name":"Que je voie ton visage","description":"D\u00e9poussi\u00e9rons nos images de Dieu !","potentialAction":[{"@type":"SearchAction","target":{"@type":"EntryPoint","urlTemplate":"https:\/\/retraites.prieenchemin.org\/que-je-voie-ton-visage\/?s={search_term_string}"},"query-input":"required name=search_term_string"}],"inLanguage":"fr-FR"},{"@type":"ImageObject","@id":"https:\/\/retraites.prieenchemin.org\/que-je-voie-ton-visage\/contempler-le-christ-en-croix\/#primaryimage","inLanguage":"fr-FR","url":"https:\/\/retraites.prieenchemin.org\/que-je-voie-ton-visage\/wp-content\/uploads\/sites\/12\/2022\/04\/mardi.png","contentUrl":"https:\/\/retraites.prieenchemin.org\/que-je-voie-ton-visage\/wp-content\/uploads\/sites\/12\/2022\/04\/mardi.png","width":800,"height":500},{"@type":"WebPage","@id":"https:\/\/retraites.prieenchemin.org\/que-je-voie-ton-visage\/contempler-le-christ-en-croix\/#webpage","url":"https:\/\/retraites.prieenchemin.org\/que-je-voie-ton-visage\/contempler-le-christ-en-croix\/","name":"Contempler le Christ en croix ador\u00e9 par Saint Dominique - Que je voie ton visage","isPartOf":{"@id":"https:\/\/retraites.prieenchemin.org\/que-je-voie-ton-visage\/#website"},"primaryImageOfPage":{"@id":"https:\/\/retraites.prieenchemin.org\/que-je-voie-ton-visage\/contempler-le-christ-en-croix\/#primaryimage"},"datePublished":"2022-04-08T12:17:01+00:00","dateModified":"2022-05-12T14:48:08+00:00","author":{"@id":"https:\/\/retraites.prieenchemin.org\/que-je-voie-ton-visage\/#\/schema\/person\/b4ff3a09b3e89852cadf994ef1bb5ee3"},"breadcrumb":{"@id":"https:\/\/retraites.prieenchemin.org\/que-je-voie-ton-visage\/contempler-le-christ-en-croix\/#breadcrumb"},"inLanguage":"fr-FR","potentialAction":[{"@type":"ReadAction","target":["https:\/\/retraites.prieenchemin.org\/que-je-voie-ton-visage\/contempler-le-christ-en-croix\/"]}]},{"@type":"BreadcrumbList","@id":"https:\/\/retraites.prieenchemin.org\/que-je-voie-ton-visage\/contempler-le-christ-en-croix\/#breadcrumb","itemListElement":[{"@type":"ListItem","position":1,"name":"Accueil","item":"https:\/\/retraites.prieenchemin.org\/que-je-voie-ton-visage\/"},{"@type":"ListItem","position":2,"name":"Contempler le Christ en croix ador\u00e9 par Saint Dominique"}]},{"@type":"Person","@id":"https:\/\/retraites.prieenchemin.org\/que-je-voie-ton-visage\/#\/schema\/person\/b4ff3a09b3e89852cadf994ef1bb5ee3","name":"mathilde","image":{"@type":"ImageObject","@id":"https:\/\/retraites.prieenchemin.org\/que-je-voie-ton-visage\/#personlogo","inLanguage":"fr-FR","url":"https:\/\/secure.gravatar.com\/avatar\/9995d7d50392a2a05ced7d202cd42f66?s=96&d=mm&r=g","contentUrl":"https:\/\/secure.gravatar.com\/avatar\/9995d7d50392a2a05ced7d202cd42f66?s=96&d=mm&r=g","caption":"mathilde"},"url":"https:\/\/retraites.prieenchemin.org\/que-je-voie-ton-visage\/author\/mathilde\/"}]}},"_links":{"self":[{"href":"https:\/\/retraites.prieenchemin.org\/que-je-voie-ton-visage\/wp-json\/wp\/v2\/posts\/1789"}],"collection":[{"href":"https:\/\/retraites.prieenchemin.org\/que-je-voie-ton-visage\/wp-json\/wp\/v2\/posts"}],"about":[{"href":"https:\/\/retraites.prieenchemin.org\/que-je-voie-ton-visage\/wp-json\/wp\/v2\/types\/post"}],"author":[{"embeddable":true,"href":"https:\/\/retraites.prieenchemin.org\/que-je-voie-ton-visage\/wp-json\/wp\/v2\/users\/6"}],"replies":[{"embeddable":true,"href":"https:\/\/retraites.prieenchemin.org\/que-je-voie-ton-visage\/wp-json\/wp\/v2\/comments?post=1789"}],"version-history":[{"count":0,"href":"https:\/\/retraites.prieenchemin.org\/que-je-voie-ton-visage\/wp-json\/wp\/v2\/posts\/1789\/revisions"}],"wp:featuredmedia":[{"embeddable":true,"href":"https:\/\/retraites.prieenchemin.org\/que-je-voie-ton-visage\/wp-json\/wp\/v2\/media\/1807"}],"wp:attachment":[{"href":"https:\/\/retraites.prieenchemin.org\/que-je-voie-ton-visage\/wp-json\/wp\/v2\/media?parent=1789"}],"wp:term":[{"taxonomy":"category","embeddable":true,"href":"https:\/\/retraites.prieenchemin.org\/que-je-voie-ton-visage\/wp-json\/wp\/v2\/categories?post=1789"},{"taxonomy":"post_tag","embeddable":true,"href":"https:\/\/retraites.prieenchemin.org\/que-je-voie-ton-visage\/wp-json\/wp\/v2\/tags?post=1789"}],"curies":[{"name":"wp","href":"https:\/\/api.w.org\/{rel}","templated":true}]}}