{"id":1731,"date":"2022-03-29T10:03:38","date_gmt":"2022-03-29T08:03:38","guid":{"rendered":"https:\/\/retraites.prieenchemin.org\/careme2022\/?p=1731"},"modified":"2024-09-03T09:02:14","modified_gmt":"2024-09-03T07:02:14","slug":"mediter-l-epitre-aux-hebreux","status":"publish","type":"post","link":"https:\/\/retraites.prieenchemin.org\/que-je-voie-ton-visage\/mediter-l-epitre-aux-hebreux\/","title":{"rendered":"M\u00e9diter avec l&rsquo;Epitre aux H\u00e9breux"},"content":{"rendered":"<p>[et_pb_section fb_built=\u00a0\u00bb1&Prime; next_background_color=\u00a0\u00bb#ffffff\u00a0\u00bb admin_label=\u00a0\u00bbVid\u00e9o1&Prime; _builder_version=\u00a0\u00bb4.11.1&Prime; _module_preset=\u00a0\u00bbdefault\u00a0\u00bb background_color=\u00a0\u00bb#FFFFFF\u00a0\u00bb min_height=\u00a0\u00bb1141.7px\u00a0\u00bb custom_padding=\u00a0\u00bb1px||0px|||\u00a0\u00bb bottom_divider_style=\u00a0\u00bbslant2&Prime; global_colors_info=\u00a0\u00bb{}\u00a0\u00bb][et_pb_row _builder_version=\u00a0\u00bb4.11.1&Prime; _module_preset=\u00a0\u00bbdefault\u00a0\u00bb min_height=\u00a0\u00bb579.6px\u00a0\u00bb custom_padding=\u00a0\u00bb43px||0px|||\u00a0\u00bb global_colors_info=\u00a0\u00bb{}\u00a0\u00bb][et_pb_column type=\u00a0\u00bb4_4&Prime; _builder_version=\u00a0\u00bb4.9.4&Prime; _module_preset=\u00a0\u00bbdefault\u00a0\u00bb global_colors_info=\u00a0\u00bb{}\u00a0\u00bb][et_pb_text _builder_version=\u00a0\u00bb4.11.1&Prime; _module_preset=\u00a0\u00bbdefault\u00a0\u00bb text_font_size=\u00a0\u00bb16px\u00a0\u00bb global_colors_info=\u00a0\u00bb{}\u00a0\u00bb]<\/p>\n<p class=\"western\"><span data-contrast=\"auto\" xml:lang=\"FR-FR\" lang=\"FR-FR\" class=\"TextRun SCXW199349997 BCX0\"><span class=\"NormalTextRun SCXW199349997 BCX0\" data-ccp-parastyle=\"Text body\" data-ccp-parastyle-defn=\"{&quot;ObjectId&quot;:&quot;a8dd28b6-24ed-4dd5-943e-612dff8d352c|41&quot;,&quot;ClassId&quot;:1073872969,&quot;Properties&quot;:[469775450,&quot;Text body&quot;,201340122,&quot;2&quot;,134233614,&quot;true&quot;,469778129,&quot;Textbody&quot;,469777841,&quot;Calibri&quot;,469777842,&quot;Calibri&quot;,469777843,&quot;Calibri&quot;,469777844,&quot;Calibri&quot;,469769226,&quot;Calibri&quot;,268442635,&quot;21&quot;,335559739,&quot;120&quot;,134245417,&quot;false&quot;,469778324,&quot;Standard&quot;,469778325,&quot;[\\&quot;List\\&quot;]&quot;]}\">En ce jour, nous allons m\u00e9diter un passage qui n\u2019est pas \u00e9vident. Il est pourtant au c\u0153ur de notre foi car on y parle d\u2019incarnation, de la mort du Christ, et de r\u00e9surrection. Un instant je me pr\u00e9sente devant Dieu et <\/span><span class=\"NormalTextRun SCXW199349997 BCX0\" data-ccp-parastyle=\"Text body\">lui demande de grandir dans la foi en la naissance de Dieu parmi nous, sa mort sur la Croix, sa r\u00e9surrection qui nous ouvre grandes les portes de la vie en pl\u00e9nitude. <\/span><span class=\"NormalTextRun SCXW199349997 BCX0\" data-ccp-parastyle=\"Text body\">Au nom du P\u00e8re, et du Fils et du Saint Esprit. Amen.<\/span><\/span><span class=\"EOP SCXW199349997 BCX0\" data-ccp-props=\"{&quot;335559739&quot;:120}\">\u00a0<\/span><\/p>\n<p>[\/et_pb_text][et_pb_text _builder_version=\u00a0\u00bb4.11.1&Prime; _module_preset=\u00a0\u00bbdefault\u00a0\u00bb global_colors_info=\u00a0\u00bb{}\u00a0\u00bb]<\/p>\n<blockquote>\n<p><span data-contrast=\"auto\">Puisque les enfants des hommes ont en commun le sang et la chair, J\u00e9sus a partag\u00e9, lui aussi, pareille condition : ainsi, par sa mort, il a pu r\u00e9duire \u00e0 l\u2019impuissance celui qui poss\u00e9dait le pouvoir de la mort, c\u2019est-\u00e0-dire le diable, et il a rendu libres tous ceux qui, par crainte de la mort, passaient toute leur vie dans une situation d\u2019esclaves. Car ceux qu\u2019il prend en charge, ce ne sont pas les anges, c\u2019est la descendance d\u2019Abraham.<\/span><span data-ccp-props=\"{&quot;335559685&quot;:567,&quot;335559739&quot;:63}\">\u00a0<\/span><\/p>\n<p><span data-contrast=\"auto\">Il lui fallait donc se rendre en tout semblable \u00e0 ses fr\u00e8res, pour devenir un grand pr\u00eatre mis\u00e9ricordieux et digne de foi pour les relations avec Dieu, afin d\u2019enlever les p\u00e9ch\u00e9s du peuple. Et parce qu\u2019il a souffert jusqu\u2019au bout l\u2019\u00e9preuve de sa Passion, il est capable de porter secours \u00e0 ceux qui subissent une \u00e9preuve.<\/span><span data-ccp-props=\"{&quot;335559685&quot;:567,&quot;335559739&quot;:63}\">\u00a0<\/span><\/p>\n<\/blockquote>\n<p>&nbsp;<\/p>\n<p style=\"text-align: right;\"><span style=\"color: #000000;\">Textes liturgiques \u00a9 AELF, Paris<\/span><\/p>\n<h3 class=\"western\"><span style=\"background: transparent none repeat scroll 0% 0%; color: #000000;\">Pistes de m\u00e9ditations<\/span><\/h3>\n<p><span data-contrast=\"auto\">1. \u00ab\u202f<\/span><span data-contrast=\"auto\">Puisque les enfants des hommes ont en commun le sang et la chair, J\u00e9sus a partag\u00e9, lui aussi, pareille condition.\u202f\u00bb <\/span><span data-contrast=\"auto\">Cet extrait de l\u2019\u00e9p\u00eetre aux h\u00e9breux nous rappelle l\u2019incroyable myst\u00e8re qu\u2019est l\u2019incarnation. Avec le Christ, Dieu n\u2019est plus le lointain. Il se fait proche. Il est mon P\u00e8re. Je suis son fils, sa fille. Un instant j\u2019accueille son regard d\u2019amour sur moi.<\/span><span data-ccp-props=\"{&quot;335559738&quot;:57,&quot;335559739&quot;:57}\">\u00a0<\/span><\/p>\n<p><span data-contrast=\"auto\">2. \u00ab\u202fP<\/span><span data-contrast=\"auto\">ar sa mort, il a pu r\u00e9duire \u00e0 l\u2019impuissance celui qui poss\u00e9dait le pouvoir de la mort, c\u2019est-\u00e0-dire le diable, et il a rendu libres tous ceux qui, par crainte de la mort, passaient toute leur vie dans une situation d\u2019esclaves.\u202f\u00bb Par la mort et la r\u00e9surrection de J\u00e9sus, la mort est morte. Nous ne sommes plus esclaves par crainte de la mort. Un instant je m\u00e9dite cette bonne nouvelle qui trop souvent ne change pas pour autant ma mani\u00e8re de vivre\u2026<\/span><span data-ccp-props=\"{&quot;335559738&quot;:57,&quot;335559739&quot;:57}\">\u00a0<\/span><\/p>\n<p><span data-contrast=\"auto\">3. \u00ab\u202fP<\/span><span data-contrast=\"auto\">arce qu\u2019il a souffert jusqu\u2019au bout l\u2019\u00e9preuve de sa Passion, il est capable de porter secours \u00e0 ceux qui subissent une \u00e9preuve.\u202f\u00bb L\u2019amour de Dieu pour moi, pour chacun d\u2019entre nous, va jusqu\u2019au don total de sa vie. Avec sainte Th\u00e9r\u00e8se de Lisieux, redisons simplement\u202f: \u00ab\u202fAimer c\u2019est tout donner et se donner soi-m\u00eame.\u202f\u00bb Tel est le chemin de la vie.<\/span><span data-ccp-props=\"{&quot;335559738&quot;:57,&quot;335559739&quot;:57}\">\u00a0<\/span><\/p>\n<p class=\"western\" style=\"margin-top: 0.1cm; margin-bottom: 0.1cm;\"><span style=\"color: #000000;\"><span style=\"background: transparent;\"><\/span><\/span><\/p>\n<h3 class=\"western\"><span style=\"background: transparent none repeat scroll 0% 0%; color: #000000;\">Invitation \u00e0 une pri\u00e8re personnelle<\/span><\/h3>\n<p class=\"western\"><span data-contrast=\"auto\" xml:lang=\"FR-FR\" lang=\"FR-FR\" class=\"TextRun SCXW155423294 BCX0\"><span class=\"NormalTextRun SCXW155423294 BCX0\" data-ccp-parastyle=\"Text body\" data-ccp-parastyle-defn=\"{&quot;ObjectId&quot;:&quot;a8dd28b6-24ed-4dd5-943e-612dff8d352c|41&quot;,&quot;ClassId&quot;:1073872969,&quot;Properties&quot;:[469775450,&quot;Text body&quot;,201340122,&quot;2&quot;,134233614,&quot;true&quot;,469778129,&quot;Textbody&quot;,469777841,&quot;Calibri&quot;,469777842,&quot;Calibri&quot;,469777843,&quot;Calibri&quot;,469777844,&quot;Calibri&quot;,469769226,&quot;Calibri&quot;,268442635,&quot;21&quot;,335559739,&quot;120&quot;,134245417,&quot;false&quot;,469778324,&quot;Standard&quot;,469778325,&quot;[\\&quot;List\\&quot;]&quot;]}\">\u00c0 la fin de ce temps de pri\u00e8re, je m\u2019approche du Christ. Je m\u2019adresse \u00e0 lui comme \u00e0 un ami. Je lui dis mes esp\u00e9rances, mes craintes, mes manques de foi. Je lui dis ce qui habite mon c\u0153ur et lui demande son <\/span><span class=\"NormalTextRun SCXW155423294 BCX0\" data-ccp-parastyle=\"Text body\">aide pour mieux l\u2019aimer et le suivre.<\/span><\/span><span class=\"EOP SCXW155423294 BCX0\" data-ccp-props=\"{&quot;335559739&quot;:120}\">\u00a0<\/span><\/p>\n<p class=\"western\"><span style=\"color: #000000;\"><span style=\"background: transparent;\">\u00a0<\/span><\/span><\/p>\n<h3 class=\"western\"><span style=\"background: transparent none repeat scroll 0% 0%; color: #000000;\">Pri\u00e8re finale<\/span><\/h3>\n<p class=\"western\" style=\"margin-bottom: 0.35cm;\" align=\"left\"><span style=\"color: #000000; font-family: inherit;\"><span style=\"font-size: medium;\"><span style=\"background: transparent;\">Je peux terminer avec une pri\u00e8re de l\u2019\u00c9glise, comme un Notre P\u00e8re.<\/span><\/span><\/span><\/p>\n<h5 class=\"western\"><span style=\"font-family: inherit; font-weight: normal; font-size: medium; color: #000000;\"><span style=\"background: transparent;\">Ne pas oublier d\u2019\u00e9crire le fruit de ce temps<\/span><span style=\"background: transparent;\"> <\/span>sur un carnet ou un fichier.<\/span><\/h5>\n<p><span style=\"font-size: medium; color: #000000;\">\u00a0<\/span><\/p>\n<p>[\/et_pb_text][\/et_pb_column][\/et_pb_row][\/et_pb_section][et_pb_section fb_built=\u00a0\u00bb1&Prime; _builder_version=\u00a0\u00bb4.11.1&Prime; _module_preset=\u00a0\u00bbdefault\u00a0\u00bb min_height=\u00a0\u00bb563.6px\u00a0\u00bb global_colors_info=\u00a0\u00bb{}\u00a0\u00bb][et_pb_row column_structure=\u00a0\u00bb1_2,1_2&Prime; _builder_version=\u00a0\u00bb4.11.1&Prime; _module_preset=\u00a0\u00bbdefault\u00a0\u00bb global_colors_info=\u00a0\u00bb{}\u00a0\u00bb][et_pb_column type=\u00a0\u00bb1_2&Prime; _builder_version=\u00a0\u00bb4.11.1&Prime; _module_preset=\u00a0\u00bbdefault\u00a0\u00bb global_colors_info=\u00a0\u00bb{}\u00a0\u00bb][et_pb_text _builder_version=\u00a0\u00bb4.11.1&Prime; _module_preset=\u00a0\u00bbdefault\u00a0\u00bb global_colors_info=\u00a0\u00bb{}\u00a0\u00bb]<\/p>\n<h1>Pour aller plus loin <\/h1>\n<p>[\/et_pb_text][et_pb_button button_url=\u00a0\u00bb@ET-DC@eyJkeW5hbWljIjp0cnVlLCJjb250ZW50IjoicG9zdF9saW5rX3VybF9wb3N0Iiwic2V0dGluZ3MiOnsicG9zdF9pZCI6IjIwMzAifX0=@\u00a0\u00bb button_text=\u00a0\u00bbVoir les autres propositions du jour\u00a0\u00bb button_alignment=\u00a0\u00bbleft\u00a0\u00bb _builder_version=\u00a0\u00bb4.11.1&Prime; _dynamic_attributes=\u00a0\u00bbbutton_url\u00a0\u00bb _module_preset=\u00a0\u00bbdefault\u00a0\u00bb custom_button=\u00a0\u00bbon\u00a0\u00bb button_text_color=\u00a0\u00bb#FFFFFF\u00a0\u00bb button_bg_color=\u00a0\u00bb#002d43&Prime; button_border_color=\u00a0\u00bbRGBA(0,0,0,0)\u00a0\u00bb custom_padding=\u00a0\u00bb5px|50px||50px|false|false\u00a0\u00bb global_colors_info=\u00a0\u00bb{}\u00a0\u00bb][\/et_pb_button][et_pb_button button_url=\u00a0\u00bbhttps:\/\/retraites.prieenchemin.org\/que-je-voie-ton-visage\/mur-de-prieres\/\u00a0\u00bb button_text=\u00a0\u00bbAcc\u00e9der au mur de pri\u00e8re\u00a0\u00bb button_alignment=\u00a0\u00bbleft\u00a0\u00bb _builder_version=\u00a0\u00bb4.11.1&Prime; _module_preset=\u00a0\u00bbdefault\u00a0\u00bb custom_button=\u00a0\u00bbon\u00a0\u00bb button_text_color=\u00a0\u00bb#FFFFFF\u00a0\u00bb button_bg_color=\u00a0\u00bb#002d43&Prime; button_border_width=\u00a0\u00bb0px\u00a0\u00bb custom_padding=\u00a0\u00bb5px|50px||50px|false|false\u00a0\u00bb global_colors_info=\u00a0\u00bb{}\u00a0\u00bb][\/et_pb_button][et_pb_button button_url=\u00a0\u00bbhttps:\/\/retraites.prieenchemin.org\/que-je-voie-ton-visage\/wp-content\/uploads\/sites\/12\/2022\/05\/Jour-6-Dieu-marionnettiste-ou-qui-aime-Retraite-Que-je-voie-ton-visage-Prie-en-Chemin.pdf\u00a0\u00bb button_text=\u00a0\u00bbT\u00e9l\u00e9charger le PDF\u00a0\u00bb button_alignment=\u00a0\u00bbleft\u00a0\u00bb _builder_version=\u00a0\u00bb4.11.1&Prime; _module_preset=\u00a0\u00bbdefault\u00a0\u00bb custom_button=\u00a0\u00bbon\u00a0\u00bb button_text_color=\u00a0\u00bb#FFFFFF\u00a0\u00bb button_bg_color=\u00a0\u00bb#002d43&Prime; button_border_color=\u00a0\u00bbRGBA(0,0,0,0)\u00a0\u00bb custom_padding=\u00a0\u00bb5px|50px||50px|false|false\u00a0\u00bb global_colors_info=\u00a0\u00bb{}\u00a0\u00bb][\/et_pb_button][\/et_pb_column][et_pb_column type=\u00a0\u00bb1_2&Prime; _builder_version=\u00a0\u00bb4.11.1&Prime; _module_preset=\u00a0\u00bbdefault\u00a0\u00bb global_colors_info=\u00a0\u00bb{}\u00a0\u00bb][et_pb_image src=\u00a0\u00bbhttps:\/\/retraites.prieenchemin.org\/que-je-voie-ton-visage\/wp-content\/uploads\/sites\/12\/2022\/02\/vs3.png\u00a0\u00bb title_text=\u00a0\u00bbvs3&Prime; _builder_version=\u00a0\u00bb4.11.1&Prime; _module_preset=\u00a0\u00bbdefault\u00a0\u00bb global_colors_info=\u00a0\u00bb{}\u00a0\u00bb][\/et_pb_image][\/et_pb_column][\/et_pb_row][\/et_pb_section]<\/p>\n","protected":false},"excerpt":{"rendered":"<p>En ce jour, nous allons m\u00e9diter un passage qui n\u2019est pas \u00e9vident. Il est pourtant au c\u0153ur de notre foi car on y parle d\u2019incarnation, de la mort du Christ, et de r\u00e9surrection. Un instant je me pr\u00e9sente devant Dieu et lui demande de grandir dans la foi en la naissance de Dieu parmi nous, [&hellip;]<\/p>\n","protected":false},"author":6,"featured_media":1763,"comment_status":"closed","ping_status":"closed","sticky":false,"template":"","format":"standard","meta":{"_et_pb_use_builder":"on","_et_pb_old_content":"<!-- wp:heading -->\n<h2>Le topo du jour : une jambe fracass\u00e9e<\/h2>\n<!-- \/wp:heading -->\n\n<!-- wp:embed {\"url\":\"https:\/\/youtu.be\/h58AN0-njzk\",\"type\":\"video\",\"providerNameSlug\":\"youtube\",\"responsive\":true,\"className\":\"wp-embed-aspect-16-9 wp-has-aspect-ratio\"} -->\n<figure class=\"wp-block-embed is-type-video is-provider-youtube wp-block-embed-youtube wp-embed-aspect-16-9 wp-has-aspect-ratio\"><div class=\"wp-block-embed__wrapper\">\nhttps:\/\/youtu.be\/h58AN0-njzk\n<\/div><\/figure>\n<!-- \/wp:embed -->\n\n<!-- wp:separator {\"color\":\"luminous-vivid-orange\",\"className\":\"is-style-wide\"} -->\n<hr class=\"wp-block-separator has-text-color has-background has-luminous-vivid-orange-background-color has-luminous-vivid-orange-color is-style-wide\"\/>\n<!-- \/wp:separator -->\n\n<!-- wp:group {\"style\":{\"color\":{\"background\":\"#fcf08d\"}}} -->\n<div class=\"wp-block-group has-background\" style=\"background-color:#fcf08d\"><div class=\"wp-block-group__inner-container\"><!-- wp:heading -->\n<h2>La m\u00e9ditation guid\u00e9e du jour : L'Ascension<\/h2>\n<!-- \/wp:heading -->\n\n<!-- wp:audio -->\n<figure class=\"wp-block-audio\"><audio controls src=\"https:\/\/prieenchemin.rezando.org\/file?pray=3331\"><\/audio><\/figure>\n<!-- \/wp:audio --><\/div><\/div>\n<!-- \/wp:group -->\n\n<!-- wp:separator {\"color\":\"luminous-vivid-orange\",\"className\":\"is-style-wide\"} -->\n<hr class=\"wp-block-separator has-text-color has-background has-luminous-vivid-orange-background-color has-luminous-vivid-orange-color is-style-wide\"\/>\n<!-- \/wp:separator -->\n\n<!-- wp:heading -->\n<h2>Le t\u00e9moignage du jour : Le genou de Bruno<\/h2>\n<!-- \/wp:heading -->\n\n<!-- wp:embed {\"url\":\"https:\/\/youtu.be\/h58AN0-njzk\",\"type\":\"video\",\"providerNameSlug\":\"youtube\",\"responsive\":true,\"className\":\"wp-embed-aspect-16-9 wp-has-aspect-ratio\"} -->\n<figure class=\"wp-block-embed is-type-video is-provider-youtube wp-block-embed-youtube wp-embed-aspect-16-9 wp-has-aspect-ratio\"><div class=\"wp-block-embed__wrapper\">\nhttps:\/\/youtu.be\/h58AN0-njzk\n<\/div><\/figure>\n<!-- \/wp:embed -->","_et_gb_content_width":"2880","_monsterinsights_skip_tracking":false,"_monsterinsights_sitenote_active":false,"_monsterinsights_sitenote_note":"","_monsterinsights_sitenote_category":0},"categories":[34],"tags":[],"yoast_head":"<!-- This site is optimized with the Yoast SEO plugin v17.7 - https:\/\/yoast.com\/wordpress\/plugins\/seo\/ -->\n<title>M\u00e9diter avec l&#039;Epitre aux H\u00e9breux - Que je voie ton visage<\/title>\n<meta name=\"robots\" content=\"index, follow, max-snippet:-1, max-image-preview:large, max-video-preview:-1\" \/>\n<link rel=\"canonical\" href=\"https:\/\/retraites.prieenchemin.org\/que-je-voie-ton-visage\/mediter-l-epitre-aux-hebreux\/\" \/>\n<meta property=\"og:locale\" content=\"fr_FR\" \/>\n<meta property=\"og:type\" content=\"article\" \/>\n<meta property=\"og:title\" content=\"M\u00e9diter avec l&#039;Epitre aux H\u00e9breux - Que je voie ton visage\" \/>\n<meta property=\"og:description\" content=\"En ce jour, nous allons m\u00e9diter un passage qui n\u2019est pas \u00e9vident. Il est pourtant au c\u0153ur de notre foi car on y parle d\u2019incarnation, de la mort du Christ, et de r\u00e9surrection. Un instant je me pr\u00e9sente devant Dieu et lui demande de grandir dans la foi en la naissance de Dieu parmi nous, [&hellip;]\" \/>\n<meta property=\"og:url\" content=\"https:\/\/retraites.prieenchemin.org\/que-je-voie-ton-visage\/mediter-l-epitre-aux-hebreux\/\" \/>\n<meta property=\"og:site_name\" content=\"Que je voie ton visage\" \/>\n<meta property=\"article:published_time\" content=\"2022-03-29T08:03:38+00:00\" \/>\n<meta property=\"article:modified_time\" content=\"2024-09-03T07:02:14+00:00\" \/>\n<meta property=\"og:image\" content=\"https:\/\/retraites.prieenchemin.org\/que-je-voie-ton-visage\/wp-content\/uploads\/sites\/12\/2022\/03\/jeudi-2.png\" \/>\n\t<meta property=\"og:image:width\" content=\"800\" \/>\n\t<meta property=\"og:image:height\" content=\"500\" \/>\n<meta name=\"twitter:card\" content=\"summary_large_image\" \/>\n<script type=\"application\/ld+json\" class=\"yoast-schema-graph\">{\"@context\":\"https:\/\/schema.org\",\"@graph\":[{\"@type\":\"WebSite\",\"@id\":\"https:\/\/retraites.prieenchemin.org\/que-je-voie-ton-visage\/#website\",\"url\":\"https:\/\/retraites.prieenchemin.org\/que-je-voie-ton-visage\/\",\"name\":\"Que je voie ton visage\",\"description\":\"D\\u00e9poussi\\u00e9rons nos images de Dieu !\",\"potentialAction\":[{\"@type\":\"SearchAction\",\"target\":{\"@type\":\"EntryPoint\",\"urlTemplate\":\"https:\/\/retraites.prieenchemin.org\/que-je-voie-ton-visage\/?s={search_term_string}\"},\"query-input\":\"required name=search_term_string\"}],\"inLanguage\":\"fr-FR\"},{\"@type\":\"ImageObject\",\"@id\":\"https:\/\/retraites.prieenchemin.org\/que-je-voie-ton-visage\/mediter-l-epitre-aux-hebreux\/#primaryimage\",\"inLanguage\":\"fr-FR\",\"url\":\"https:\/\/retraites.prieenchemin.org\/que-je-voie-ton-visage\/wp-content\/uploads\/sites\/12\/2022\/03\/jeudi-2.png\",\"contentUrl\":\"https:\/\/retraites.prieenchemin.org\/que-je-voie-ton-visage\/wp-content\/uploads\/sites\/12\/2022\/03\/jeudi-2.png\",\"width\":800,\"height\":500},{\"@type\":\"WebPage\",\"@id\":\"https:\/\/retraites.prieenchemin.org\/que-je-voie-ton-visage\/mediter-l-epitre-aux-hebreux\/#webpage\",\"url\":\"https:\/\/retraites.prieenchemin.org\/que-je-voie-ton-visage\/mediter-l-epitre-aux-hebreux\/\",\"name\":\"M\\u00e9diter avec l'Epitre aux H\\u00e9breux - Que je voie ton visage\",\"isPartOf\":{\"@id\":\"https:\/\/retraites.prieenchemin.org\/que-je-voie-ton-visage\/#website\"},\"primaryImageOfPage\":{\"@id\":\"https:\/\/retraites.prieenchemin.org\/que-je-voie-ton-visage\/mediter-l-epitre-aux-hebreux\/#primaryimage\"},\"datePublished\":\"2022-03-29T08:03:38+00:00\",\"dateModified\":\"2024-09-03T07:02:14+00:00\",\"author\":{\"@id\":\"https:\/\/retraites.prieenchemin.org\/que-je-voie-ton-visage\/#\/schema\/person\/b4ff3a09b3e89852cadf994ef1bb5ee3\"},\"breadcrumb\":{\"@id\":\"https:\/\/retraites.prieenchemin.org\/que-je-voie-ton-visage\/mediter-l-epitre-aux-hebreux\/#breadcrumb\"},\"inLanguage\":\"fr-FR\",\"potentialAction\":[{\"@type\":\"ReadAction\",\"target\":[\"https:\/\/retraites.prieenchemin.org\/que-je-voie-ton-visage\/mediter-l-epitre-aux-hebreux\/\"]}]},{\"@type\":\"BreadcrumbList\",\"@id\":\"https:\/\/retraites.prieenchemin.org\/que-je-voie-ton-visage\/mediter-l-epitre-aux-hebreux\/#breadcrumb\",\"itemListElement\":[{\"@type\":\"ListItem\",\"position\":1,\"name\":\"Accueil\",\"item\":\"https:\/\/retraites.prieenchemin.org\/que-je-voie-ton-visage\/\"},{\"@type\":\"ListItem\",\"position\":2,\"name\":\"M\\u00e9diter avec l&rsquo;Epitre aux H\\u00e9breux\"}]},{\"@type\":\"Person\",\"@id\":\"https:\/\/retraites.prieenchemin.org\/que-je-voie-ton-visage\/#\/schema\/person\/b4ff3a09b3e89852cadf994ef1bb5ee3\",\"name\":\"mathilde\",\"image\":{\"@type\":\"ImageObject\",\"@id\":\"https:\/\/retraites.prieenchemin.org\/que-je-voie-ton-visage\/#personlogo\",\"inLanguage\":\"fr-FR\",\"url\":\"https:\/\/secure.gravatar.com\/avatar\/9995d7d50392a2a05ced7d202cd42f66?s=96&d=mm&r=g\",\"contentUrl\":\"https:\/\/secure.gravatar.com\/avatar\/9995d7d50392a2a05ced7d202cd42f66?s=96&d=mm&r=g\",\"caption\":\"mathilde\"},\"url\":\"https:\/\/retraites.prieenchemin.org\/que-je-voie-ton-visage\/author\/mathilde\/\"}]}<\/script>\n<!-- \/ Yoast SEO plugin. -->","yoast_head_json":{"title":"M\u00e9diter avec l'Epitre aux H\u00e9breux - Que je voie ton visage","robots":{"index":"index","follow":"follow","max-snippet":"max-snippet:-1","max-image-preview":"max-image-preview:large","max-video-preview":"max-video-preview:-1"},"canonical":"https:\/\/retraites.prieenchemin.org\/que-je-voie-ton-visage\/mediter-l-epitre-aux-hebreux\/","og_locale":"fr_FR","og_type":"article","og_title":"M\u00e9diter avec l'Epitre aux H\u00e9breux - Que je voie ton visage","og_description":"En ce jour, nous allons m\u00e9diter un passage qui n\u2019est pas \u00e9vident. Il est pourtant au c\u0153ur de notre foi car on y parle d\u2019incarnation, de la mort du Christ, et de r\u00e9surrection. Un instant je me pr\u00e9sente devant Dieu et lui demande de grandir dans la foi en la naissance de Dieu parmi nous, [&hellip;]","og_url":"https:\/\/retraites.prieenchemin.org\/que-je-voie-ton-visage\/mediter-l-epitre-aux-hebreux\/","og_site_name":"Que je voie ton visage","article_published_time":"2022-03-29T08:03:38+00:00","article_modified_time":"2024-09-03T07:02:14+00:00","og_image":[{"width":800,"height":500,"url":"https:\/\/retraites.prieenchemin.org\/que-je-voie-ton-visage\/wp-content\/uploads\/sites\/12\/2022\/03\/jeudi-2.png","type":"image\/png"}],"twitter_card":"summary_large_image","schema":{"@context":"https:\/\/schema.org","@graph":[{"@type":"WebSite","@id":"https:\/\/retraites.prieenchemin.org\/que-je-voie-ton-visage\/#website","url":"https:\/\/retraites.prieenchemin.org\/que-je-voie-ton-visage\/","name":"Que je voie ton visage","description":"D\u00e9poussi\u00e9rons nos images de Dieu !","potentialAction":[{"@type":"SearchAction","target":{"@type":"EntryPoint","urlTemplate":"https:\/\/retraites.prieenchemin.org\/que-je-voie-ton-visage\/?s={search_term_string}"},"query-input":"required name=search_term_string"}],"inLanguage":"fr-FR"},{"@type":"ImageObject","@id":"https:\/\/retraites.prieenchemin.org\/que-je-voie-ton-visage\/mediter-l-epitre-aux-hebreux\/#primaryimage","inLanguage":"fr-FR","url":"https:\/\/retraites.prieenchemin.org\/que-je-voie-ton-visage\/wp-content\/uploads\/sites\/12\/2022\/03\/jeudi-2.png","contentUrl":"https:\/\/retraites.prieenchemin.org\/que-je-voie-ton-visage\/wp-content\/uploads\/sites\/12\/2022\/03\/jeudi-2.png","width":800,"height":500},{"@type":"WebPage","@id":"https:\/\/retraites.prieenchemin.org\/que-je-voie-ton-visage\/mediter-l-epitre-aux-hebreux\/#webpage","url":"https:\/\/retraites.prieenchemin.org\/que-je-voie-ton-visage\/mediter-l-epitre-aux-hebreux\/","name":"M\u00e9diter avec l'Epitre aux H\u00e9breux - Que je voie ton visage","isPartOf":{"@id":"https:\/\/retraites.prieenchemin.org\/que-je-voie-ton-visage\/#website"},"primaryImageOfPage":{"@id":"https:\/\/retraites.prieenchemin.org\/que-je-voie-ton-visage\/mediter-l-epitre-aux-hebreux\/#primaryimage"},"datePublished":"2022-03-29T08:03:38+00:00","dateModified":"2024-09-03T07:02:14+00:00","author":{"@id":"https:\/\/retraites.prieenchemin.org\/que-je-voie-ton-visage\/#\/schema\/person\/b4ff3a09b3e89852cadf994ef1bb5ee3"},"breadcrumb":{"@id":"https:\/\/retraites.prieenchemin.org\/que-je-voie-ton-visage\/mediter-l-epitre-aux-hebreux\/#breadcrumb"},"inLanguage":"fr-FR","potentialAction":[{"@type":"ReadAction","target":["https:\/\/retraites.prieenchemin.org\/que-je-voie-ton-visage\/mediter-l-epitre-aux-hebreux\/"]}]},{"@type":"BreadcrumbList","@id":"https:\/\/retraites.prieenchemin.org\/que-je-voie-ton-visage\/mediter-l-epitre-aux-hebreux\/#breadcrumb","itemListElement":[{"@type":"ListItem","position":1,"name":"Accueil","item":"https:\/\/retraites.prieenchemin.org\/que-je-voie-ton-visage\/"},{"@type":"ListItem","position":2,"name":"M\u00e9diter avec l&rsquo;Epitre aux H\u00e9breux"}]},{"@type":"Person","@id":"https:\/\/retraites.prieenchemin.org\/que-je-voie-ton-visage\/#\/schema\/person\/b4ff3a09b3e89852cadf994ef1bb5ee3","name":"mathilde","image":{"@type":"ImageObject","@id":"https:\/\/retraites.prieenchemin.org\/que-je-voie-ton-visage\/#personlogo","inLanguage":"fr-FR","url":"https:\/\/secure.gravatar.com\/avatar\/9995d7d50392a2a05ced7d202cd42f66?s=96&d=mm&r=g","contentUrl":"https:\/\/secure.gravatar.com\/avatar\/9995d7d50392a2a05ced7d202cd42f66?s=96&d=mm&r=g","caption":"mathilde"},"url":"https:\/\/retraites.prieenchemin.org\/que-je-voie-ton-visage\/author\/mathilde\/"}]}},"_links":{"self":[{"href":"https:\/\/retraites.prieenchemin.org\/que-je-voie-ton-visage\/wp-json\/wp\/v2\/posts\/1731"}],"collection":[{"href":"https:\/\/retraites.prieenchemin.org\/que-je-voie-ton-visage\/wp-json\/wp\/v2\/posts"}],"about":[{"href":"https:\/\/retraites.prieenchemin.org\/que-je-voie-ton-visage\/wp-json\/wp\/v2\/types\/post"}],"author":[{"embeddable":true,"href":"https:\/\/retraites.prieenchemin.org\/que-je-voie-ton-visage\/wp-json\/wp\/v2\/users\/6"}],"replies":[{"embeddable":true,"href":"https:\/\/retraites.prieenchemin.org\/que-je-voie-ton-visage\/wp-json\/wp\/v2\/comments?post=1731"}],"version-history":[{"count":0,"href":"https:\/\/retraites.prieenchemin.org\/que-je-voie-ton-visage\/wp-json\/wp\/v2\/posts\/1731\/revisions"}],"wp:featuredmedia":[{"embeddable":true,"href":"https:\/\/retraites.prieenchemin.org\/que-je-voie-ton-visage\/wp-json\/wp\/v2\/media\/1763"}],"wp:attachment":[{"href":"https:\/\/retraites.prieenchemin.org\/que-je-voie-ton-visage\/wp-json\/wp\/v2\/media?parent=1731"}],"wp:term":[{"taxonomy":"category","embeddable":true,"href":"https:\/\/retraites.prieenchemin.org\/que-je-voie-ton-visage\/wp-json\/wp\/v2\/categories?post=1731"},{"taxonomy":"post_tag","embeddable":true,"href":"https:\/\/retraites.prieenchemin.org\/que-je-voie-ton-visage\/wp-json\/wp\/v2\/tags?post=1731"}],"curies":[{"name":"wp","href":"https:\/\/api.w.org\/{rel}","templated":true}]}}