{"id":1728,"date":"2022-03-29T10:09:37","date_gmt":"2022-03-29T08:09:37","guid":{"rendered":"https:\/\/retraites.prieenchemin.org\/careme2022\/?p=1728"},"modified":"2024-09-03T08:52:27","modified_gmt":"2024-09-03T06:52:27","slug":"mediter-avec-jonas","status":"publish","type":"post","link":"https:\/\/retraites.prieenchemin.org\/que-je-voie-ton-visage\/mediter-avec-jonas\/","title":{"rendered":"M\u00e9diter avec Jonas"},"content":{"rendered":"<p>[et_pb_section fb_built=\u00a0\u00bb1&Prime; next_background_color=\u00a0\u00bb#ffffff\u00a0\u00bb admin_label=\u00a0\u00bbVid\u00e9o1&Prime; _builder_version=\u00a0\u00bb4.11.1&Prime; _module_preset=\u00a0\u00bbdefault\u00a0\u00bb background_color=\u00a0\u00bb#FFFFFF\u00a0\u00bb min_height=\u00a0\u00bb1842.7px\u00a0\u00bb custom_padding=\u00a0\u00bb1px|||||\u00a0\u00bb bottom_divider_style=\u00a0\u00bbslant2&Prime; global_colors_info=\u00a0\u00bb{}\u00a0\u00bb][et_pb_row column_structure=\u00a0\u00bb1_2,1_2&Prime; _builder_version=\u00a0\u00bb4.11.1&Prime; _module_preset=\u00a0\u00bbdefault\u00a0\u00bb global_colors_info=\u00a0\u00bb{}\u00a0\u00bb][et_pb_column type=\u00a0\u00bb1_2&Prime; _builder_version=\u00a0\u00bb4.11.1&Prime; _module_preset=\u00a0\u00bbdefault\u00a0\u00bb global_colors_info=\u00a0\u00bb{}\u00a0\u00bb][et_pb_text _builder_version=\u00a0\u00bb4.11.1&Prime; _module_preset=\u00a0\u00bbdefault\u00a0\u00bb global_colors_info=\u00a0\u00bb{}\u00a0\u00bb]<\/p>\n<h1>Jonas est Contrari\u00e9 !\u00a0<br \/>Jonas 3,10 . 4 [1-11]<\/h1>\n<p>&nbsp;<\/p>\n<p>[\/et_pb_text][et_pb_text _builder_version=\u00a0\u00bb4.11.1&Prime; _module_preset=\u00a0\u00bbdefault\u00a0\u00bb global_colors_info=\u00a0\u00bb{}\u00a0\u00bb]<\/p>\n<p><a href=\"https:\/\/retraites.prieenchemin.org\/careme2022\/preparer-sa-priere\/\">Quelques conseils pour pr\u00e9parer sa pri\u00e8re<\/a><\/p>\n<p>[\/et_pb_text][\/et_pb_column][et_pb_column type=\u00a0\u00bb1_2&Prime; _builder_version=\u00a0\u00bb4.11.1&Prime; _module_preset=\u00a0\u00bbdefault\u00a0\u00bb global_colors_info=\u00a0\u00bb{}\u00a0\u00bb][\/et_pb_column][\/et_pb_row][et_pb_row _builder_version=\u00a0\u00bb4.11.1&Prime; _module_preset=\u00a0\u00bbdefault\u00a0\u00bb global_colors_info=\u00a0\u00bb{}\u00a0\u00bb][et_pb_column type=\u00a0\u00bb4_4&Prime; _builder_version=\u00a0\u00bb4.11.1&Prime; _module_preset=\u00a0\u00bbdefault\u00a0\u00bb global_colors_info=\u00a0\u00bb{}\u00a0\u00bb][et_pb_text _builder_version=\u00a0\u00bb4.11.1&Prime; _module_preset=\u00a0\u00bbdefault\u00a0\u00bb text_font_size=\u00a0\u00bb16px\u00a0\u00bb min_height=\u00a0\u00bb142.2px\u00a0\u00bb global_colors_info=\u00a0\u00bb{}\u00a0\u00bb]<\/p>\n<p class=\"western\"><span style=\"background: transparent none repeat scroll 0% 0%; color: #000000;\">Le livre de Jonas est un conte biblique et comme tout conte, il livre nos pens\u00e9es, nos esp\u00e9rances et nos frustrations. Alors quand en plus, on y parle de Dieu et de sa relation \u00e0 l\u2019humanit\u00e9, il ne fait pas s\u2019\u00e9tonner de tomber nez \u00e0 nez avec un dieu qui joue avec nos nerfs\u00a0!<\/span><\/p>\n<p class=\"western\"><span style=\"background: transparent none repeat scroll 0% 0%; color: #000000;\">Au d\u00e9but de ce temps de pri\u00e8re, que l\u2019Esprit de sagesse, de mis\u00e9ricorde et d\u2019amour qui anime Dieu le P\u00e8re nous soit donn\u00e9 en abondance. Au nom du P\u00e8re, et du Fils et du Saint Esprit. Amen.<\/span><\/p>\n<p>&nbsp;<\/p>\n<p class=\"western\" style=\"margin-bottom: 0cm;\"><span style=\"background: transparent;\"><span style=\"color: #000000;\"><\/span><\/span><\/p>\n<p>[\/et_pb_text][\/et_pb_column][\/et_pb_row][et_pb_row _builder_version=\u00a0\u00bb4.11.1&Prime; _module_preset=\u00a0\u00bbdefault\u00a0\u00bb min_height=\u00a0\u00bb355.6px\u00a0\u00bb custom_padding=\u00a0\u00bb43px||0px|||\u00a0\u00bb global_colors_info=\u00a0\u00bb{}\u00a0\u00bb][et_pb_column type=\u00a0\u00bb4_4&Prime; _builder_version=\u00a0\u00bb4.9.4&Prime; _module_preset=\u00a0\u00bbdefault\u00a0\u00bb global_colors_info=\u00a0\u00bb{}\u00a0\u00bb][et_pb_text _builder_version=\u00a0\u00bb4.11.1&Prime; _module_preset=\u00a0\u00bbdefault\u00a0\u00bb custom_padding=\u00a0\u00bb||0px|||\u00a0\u00bb global_colors_info=\u00a0\u00bb{}\u00a0\u00bb]<\/p>\n<p class=\"western\" style=\"margin-bottom: 0cm;\"><span style=\"color: #000000;\"><\/span><\/p>\n<p><span style=\"color: #000000;\"><i><u><span>Je prends le temps de lire lentement et \u00e0 voix haute ce passage pour mieux le go\u00fbter. <\/span><\/u><\/i><\/span><\/p>\n<blockquote>\n<p><span style=\"color: #000000;\"><span style=\"background: transparent;\">En voyant la r\u00e9action des habitants de Ninive, et comment ils se d\u00e9tournaient de leur conduite mauvaise, Dieu renon\u00e7a au ch\u00e2timent dont il les avait menac\u00e9s. <\/span><span style=\"background: transparent;\">Jonas trouva la chose tr\u00e8s mauvaise et se mit en col\u00e8re. Il fit cette pri\u00e8re au Seigneur : \u00ab Ah ! Seigneur, je l\u2019avais bien dit lorsque j\u2019\u00e9tais encore dans mon pays ! C\u2019est pour cela que je m\u2019\u00e9tais d\u2019abord enfui \u00e0 Tarsis. Je savais bien que tu es un Dieu tendre et mis\u00e9ricordieux, lent \u00e0 la col\u00e8re et plein d\u2019amour, renon\u00e7ant au ch\u00e2timent. Eh bien, Seigneur, prends ma vie ; mieux vaut pour moi mourir que vivre. \u00bb Le Seigneur lui dit : \u00ab As-tu vraiment raison de te mettre en col\u00e8re ? \u00bb Jonas sortit de Ninive et s\u2019assit \u00e0 l\u2019est de la ville. L\u00e0, il fit une hutte et s\u2019assit dessous, \u00e0 l\u2019ombre, pour voir ce qui allait arriver dans la ville. Le Seigneur Dieu donna l\u2019ordre \u00e0 un arbuste, un ricin, de pousser au-dessus de Jonas pour donner de l\u2019ombre \u00e0 sa t\u00eate et le d\u00e9livrer ainsi de sa mauvaise humeur. Jonas se r\u00e9jouit d\u2019une grande joie \u00e0 cause du ricin. Mais le lendemain, \u00e0 l\u2019aube, Dieu donna l\u2019ordre \u00e0 un ver de piquer le ricin, et celui-ci se dess\u00e9cha. Au lever du soleil, Dieu donna l\u2019ordre au vent d\u2019est de br\u00fbler ; Jonas fut frapp\u00e9 d\u2019insolation. Se sentant d\u00e9faillir, il demanda la mort et ajouta : \u00ab Mieux vaut pour moi mourir que vivre. \u00bb Dieu dit \u00e0 Jonas : \u00ab As-tu vraiment raison de te mettre en col\u00e8re au sujet de ce ricin ? \u00bb Il r\u00e9pondit : \u00ab Oui, j\u2019ai bien raison de me mettre en col\u00e8re jusqu\u2019\u00e0 souhaiter la mort. \u00bb Le Seigneur r\u00e9pliqua : \u00ab Toi, tu as piti\u00e9 de ce ricin, qui ne t\u2019a co\u00fbt\u00e9 aucun travail et que tu n\u2019as pas fait grandir, qui a pouss\u00e9 en une nuit, et en une nuit a disparu. Et moi, comment n\u2019aurais-je pas piti\u00e9 de Ninive, la grande ville, o\u00f9, sans compter une foule d\u2019animaux, il y a plus de cent vingt mille \u00eatres humains qui ne distinguent pas encore leur droite de leur gauche ? \u00bb<\/span><\/span><\/p>\n<\/blockquote>\n<p class=\"western\" style=\"margin-left: 1.25cm;\"><span style=\"background: transparent;\"><br \/><\/span><span style=\"font-size: medium;\"><span style=\"background: transparent;\"><\/span><\/span><span style=\"font-size: small;\"><span style=\"background: transparent;\"><\/span><\/span><span style=\"font-size: small;\"><span style=\"background: transparent;\"><\/span><\/span><\/p>\n<p style=\"text-align: right;\"><span style=\"color: #000000;\"><i><span>Textes liturgiques \u00a9 <\/span><\/i><\/span><span style=\"color: #000000;\"><i><span>AELF<\/span><\/i><\/span><span style=\"color: #000000;\"><i><span>, Paris<\/span><\/i><\/span><\/p>\n<p align=\"left\">\n<p>[\/et_pb_text][\/et_pb_column][\/et_pb_row][et_pb_row _builder_version=\u00a0\u00bb4.11.1&Prime; _module_preset=\u00a0\u00bbdefault\u00a0\u00bb global_colors_info=\u00a0\u00bb{}\u00a0\u00bb][et_pb_column type=\u00a0\u00bb4_4&Prime; _builder_version=\u00a0\u00bb4.11.1&Prime; _module_preset=\u00a0\u00bbdefault\u00a0\u00bb global_colors_info=\u00a0\u00bb{}\u00a0\u00bb][et_pb_text _builder_version=\u00a0\u00bb4.11.1&Prime; _module_preset=\u00a0\u00bbdefault\u00a0\u00bb global_colors_info=\u00a0\u00bb{}\u00a0\u00bb]<\/p>\n<h3 class=\"western\"><strong>Pistes de m\u00e9ditations<\/strong><\/h3>\n<p class=\"western\" style=\"margin-top: 0.1cm; margin-bottom: 0.1cm;\"><span style=\"color: #000000;\"><span style=\"background: transparent;\">1. Jonas est cet anti-h\u00e9ro qui tente de fuir la mission que Dieu lui a donn\u00e9e : inviter Ninive \u00e0 la conversion. Mais Dieu le rattrape toujours. Je fais m\u00e9moire du d\u00e9but de son histoire : Le bateau sur lequel il s\u2019embarque pour fuir ; la temp\u00eate qui se d\u00e9clenche en repr\u00e9sailles ; les matelots qui le jettent \u00e0 la mer ; les trois jours dans les entrailles du poisson ; Et enfin sa journ\u00e9e \u00e0 p\u00eacher dans la ville immense de Ninive : \u00ab Encore quarante jours, et Ninive sera d\u00e9truite ! \u00bb Je le regarde, ballott\u00e9 entre les d\u00e9cisions de Dieu. Quel place pour sa libert\u00e9 ?<\/span><\/span><\/p>\n<p class=\"western\" style=\"margin-top: 0.1cm; margin-bottom: 0.1cm;\"><span style=\"color: #000000;\"><span style=\"background: transparent;\">2. Jonas est en col\u00e8re car la conversion du peuple a pouss\u00e9 Dieu \u00e0 renoncer au ch\u00e2timent. De fait Jonas ne supporte pas ce visage d\u2019un Dieu \u00ab tendre et mis\u00e9ricordieux, lent \u00e0 la col\u00e8re et plein d\u2019amour, renon\u00e7ant au ch\u00e2timent \u00bb. Pourquoi cette r\u00e9action ? D\u2019o\u00f9 vient-elle ? Fait-elle remonter \u00e0 ma m\u00e9moire un \u00e9v\u00e9nement douloureux dans ma relation \u00e0 Dieu ?<\/span><\/span><\/p>\n<p><span style=\"color: #000000;\"><span style=\"background: transparent;\">3. \u00ab Toi, tu as piti\u00e9 de ce ricin, [\u2026] et moi, comment n\u2019aurais-je pas piti\u00e9 de Ninive&#8230; \u00bb La comparaison peut pr\u00eater \u00e0 sourire. Elle est une invitation \u00e0 demander un regard plus large sur nos vies, sur nos d\u00e9cisions, sur ce que nous traversons, un regard divin, d\u2019entrer dans le regard de Dieu sur le monde, sur nos vies. Un instant j\u2019entre dans cette perspective.<\/span><\/span><\/p>\n<p>&nbsp;<\/p>\n<h3 class=\"western\"><strong><span style=\"background: transparent none repeat scroll 0% 0%; font-family: inherit; font-size: x-large;\">Invitation \u00e0 une pri\u00e8re personnelle<\/span><\/strong><\/h3>\n<p><span style=\"background: transparent none repeat scroll 0% 0%; font-family: inherit; font-size: medium;\"><\/span><\/p>\n<p align=\"left\"><span style=\"color: #000000;\">\u00c0 la fin de ce temps de pri\u00e8re, je me tourne vers Dieu et lui confie ce qui monte de mon c\u0153ur. Joie, inqui\u00e9tude, d\u00e9sarroi, col\u00e8re\u2026 Il est l\u00e0 \u00e0 mes c\u00f4t\u00e9s et m\u2019\u00e9coute. Je peux lui demander son aide pour ajuster mon regard sur une situation ou une relation.<\/span><\/p>\n<p style=\"margin-bottom: 0cm; line-height: 100%; orphans: 2; widows: 2;\" align=\"left\"><span style=\"color: #000000; font-family: inherit; font-size: medium;\"><span style=\"background: transparent;\">\u00a0<\/span><\/span><\/p>\n<h3 class=\"western\"><strong><span style=\"background: transparent none repeat scroll 0% 0%; font-family: inherit; font-size: x-large;\">Pri\u00e8re finale<\/span><\/strong><\/h3>\n<p class=\"western\" style=\"margin-bottom: 0.35cm;\" align=\"left\"><span style=\"color: #000000; font-family: inherit; font-size: medium;\"><span style=\"background: transparent;\">Je peux terminer avec une pri\u00e8re de l\u2019\u00c9glise, comme un Notre P\u00e8re.<\/span><\/span><\/p>\n<h5 class=\"western\"><span style=\"font-family: Arial, sans-serif;\"><span style=\"font-size: medium;\"><b><span><span style=\"font-size: medium;\">Ne pas oublier d\u2019\u00e9crire le f<\/span>ruit de ce temps<\/span><\/b><span> sur un carnet ou un fichier.<\/span><\/span><\/span><\/h5>\n<p>[\/et_pb_text][\/et_pb_column][\/et_pb_row][\/et_pb_section][et_pb_section fb_built=\u00a0\u00bb1&Prime; _builder_version=\u00a0\u00bb4.11.1&Prime; _module_preset=\u00a0\u00bbdefault\u00a0\u00bb global_colors_info=\u00a0\u00bb{}\u00a0\u00bb][et_pb_row column_structure=\u00a0\u00bb1_2,1_2&Prime; _builder_version=\u00a0\u00bb4.11.1&Prime; _module_preset=\u00a0\u00bbdefault\u00a0\u00bb global_colors_info=\u00a0\u00bb{}\u00a0\u00bb][et_pb_column type=\u00a0\u00bb1_2&Prime; _builder_version=\u00a0\u00bb4.11.1&Prime; _module_preset=\u00a0\u00bbdefault\u00a0\u00bb global_colors_info=\u00a0\u00bb{}\u00a0\u00bb][et_pb_text _builder_version=\u00a0\u00bb4.11.1&Prime; _module_preset=\u00a0\u00bbdefault\u00a0\u00bb global_colors_info=\u00a0\u00bb{}\u00a0\u00bb]<\/p>\n<h1>Pour aller plus loin <\/h1>\n<p>[\/et_pb_text][et_pb_button button_url=\u00a0\u00bb@ET-DC@eyJkeW5hbWljIjp0cnVlLCJjb250ZW50IjoicG9zdF9saW5rX3VybF9wb3N0Iiwic2V0dGluZ3MiOnsicG9zdF9pZCI6IjIwMzAifX0=@\u00a0\u00bb button_text=\u00a0\u00bbVoir les autres propositions du jour\u00a0\u00bb button_alignment=\u00a0\u00bbleft\u00a0\u00bb _builder_version=\u00a0\u00bb4.11.1&Prime; _dynamic_attributes=\u00a0\u00bbbutton_url\u00a0\u00bb _module_preset=\u00a0\u00bbdefault\u00a0\u00bb custom_button=\u00a0\u00bbon\u00a0\u00bb button_text_color=\u00a0\u00bb#FFFFFF\u00a0\u00bb button_bg_color=\u00a0\u00bb#002d43&Prime; button_border_color=\u00a0\u00bbRGBA(0,0,0,0)\u00a0\u00bb custom_padding=\u00a0\u00bb5px|50px||50px|false|false\u00a0\u00bb global_colors_info=\u00a0\u00bb{}\u00a0\u00bb][\/et_pb_button][et_pb_button button_url=\u00a0\u00bbhttps:\/\/retraites.prieenchemin.org\/que-je-voie-ton-visage\/mur-de-prieres\/\u00a0\u00bb button_text=\u00a0\u00bbAcc\u00e9der au mur de pri\u00e8re\u00a0\u00bb button_alignment=\u00a0\u00bbleft\u00a0\u00bb _builder_version=\u00a0\u00bb4.11.1&Prime; _module_preset=\u00a0\u00bbdefault\u00a0\u00bb custom_button=\u00a0\u00bbon\u00a0\u00bb button_text_color=\u00a0\u00bb#FFFFFF\u00a0\u00bb button_bg_color=\u00a0\u00bb#002d43&Prime; button_border_width=\u00a0\u00bb0px\u00a0\u00bb custom_padding=\u00a0\u00bb5px|50px||50px|false|false\u00a0\u00bb global_colors_info=\u00a0\u00bb{}\u00a0\u00bb][\/et_pb_button][et_pb_button button_url=\u00a0\u00bbhttps:\/\/retraites.prieenchemin.org\/que-je-voie-ton-visage\/wp-content\/uploads\/sites\/12\/2022\/05\/Jour-6-Dieu-marionnettiste-ou-qui-aime-Retraite-Que-je-voie-ton-visage-Prie-en-Chemin.pdf\u00a0\u00bb button_text=\u00a0\u00bbT\u00e9l\u00e9charger le PDF\u00a0\u00bb button_alignment=\u00a0\u00bbleft\u00a0\u00bb _builder_version=\u00a0\u00bb4.11.1&Prime; _module_preset=\u00a0\u00bbdefault\u00a0\u00bb custom_button=\u00a0\u00bbon\u00a0\u00bb button_text_color=\u00a0\u00bb#FFFFFF\u00a0\u00bb button_bg_color=\u00a0\u00bb#002d43&Prime; button_border_color=\u00a0\u00bbRGBA(0,0,0,0)\u00a0\u00bb custom_padding=\u00a0\u00bb5px|50px||50px|false|false\u00a0\u00bb global_colors_info=\u00a0\u00bb{}\u00a0\u00bb][\/et_pb_button][\/et_pb_column][et_pb_column type=\u00a0\u00bb1_2&Prime; _builder_version=\u00a0\u00bb4.11.1&Prime; _module_preset=\u00a0\u00bbdefault\u00a0\u00bb global_colors_info=\u00a0\u00bb{}\u00a0\u00bb][et_pb_image src=\u00a0\u00bbhttps:\/\/retraites.prieenchemin.org\/que-je-voie-ton-visage\/wp-content\/uploads\/sites\/12\/2022\/02\/vs3.png\u00a0\u00bb title_text=\u00a0\u00bbvs3&Prime; _builder_version=\u00a0\u00bb4.11.1&Prime; _module_preset=\u00a0\u00bbdefault\u00a0\u00bb global_colors_info=\u00a0\u00bb{}\u00a0\u00bb][\/et_pb_image][\/et_pb_column][\/et_pb_row][\/et_pb_section]<\/p>\n","protected":false},"excerpt":{"rendered":"<p>Jonas est Contrari\u00e9 !\u00a0Jonas 3,10 . 4 [1-11] &nbsp;Quelques conseils pour pr\u00e9parer sa pri\u00e8reLe livre de Jonas est un conte biblique et comme tout conte, il livre nos pens\u00e9es, nos esp\u00e9rances et nos frustrations. Alors quand en plus, on y parle de Dieu et de sa relation \u00e0 l\u2019humanit\u00e9, il ne fait pas s\u2019\u00e9tonner de [&hellip;]<\/p>\n","protected":false},"author":6,"featured_media":1737,"comment_status":"closed","ping_status":"closed","sticky":false,"template":"","format":"standard","meta":{"_et_pb_use_builder":"on","_et_pb_old_content":"<!-- wp:heading -->\n<h2>Le topo du jour : une jambe fracass\u00e9e<\/h2>\n<!-- \/wp:heading -->\n\n<!-- wp:embed {\"url\":\"https:\/\/youtu.be\/h58AN0-njzk\",\"type\":\"video\",\"providerNameSlug\":\"youtube\",\"responsive\":true,\"className\":\"wp-embed-aspect-16-9 wp-has-aspect-ratio\"} -->\n<figure class=\"wp-block-embed is-type-video is-provider-youtube wp-block-embed-youtube wp-embed-aspect-16-9 wp-has-aspect-ratio\"><div class=\"wp-block-embed__wrapper\">\nhttps:\/\/youtu.be\/h58AN0-njzk\n<\/div><\/figure>\n<!-- \/wp:embed -->\n\n<!-- wp:separator {\"color\":\"luminous-vivid-orange\",\"className\":\"is-style-wide\"} -->\n<hr class=\"wp-block-separator has-text-color has-background has-luminous-vivid-orange-background-color has-luminous-vivid-orange-color is-style-wide\"\/>\n<!-- \/wp:separator -->\n\n<!-- wp:group {\"style\":{\"color\":{\"background\":\"#fcf08d\"}}} -->\n<div class=\"wp-block-group has-background\" style=\"background-color:#fcf08d\"><div class=\"wp-block-group__inner-container\"><!-- wp:heading -->\n<h2>La m\u00e9ditation guid\u00e9e du jour : L'Ascension<\/h2>\n<!-- \/wp:heading -->\n\n<!-- wp:audio -->\n<figure class=\"wp-block-audio\"><audio controls src=\"https:\/\/prieenchemin.rezando.org\/file?pray=3331\"><\/audio><\/figure>\n<!-- \/wp:audio --><\/div><\/div>\n<!-- \/wp:group -->\n\n<!-- wp:separator {\"color\":\"luminous-vivid-orange\",\"className\":\"is-style-wide\"} -->\n<hr class=\"wp-block-separator has-text-color has-background has-luminous-vivid-orange-background-color has-luminous-vivid-orange-color is-style-wide\"\/>\n<!-- \/wp:separator -->\n\n<!-- wp:heading -->\n<h2>Le t\u00e9moignage du jour : Le genou de Bruno<\/h2>\n<!-- \/wp:heading -->\n\n<!-- wp:embed {\"url\":\"https:\/\/youtu.be\/h58AN0-njzk\",\"type\":\"video\",\"providerNameSlug\":\"youtube\",\"responsive\":true,\"className\":\"wp-embed-aspect-16-9 wp-has-aspect-ratio\"} -->\n<figure class=\"wp-block-embed is-type-video is-provider-youtube wp-block-embed-youtube wp-embed-aspect-16-9 wp-has-aspect-ratio\"><div class=\"wp-block-embed__wrapper\">\nhttps:\/\/youtu.be\/h58AN0-njzk\n<\/div><\/figure>\n<!-- \/wp:embed -->","_et_gb_content_width":"2880","_monsterinsights_skip_tracking":false,"_monsterinsights_sitenote_active":false,"_monsterinsights_sitenote_note":"","_monsterinsights_sitenote_category":0},"categories":[34],"tags":[],"yoast_head":"<!-- This site is optimized with the Yoast SEO plugin v17.7 - https:\/\/yoast.com\/wordpress\/plugins\/seo\/ -->\n<title>M\u00e9diter avec Jonas - Que je voie ton visage<\/title>\n<meta name=\"robots\" content=\"index, follow, max-snippet:-1, max-image-preview:large, max-video-preview:-1\" \/>\n<link rel=\"canonical\" href=\"https:\/\/retraites.prieenchemin.org\/que-je-voie-ton-visage\/mediter-avec-jonas\/\" \/>\n<meta property=\"og:locale\" content=\"fr_FR\" \/>\n<meta property=\"og:type\" content=\"article\" \/>\n<meta property=\"og:title\" content=\"M\u00e9diter avec Jonas - Que je voie ton visage\" \/>\n<meta property=\"og:description\" content=\"Jonas est Contrari\u00e9 !\u00a0Jonas 3,10 . 4 [1-11] &nbsp;Quelques conseils pour pr\u00e9parer sa pri\u00e8reLe livre de Jonas est un conte biblique et comme tout conte, il livre nos pens\u00e9es, nos esp\u00e9rances et nos frustrations. Alors quand en plus, on y parle de Dieu et de sa relation \u00e0 l\u2019humanit\u00e9, il ne fait pas s\u2019\u00e9tonner de [&hellip;]\" \/>\n<meta property=\"og:url\" content=\"https:\/\/retraites.prieenchemin.org\/que-je-voie-ton-visage\/mediter-avec-jonas\/\" \/>\n<meta property=\"og:site_name\" content=\"Que je voie ton visage\" \/>\n<meta property=\"article:published_time\" content=\"2022-03-29T08:09:37+00:00\" \/>\n<meta property=\"article:modified_time\" content=\"2024-09-03T06:52:27+00:00\" \/>\n<meta property=\"og:image\" content=\"https:\/\/retraites.prieenchemin.org\/que-je-voie-ton-visage\/wp-content\/uploads\/sites\/12\/2022\/03\/lundi-4.png\" \/>\n\t<meta property=\"og:image:width\" content=\"800\" \/>\n\t<meta property=\"og:image:height\" content=\"500\" \/>\n<meta name=\"twitter:card\" content=\"summary_large_image\" \/>\n<script type=\"application\/ld+json\" class=\"yoast-schema-graph\">{\"@context\":\"https:\/\/schema.org\",\"@graph\":[{\"@type\":\"WebSite\",\"@id\":\"https:\/\/retraites.prieenchemin.org\/que-je-voie-ton-visage\/#website\",\"url\":\"https:\/\/retraites.prieenchemin.org\/que-je-voie-ton-visage\/\",\"name\":\"Que je voie ton visage\",\"description\":\"D\\u00e9poussi\\u00e9rons nos images de Dieu !\",\"potentialAction\":[{\"@type\":\"SearchAction\",\"target\":{\"@type\":\"EntryPoint\",\"urlTemplate\":\"https:\/\/retraites.prieenchemin.org\/que-je-voie-ton-visage\/?s={search_term_string}\"},\"query-input\":\"required name=search_term_string\"}],\"inLanguage\":\"fr-FR\"},{\"@type\":\"ImageObject\",\"@id\":\"https:\/\/retraites.prieenchemin.org\/que-je-voie-ton-visage\/mediter-avec-jonas\/#primaryimage\",\"inLanguage\":\"fr-FR\",\"url\":\"https:\/\/retraites.prieenchemin.org\/que-je-voie-ton-visage\/wp-content\/uploads\/sites\/12\/2022\/03\/lundi-4.png\",\"contentUrl\":\"https:\/\/retraites.prieenchemin.org\/que-je-voie-ton-visage\/wp-content\/uploads\/sites\/12\/2022\/03\/lundi-4.png\",\"width\":800,\"height\":500},{\"@type\":\"WebPage\",\"@id\":\"https:\/\/retraites.prieenchemin.org\/que-je-voie-ton-visage\/mediter-avec-jonas\/#webpage\",\"url\":\"https:\/\/retraites.prieenchemin.org\/que-je-voie-ton-visage\/mediter-avec-jonas\/\",\"name\":\"M\\u00e9diter avec Jonas - Que je voie ton visage\",\"isPartOf\":{\"@id\":\"https:\/\/retraites.prieenchemin.org\/que-je-voie-ton-visage\/#website\"},\"primaryImageOfPage\":{\"@id\":\"https:\/\/retraites.prieenchemin.org\/que-je-voie-ton-visage\/mediter-avec-jonas\/#primaryimage\"},\"datePublished\":\"2022-03-29T08:09:37+00:00\",\"dateModified\":\"2024-09-03T06:52:27+00:00\",\"author\":{\"@id\":\"https:\/\/retraites.prieenchemin.org\/que-je-voie-ton-visage\/#\/schema\/person\/b4ff3a09b3e89852cadf994ef1bb5ee3\"},\"breadcrumb\":{\"@id\":\"https:\/\/retraites.prieenchemin.org\/que-je-voie-ton-visage\/mediter-avec-jonas\/#breadcrumb\"},\"inLanguage\":\"fr-FR\",\"potentialAction\":[{\"@type\":\"ReadAction\",\"target\":[\"https:\/\/retraites.prieenchemin.org\/que-je-voie-ton-visage\/mediter-avec-jonas\/\"]}]},{\"@type\":\"BreadcrumbList\",\"@id\":\"https:\/\/retraites.prieenchemin.org\/que-je-voie-ton-visage\/mediter-avec-jonas\/#breadcrumb\",\"itemListElement\":[{\"@type\":\"ListItem\",\"position\":1,\"name\":\"Accueil\",\"item\":\"https:\/\/retraites.prieenchemin.org\/que-je-voie-ton-visage\/\"},{\"@type\":\"ListItem\",\"position\":2,\"name\":\"M\\u00e9diter avec Jonas\"}]},{\"@type\":\"Person\",\"@id\":\"https:\/\/retraites.prieenchemin.org\/que-je-voie-ton-visage\/#\/schema\/person\/b4ff3a09b3e89852cadf994ef1bb5ee3\",\"name\":\"mathilde\",\"image\":{\"@type\":\"ImageObject\",\"@id\":\"https:\/\/retraites.prieenchemin.org\/que-je-voie-ton-visage\/#personlogo\",\"inLanguage\":\"fr-FR\",\"url\":\"https:\/\/secure.gravatar.com\/avatar\/9995d7d50392a2a05ced7d202cd42f66?s=96&d=mm&r=g\",\"contentUrl\":\"https:\/\/secure.gravatar.com\/avatar\/9995d7d50392a2a05ced7d202cd42f66?s=96&d=mm&r=g\",\"caption\":\"mathilde\"},\"url\":\"https:\/\/retraites.prieenchemin.org\/que-je-voie-ton-visage\/author\/mathilde\/\"}]}<\/script>\n<!-- \/ Yoast SEO plugin. -->","yoast_head_json":{"title":"M\u00e9diter avec Jonas - Que je voie ton visage","robots":{"index":"index","follow":"follow","max-snippet":"max-snippet:-1","max-image-preview":"max-image-preview:large","max-video-preview":"max-video-preview:-1"},"canonical":"https:\/\/retraites.prieenchemin.org\/que-je-voie-ton-visage\/mediter-avec-jonas\/","og_locale":"fr_FR","og_type":"article","og_title":"M\u00e9diter avec Jonas - Que je voie ton visage","og_description":"Jonas est Contrari\u00e9 !\u00a0Jonas 3,10 . 4 [1-11] &nbsp;Quelques conseils pour pr\u00e9parer sa pri\u00e8reLe livre de Jonas est un conte biblique et comme tout conte, il livre nos pens\u00e9es, nos esp\u00e9rances et nos frustrations. Alors quand en plus, on y parle de Dieu et de sa relation \u00e0 l\u2019humanit\u00e9, il ne fait pas s\u2019\u00e9tonner de [&hellip;]","og_url":"https:\/\/retraites.prieenchemin.org\/que-je-voie-ton-visage\/mediter-avec-jonas\/","og_site_name":"Que je voie ton visage","article_published_time":"2022-03-29T08:09:37+00:00","article_modified_time":"2024-09-03T06:52:27+00:00","og_image":[{"width":800,"height":500,"url":"https:\/\/retraites.prieenchemin.org\/que-je-voie-ton-visage\/wp-content\/uploads\/sites\/12\/2022\/03\/lundi-4.png","type":"image\/png"}],"twitter_card":"summary_large_image","schema":{"@context":"https:\/\/schema.org","@graph":[{"@type":"WebSite","@id":"https:\/\/retraites.prieenchemin.org\/que-je-voie-ton-visage\/#website","url":"https:\/\/retraites.prieenchemin.org\/que-je-voie-ton-visage\/","name":"Que je voie ton visage","description":"D\u00e9poussi\u00e9rons nos images de Dieu !","potentialAction":[{"@type":"SearchAction","target":{"@type":"EntryPoint","urlTemplate":"https:\/\/retraites.prieenchemin.org\/que-je-voie-ton-visage\/?s={search_term_string}"},"query-input":"required name=search_term_string"}],"inLanguage":"fr-FR"},{"@type":"ImageObject","@id":"https:\/\/retraites.prieenchemin.org\/que-je-voie-ton-visage\/mediter-avec-jonas\/#primaryimage","inLanguage":"fr-FR","url":"https:\/\/retraites.prieenchemin.org\/que-je-voie-ton-visage\/wp-content\/uploads\/sites\/12\/2022\/03\/lundi-4.png","contentUrl":"https:\/\/retraites.prieenchemin.org\/que-je-voie-ton-visage\/wp-content\/uploads\/sites\/12\/2022\/03\/lundi-4.png","width":800,"height":500},{"@type":"WebPage","@id":"https:\/\/retraites.prieenchemin.org\/que-je-voie-ton-visage\/mediter-avec-jonas\/#webpage","url":"https:\/\/retraites.prieenchemin.org\/que-je-voie-ton-visage\/mediter-avec-jonas\/","name":"M\u00e9diter avec Jonas - Que je voie ton visage","isPartOf":{"@id":"https:\/\/retraites.prieenchemin.org\/que-je-voie-ton-visage\/#website"},"primaryImageOfPage":{"@id":"https:\/\/retraites.prieenchemin.org\/que-je-voie-ton-visage\/mediter-avec-jonas\/#primaryimage"},"datePublished":"2022-03-29T08:09:37+00:00","dateModified":"2024-09-03T06:52:27+00:00","author":{"@id":"https:\/\/retraites.prieenchemin.org\/que-je-voie-ton-visage\/#\/schema\/person\/b4ff3a09b3e89852cadf994ef1bb5ee3"},"breadcrumb":{"@id":"https:\/\/retraites.prieenchemin.org\/que-je-voie-ton-visage\/mediter-avec-jonas\/#breadcrumb"},"inLanguage":"fr-FR","potentialAction":[{"@type":"ReadAction","target":["https:\/\/retraites.prieenchemin.org\/que-je-voie-ton-visage\/mediter-avec-jonas\/"]}]},{"@type":"BreadcrumbList","@id":"https:\/\/retraites.prieenchemin.org\/que-je-voie-ton-visage\/mediter-avec-jonas\/#breadcrumb","itemListElement":[{"@type":"ListItem","position":1,"name":"Accueil","item":"https:\/\/retraites.prieenchemin.org\/que-je-voie-ton-visage\/"},{"@type":"ListItem","position":2,"name":"M\u00e9diter avec Jonas"}]},{"@type":"Person","@id":"https:\/\/retraites.prieenchemin.org\/que-je-voie-ton-visage\/#\/schema\/person\/b4ff3a09b3e89852cadf994ef1bb5ee3","name":"mathilde","image":{"@type":"ImageObject","@id":"https:\/\/retraites.prieenchemin.org\/que-je-voie-ton-visage\/#personlogo","inLanguage":"fr-FR","url":"https:\/\/secure.gravatar.com\/avatar\/9995d7d50392a2a05ced7d202cd42f66?s=96&d=mm&r=g","contentUrl":"https:\/\/secure.gravatar.com\/avatar\/9995d7d50392a2a05ced7d202cd42f66?s=96&d=mm&r=g","caption":"mathilde"},"url":"https:\/\/retraites.prieenchemin.org\/que-je-voie-ton-visage\/author\/mathilde\/"}]}},"_links":{"self":[{"href":"https:\/\/retraites.prieenchemin.org\/que-je-voie-ton-visage\/wp-json\/wp\/v2\/posts\/1728"}],"collection":[{"href":"https:\/\/retraites.prieenchemin.org\/que-je-voie-ton-visage\/wp-json\/wp\/v2\/posts"}],"about":[{"href":"https:\/\/retraites.prieenchemin.org\/que-je-voie-ton-visage\/wp-json\/wp\/v2\/types\/post"}],"author":[{"embeddable":true,"href":"https:\/\/retraites.prieenchemin.org\/que-je-voie-ton-visage\/wp-json\/wp\/v2\/users\/6"}],"replies":[{"embeddable":true,"href":"https:\/\/retraites.prieenchemin.org\/que-je-voie-ton-visage\/wp-json\/wp\/v2\/comments?post=1728"}],"version-history":[{"count":0,"href":"https:\/\/retraites.prieenchemin.org\/que-je-voie-ton-visage\/wp-json\/wp\/v2\/posts\/1728\/revisions"}],"wp:featuredmedia":[{"embeddable":true,"href":"https:\/\/retraites.prieenchemin.org\/que-je-voie-ton-visage\/wp-json\/wp\/v2\/media\/1737"}],"wp:attachment":[{"href":"https:\/\/retraites.prieenchemin.org\/que-je-voie-ton-visage\/wp-json\/wp\/v2\/media?parent=1728"}],"wp:term":[{"taxonomy":"category","embeddable":true,"href":"https:\/\/retraites.prieenchemin.org\/que-je-voie-ton-visage\/wp-json\/wp\/v2\/categories?post=1728"},{"taxonomy":"post_tag","embeddable":true,"href":"https:\/\/retraites.prieenchemin.org\/que-je-voie-ton-visage\/wp-json\/wp\/v2\/tags?post=1728"}],"curies":[{"name":"wp","href":"https:\/\/api.w.org\/{rel}","templated":true}]}}