{"id":1630,"date":"2022-03-17T13:13:03","date_gmt":"2022-03-17T12:13:03","guid":{"rendered":"https:\/\/retraites.prieenchemin.org\/careme2022\/?p=1630"},"modified":"2024-09-03T09:03:25","modified_gmt":"2024-09-03T07:03:25","slug":"mediter-dieu-misericordieux","status":"publish","type":"post","link":"https:\/\/retraites.prieenchemin.org\/que-je-voie-ton-visage\/mediter-dieu-misericordieux\/","title":{"rendered":"M\u00e9diter avec le Dieu mis\u00e9ricordieux"},"content":{"rendered":"<p>[et_pb_section fb_built=\u00a0\u00bb1&Prime; next_background_color=\u00a0\u00bb#ffffff\u00a0\u00bb admin_label=\u00a0\u00bbVid\u00e9o1&Prime; _builder_version=\u00a0\u00bb4.11.1&Prime; _module_preset=\u00a0\u00bbdefault\u00a0\u00bb background_color=\u00a0\u00bb#FFFFFF\u00a0\u00bb min_height=\u00a0\u00bb1486.7px\u00a0\u00bb custom_padding=\u00a0\u00bb1px||0px|||\u00a0\u00bb bottom_divider_style=\u00a0\u00bbslant2&Prime; global_colors_info=\u00a0\u00bb{}\u00a0\u00bb][et_pb_row column_structure=\u00a0\u00bb3_5,2_5&Prime; _builder_version=\u00a0\u00bb4.11.1&Prime; _module_preset=\u00a0\u00bbdefault\u00a0\u00bb global_colors_info=\u00a0\u00bb{}\u00a0\u00bb][et_pb_column type=\u00a0\u00bb3_5&Prime; _builder_version=\u00a0\u00bb4.11.1&Prime; _module_preset=\u00a0\u00bbdefault\u00a0\u00bb global_colors_info=\u00a0\u00bb{}\u00a0\u00bb][et_pb_text _builder_version=\u00a0\u00bb4.11.1&Prime; _module_preset=\u00a0\u00bbdefault\u00a0\u00bb global_colors_info=\u00a0\u00bb{}\u00a0\u00bb]<\/p>\n<p>En ce jeudi, m\u00e9ditons la Parole de Dieu. N&rsquo;h\u00e9sitez pas \u00e0 visiter notre page \u00ab\u00a0<a href=\"https:\/\/retraites.prieenchemin.org\/careme2022\/preparer-sa-priere\/\">Pr\u00e9parer sa pri\u00e8re<\/a>\u00ab\u00a0. D\u00e9terminez le lieu, la dur\u00e9e, le moment, et les moyens pour vivre ce temps de pri\u00e8re dans les meilleures conditions.<\/p>\n<p>[\/et_pb_text][\/et_pb_column][et_pb_column type=\u00a0\u00bb2_5&Prime; _builder_version=\u00a0\u00bb4.11.1&Prime; _module_preset=\u00a0\u00bbdefault\u00a0\u00bb global_colors_info=\u00a0\u00bb{}\u00a0\u00bb][\/et_pb_column][\/et_pb_row][et_pb_row _builder_version=\u00a0\u00bb4.11.1&Prime; _module_preset=\u00a0\u00bbdefault\u00a0\u00bb min_height=\u00a0\u00bb579.6px\u00a0\u00bb custom_padding=\u00a0\u00bb43px||0px|||\u00a0\u00bb global_colors_info=\u00a0\u00bb{}\u00a0\u00bb][et_pb_column type=\u00a0\u00bb4_4&Prime; _builder_version=\u00a0\u00bb4.9.4&Prime; _module_preset=\u00a0\u00bbdefault\u00a0\u00bb global_colors_info=\u00a0\u00bb{}\u00a0\u00bb][et_pb_text _builder_version=\u00a0\u00bb4.11.1&Prime; _module_preset=\u00a0\u00bbdefault\u00a0\u00bb text_font_size=\u00a0\u00bb16px\u00a0\u00bb global_colors_info=\u00a0\u00bb{}\u00a0\u00bb]<\/p>\n<p class=\"western\"><span style=\"color: #000000;\"><span style=\"background: transparent;\">En ce jour je m\u2019appr\u00eate \u00e0 \u00e9couter saint Paul qui s\u2019adresse \u00e0 moi, <i>Timoth\u00e9e<\/i>, litt\u00e9ralement \u2018<i>honneur de Dieu<\/i>\u2019. Devant cette bonne nouvelle, je me pr\u00e9pare en accueillant en silence la pr\u00e9sence de Dieu \u00e0 mes c\u00f4t\u00e9s. Que tout mon corps, toute mon histoire, tous mes d\u00e9sirs soient orient\u00e9s vers Dieu pour mieux l\u2019aimer et le suivre.<\/span><\/span><\/p>\n<p class=\"western\" style=\"margin-bottom: 0cm;\"><span style=\"background: transparent;\"><span style=\"color: #000000;\">Au nom du P\u00e8re, et du Fils et du Saint Esprit. Amen.<\/span><\/span><\/p>\n<p>[\/et_pb_text][et_pb_text _builder_version=\u00a0\u00bb4.11.1&Prime; _module_preset=\u00a0\u00bbdefault\u00a0\u00bb custom_margin=\u00a0\u00bb||-18px|||\u00a0\u00bb global_colors_info=\u00a0\u00bb{}\u00a0\u00bb]<\/p>\n<blockquote>\n<p class=\"western\" style=\"margin-left: 1cm; margin-bottom: 0.11cm; background: transparent;\"><span style=\"font-size: medium;\"><span style=\"background: transparent;\">PAUL, AP\u00d4TRE du Christ J\u00e9sus par ordre de Dieu notre Sauveur et du Christ J\u00e9sus notre esp\u00e9rance, \u00e0 Timoth\u00e9e, mon v\u00e9ritable enfant dans la foi. \u00c0 toi, la gr\u00e2ce, la mis\u00e9ricorde et la paix de la part de Dieu le P\u00e8re et du Christ J\u00e9sus notre Seigneur. <\/span><\/span><\/p>\n<p class=\"western\" style=\"margin-left: 1cm; margin-bottom: 0.11cm; background: transparent;\"><span style=\"font-size: medium;\"><span style=\"background: transparent;\">Comme je te l\u2019ai recommand\u00e9 en partant pour la Mac\u00e9doine, reste \u00e0 \u00c9ph\u00e8se pour interdire \u00e0 certains de donner un enseignement diff\u00e9rent ou de s\u2019attacher \u00e0 des r\u00e9cits mythologiques et \u00e0 des g\u00e9n\u00e9alogies interminables : cela ne porte qu\u2019\u00e0 de vaines recherches, plut\u00f4t qu\u2019au dessein de Dieu qu\u2019on accueille dans la foi.<\/span><\/span><\/p>\n<p class=\"western\" style=\"margin-left: 1cm; margin-bottom: 0.11cm; background: transparent;\"><span style=\"font-size: medium;\"><span style=\"background: transparent;\">Le but de cette interdiction, c\u2019est l\u2019amour, la charit\u00e9, qui vient d\u2019un c\u0153ur pur, d\u2019une conscience droite et d\u2019une foi sans d\u00e9tours. Pour s\u2019\u00eatre \u00e9cart\u00e9s de ce chemin, certains se sont tourn\u00e9s vers des discours inconsistants ; ils veulent passer pour des sp\u00e9cialistes de la Loi, alors qu\u2019ils ne comprennent ni ce qu\u2019ils disent, ni ce dont ils se portent garants. <\/span><\/span><\/p>\n<p class=\"western\" style=\"margin-left: 1cm; margin-bottom: 0.11cm; background: transparent;\"><span style=\"font-size: medium;\"><span style=\"background: transparent;\">Or nous savons que la Loi est bonne, \u00e0 condition d\u2019en faire un usage l\u00e9gitime.<\/span><\/span><\/p>\n<\/blockquote>\n<p>&nbsp;<\/p>\n<p style=\"text-align: right;\"><span style=\"color: #000000;\">Textes liturgiques \u00a9 AELF, Paris<\/span><\/p>\n<h3 class=\"western\"><span style=\"background: transparent none repeat scroll 0% 0%; color: #000000;\">Pistes de m\u00e9ditations<\/span><\/h3>\n<p><span style=\"color: #000000;\">1. Au d\u00e9but de sa lettre, saint Paul rappelle \u00e0 Timoth\u00e9e sa mission : rester \u00e0 \u00c9ph\u00e8se pour faire respecter la loi en interdisant \u00e0 certains de donner un enseignement diff\u00e9rent ou de s\u2019attacher \u00e0 des r\u00e9cits mythologiques. Le risque encouru serait selon Paul\u00a0de porter \u00e0 de vaines recherches. J\u2019imagine Paul \u00e9crire ces lignes. Et je redis avec mes mots sa mise en garde\u00a0? Quelles pourraient \u00eatre ces vaines recherches\u00a0? Comment est-ce que je re\u00e7ois cette requ\u00eate\u00a0?<\/span><\/p>\n<p><span style=\"color: #000000;\">2. Aujourd\u2019hui ce r\u00f4le de jugement de la foi, on pourrait dire de l\u2019enseignement de la foi, est d\u00e9volue aux \u00e9v\u00eaques qui vont le d\u00e9l\u00e9guer aux pr\u00eatres et aux cat\u00e9chistes. Ces enseignements m\u2019aident \u00e0 \u00e9clairer mon jugement. En pensant aux ann\u00e9es pass\u00e9es, o\u00f9 ai-je puis\u00e9 pour grandir dans ma foi, enseignements, livres, conf\u00e9rences, hom\u00e9lies&#8230;?<\/span><\/p>\n<p><span style=\"color: #000000;\">3. Dans le paragraphe suivant, Paul donne le but de cette exigence : Pouvoir vivre l\u2019amour, la charit\u00e9, qui vient d\u2019un c\u0153ur pur, d\u2019une conscience droite et d\u2019une foi sans d\u00e9tours. Je laisse r\u00e9sonner cette phrase. Quel mot me rejoint ou me d\u00e9range davantage\u00a0? Amour, charit\u00e9, c\u0153ur pur, conscience droite, foi sans d\u00e9tour\u00a0?<\/span><\/p>\n<p class=\"western\" style=\"margin-top: 0.1cm; margin-bottom: 0.1cm;\"><span style=\"color: #000000;\"><span style=\"background: transparent;\"><\/span><\/span><\/p>\n<h3 class=\"western\"><span style=\"background: transparent none repeat scroll 0% 0%; color: #000000;\">Invitation \u00e0 une pri\u00e8re personnelle<\/span><\/h3>\n<p class=\"western\"><span style=\"background: transparent none repeat scroll 0% 0%; color: #000000;\">\u00c0 la fin de ce temps de pri\u00e8re, je me tourne vers le Christ qui nous a r\u00e9v\u00e9l\u00e9 par sa vie et son enseignement le v\u00e9ritable visage de Dieu\u00a0: un P\u00e8re aimant et mis\u00e9ricordieux. Je lui partage ce qui m\u2019est venu, peut-\u00eatre des questions ou des prises de conscience. Je lui parle comme un ami parle \u00e0 un ami, un serviteur \u00e0 son ma\u00eetre\u00a0: avec simplicit\u00e9 et respect.<\/span><\/p>\n<p class=\"western\"><span style=\"color: #000000;\"><span style=\"background: transparent;\">\u00a0<\/span><\/span><\/p>\n<h3 class=\"western\"><span style=\"background: transparent none repeat scroll 0% 0%; color: #000000;\">Pri\u00e8re finale<\/span><\/h3>\n<p class=\"western\" style=\"margin-bottom: 0.35cm;\" align=\"left\"><span style=\"color: #000000; font-family: inherit;\"><span style=\"font-size: medium;\"><span style=\"background: transparent;\">Je peux terminer avec une pri\u00e8re de l\u2019\u00c9glise, comme un Notre P\u00e8re.<\/span><\/span><\/span><\/p>\n<h5 class=\"western\"><span style=\"font-family: inherit; font-weight: normal; font-size: medium; color: #000000;\"><span style=\"background: transparent;\">Ne pas oublier d\u2019\u00e9crire le fruit de ce temps<\/span><span style=\"background: transparent;\"> <\/span>sur un carnet ou un fichier.<\/span><\/h5>\n<p><span style=\"font-size: medium; color: #000000;\">\u00a0<\/span><\/p>\n<p>[\/et_pb_text][\/et_pb_column][\/et_pb_row][\/et_pb_section][et_pb_section fb_built=\u00a0\u00bb1&Prime; _builder_version=\u00a0\u00bb4.11.1&Prime; _module_preset=\u00a0\u00bbdefault\u00a0\u00bb global_colors_info=\u00a0\u00bb{}\u00a0\u00bb][et_pb_row column_structure=\u00a0\u00bb1_2,1_2&Prime; _builder_version=\u00a0\u00bb4.11.1&Prime; _module_preset=\u00a0\u00bbdefault\u00a0\u00bb global_colors_info=\u00a0\u00bb{}\u00a0\u00bb][et_pb_column type=\u00a0\u00bb1_2&Prime; _builder_version=\u00a0\u00bb4.11.1&Prime; _module_preset=\u00a0\u00bbdefault\u00a0\u00bb global_colors_info=\u00a0\u00bb{}\u00a0\u00bb][et_pb_text _builder_version=\u00a0\u00bb4.11.1&Prime; _module_preset=\u00a0\u00bbdefault\u00a0\u00bb global_colors_info=\u00a0\u00bb{}\u00a0\u00bb]<\/p>\n<h1>Pour aller plus loin <\/h1>\n<p>[\/et_pb_text][et_pb_button button_url=\u00a0\u00bb@ET-DC@eyJkeW5hbWljIjp0cnVlLCJjb250ZW50IjoicG9zdF9saW5rX3VybF9wb3N0Iiwic2V0dGluZ3MiOnsicG9zdF9pZCI6IjIwMTcifX0=@\u00a0\u00bb button_text=\u00a0\u00bbVoir les autres propositions du jour\u00a0\u00bb button_alignment=\u00a0\u00bbleft\u00a0\u00bb _builder_version=\u00a0\u00bb4.11.1&Prime; _dynamic_attributes=\u00a0\u00bbbutton_url\u00a0\u00bb _module_preset=\u00a0\u00bbdefault\u00a0\u00bb custom_button=\u00a0\u00bbon\u00a0\u00bb button_text_color=\u00a0\u00bb#FFFFFF\u00a0\u00bb button_bg_color=\u00a0\u00bb#002d43&Prime; button_border_color=\u00a0\u00bbRGBA(0,0,0,0)\u00a0\u00bb custom_padding=\u00a0\u00bb5px|50px||50px|false|false\u00a0\u00bb global_colors_info=\u00a0\u00bb{}\u00a0\u00bb][\/et_pb_button][et_pb_button button_url=\u00a0\u00bbhttps:\/\/retraites.prieenchemin.org\/que-je-voie-ton-visage\/mur-de-prieres\/\u00a0\u00bb button_text=\u00a0\u00bbAcc\u00e9der au mur de pri\u00e8re\u00a0\u00bb button_alignment=\u00a0\u00bbleft\u00a0\u00bb _builder_version=\u00a0\u00bb4.11.1&Prime; _module_preset=\u00a0\u00bbdefault\u00a0\u00bb custom_button=\u00a0\u00bbon\u00a0\u00bb button_text_color=\u00a0\u00bb#FFFFFF\u00a0\u00bb button_bg_color=\u00a0\u00bb#002d43&Prime; button_border_width=\u00a0\u00bb0px\u00a0\u00bb custom_padding=\u00a0\u00bb5px|50px||50px|false|false\u00a0\u00bb global_colors_info=\u00a0\u00bb{}\u00a0\u00bb][\/et_pb_button][et_pb_button button_url=\u00a0\u00bbhttps:\/\/retraites.prieenchemin.org\/que-je-voie-ton-visage\/wp-content\/uploads\/sites\/12\/2022\/05\/Jour-5-Dieu-juge-ou-misericordieux-Retraite-Que-je-voie-ton-visage-Prie-en-Chemin.pdf\u00a0\u00bb button_text=\u00a0\u00bbT\u00e9l\u00e9charger le PDF\u00a0\u00bb button_alignment=\u00a0\u00bbleft\u00a0\u00bb _builder_version=\u00a0\u00bb4.11.1&Prime; _module_preset=\u00a0\u00bbdefault\u00a0\u00bb custom_button=\u00a0\u00bbon\u00a0\u00bb button_text_color=\u00a0\u00bb#FFFFFF\u00a0\u00bb button_bg_color=\u00a0\u00bb#002d43&Prime; button_border_color=\u00a0\u00bbRGBA(0,0,0,0)\u00a0\u00bb custom_padding=\u00a0\u00bb5px|50px||50px|false|false\u00a0\u00bb global_colors_info=\u00a0\u00bb{}\u00a0\u00bb][\/et_pb_button][\/et_pb_column][et_pb_column type=\u00a0\u00bb1_2&Prime; _builder_version=\u00a0\u00bb4.11.1&Prime; _module_preset=\u00a0\u00bbdefault\u00a0\u00bb global_colors_info=\u00a0\u00bb{}\u00a0\u00bb][et_pb_image src=\u00a0\u00bbhttps:\/\/retraites.prieenchemin.org\/que-je-voie-ton-visage\/wp-content\/uploads\/sites\/12\/2022\/02\/vs3.png\u00a0\u00bb title_text=\u00a0\u00bbvs3&Prime; _builder_version=\u00a0\u00bb4.11.1&Prime; _module_preset=\u00a0\u00bbdefault\u00a0\u00bb global_colors_info=\u00a0\u00bb{}\u00a0\u00bb][\/et_pb_image][\/et_pb_column][\/et_pb_row][\/et_pb_section]<\/p>\n","protected":false},"excerpt":{"rendered":"<p>En ce jeudi, m\u00e9ditons la Parole de Dieu. N&rsquo;h\u00e9sitez pas \u00e0 visiter notre page \u00ab\u00a0Pr\u00e9parer sa pri\u00e8re\u00a0\u00bb. D\u00e9terminez le lieu, la dur\u00e9e, le moment, et les moyens pour vivre ce temps de pri\u00e8re dans les meilleures conditions.En ce jour je m\u2019appr\u00eate \u00e0 \u00e9couter saint Paul qui s\u2019adresse \u00e0 moi, Timoth\u00e9e, litt\u00e9ralement \u2018honneur de Dieu\u2019. Devant [&hellip;]<\/p>\n","protected":false},"author":6,"featured_media":1646,"comment_status":"closed","ping_status":"closed","sticky":false,"template":"","format":"standard","meta":{"_et_pb_use_builder":"on","_et_pb_old_content":"<!-- wp:heading -->\n<h2>Le topo du jour : une jambe fracass\u00e9e<\/h2>\n<!-- \/wp:heading -->\n\n<!-- wp:embed {\"url\":\"https:\/\/youtu.be\/h58AN0-njzk\",\"type\":\"video\",\"providerNameSlug\":\"youtube\",\"responsive\":true,\"className\":\"wp-embed-aspect-16-9 wp-has-aspect-ratio\"} -->\n<figure class=\"wp-block-embed is-type-video is-provider-youtube wp-block-embed-youtube wp-embed-aspect-16-9 wp-has-aspect-ratio\"><div class=\"wp-block-embed__wrapper\">\nhttps:\/\/youtu.be\/h58AN0-njzk\n<\/div><\/figure>\n<!-- \/wp:embed -->\n\n<!-- wp:separator {\"color\":\"luminous-vivid-orange\",\"className\":\"is-style-wide\"} -->\n<hr class=\"wp-block-separator has-text-color has-background has-luminous-vivid-orange-background-color has-luminous-vivid-orange-color is-style-wide\"\/>\n<!-- \/wp:separator -->\n\n<!-- wp:group {\"style\":{\"color\":{\"background\":\"#fcf08d\"}}} -->\n<div class=\"wp-block-group has-background\" style=\"background-color:#fcf08d\"><div class=\"wp-block-group__inner-container\"><!-- wp:heading -->\n<h2>La m\u00e9ditation guid\u00e9e du jour : L'Ascension<\/h2>\n<!-- \/wp:heading -->\n\n<!-- wp:audio -->\n<figure class=\"wp-block-audio\"><audio controls src=\"https:\/\/prieenchemin.rezando.org\/file?pray=3331\"><\/audio><\/figure>\n<!-- \/wp:audio --><\/div><\/div>\n<!-- \/wp:group -->\n\n<!-- wp:separator {\"color\":\"luminous-vivid-orange\",\"className\":\"is-style-wide\"} -->\n<hr class=\"wp-block-separator has-text-color has-background has-luminous-vivid-orange-background-color has-luminous-vivid-orange-color is-style-wide\"\/>\n<!-- \/wp:separator -->\n\n<!-- wp:heading -->\n<h2>Le t\u00e9moignage du jour : Le genou de Bruno<\/h2>\n<!-- \/wp:heading -->\n\n<!-- wp:embed {\"url\":\"https:\/\/youtu.be\/h58AN0-njzk\",\"type\":\"video\",\"providerNameSlug\":\"youtube\",\"responsive\":true,\"className\":\"wp-embed-aspect-16-9 wp-has-aspect-ratio\"} -->\n<figure class=\"wp-block-embed is-type-video is-provider-youtube wp-block-embed-youtube wp-embed-aspect-16-9 wp-has-aspect-ratio\"><div class=\"wp-block-embed__wrapper\">\nhttps:\/\/youtu.be\/h58AN0-njzk\n<\/div><\/figure>\n<!-- \/wp:embed -->","_et_gb_content_width":"2880","_monsterinsights_skip_tracking":false,"_monsterinsights_sitenote_active":false,"_monsterinsights_sitenote_note":"","_monsterinsights_sitenote_category":0},"categories":[33],"tags":[],"yoast_head":"<!-- This site is optimized with the Yoast SEO plugin v17.7 - https:\/\/yoast.com\/wordpress\/plugins\/seo\/ -->\n<title>M\u00e9diter avec le Dieu mis\u00e9ricordieux - Que je voie ton visage<\/title>\n<meta name=\"robots\" content=\"index, follow, max-snippet:-1, max-image-preview:large, max-video-preview:-1\" \/>\n<link rel=\"canonical\" href=\"https:\/\/retraites.prieenchemin.org\/que-je-voie-ton-visage\/mediter-dieu-misericordieux\/\" \/>\n<meta property=\"og:locale\" content=\"fr_FR\" \/>\n<meta property=\"og:type\" content=\"article\" \/>\n<meta property=\"og:title\" content=\"M\u00e9diter avec le Dieu mis\u00e9ricordieux - Que je voie ton visage\" \/>\n<meta property=\"og:description\" content=\"En ce jeudi, m\u00e9ditons la Parole de Dieu. N&#039;h\u00e9sitez pas \u00e0 visiter notre page &quot;Pr\u00e9parer sa pri\u00e8re&quot;. D\u00e9terminez le lieu, la dur\u00e9e, le moment, et les moyens pour vivre ce temps de pri\u00e8re dans les meilleures conditions.En ce jour je m\u2019appr\u00eate \u00e0 \u00e9couter saint Paul qui s\u2019adresse \u00e0 moi, Timoth\u00e9e, litt\u00e9ralement \u2018honneur de Dieu\u2019. Devant [&hellip;]\" \/>\n<meta property=\"og:url\" content=\"https:\/\/retraites.prieenchemin.org\/que-je-voie-ton-visage\/mediter-dieu-misericordieux\/\" \/>\n<meta property=\"og:site_name\" content=\"Que je voie ton visage\" \/>\n<meta property=\"article:published_time\" content=\"2022-03-17T12:13:03+00:00\" \/>\n<meta property=\"article:modified_time\" content=\"2024-09-03T07:03:25+00:00\" \/>\n<meta property=\"og:image\" content=\"https:\/\/retraites.prieenchemin.org\/que-je-voie-ton-visage\/wp-content\/uploads\/sites\/12\/2022\/03\/jeudi31.png\" \/>\n\t<meta property=\"og:image:width\" content=\"600\" \/>\n\t<meta property=\"og:image:height\" content=\"375\" \/>\n<meta name=\"twitter:card\" content=\"summary_large_image\" \/>\n<script type=\"application\/ld+json\" class=\"yoast-schema-graph\">{\"@context\":\"https:\/\/schema.org\",\"@graph\":[{\"@type\":\"WebSite\",\"@id\":\"https:\/\/retraites.prieenchemin.org\/que-je-voie-ton-visage\/#website\",\"url\":\"https:\/\/retraites.prieenchemin.org\/que-je-voie-ton-visage\/\",\"name\":\"Que je voie ton visage\",\"description\":\"D\\u00e9poussi\\u00e9rons nos images de Dieu !\",\"potentialAction\":[{\"@type\":\"SearchAction\",\"target\":{\"@type\":\"EntryPoint\",\"urlTemplate\":\"https:\/\/retraites.prieenchemin.org\/que-je-voie-ton-visage\/?s={search_term_string}\"},\"query-input\":\"required name=search_term_string\"}],\"inLanguage\":\"fr-FR\"},{\"@type\":\"ImageObject\",\"@id\":\"https:\/\/retraites.prieenchemin.org\/que-je-voie-ton-visage\/mediter-dieu-misericordieux\/#primaryimage\",\"inLanguage\":\"fr-FR\",\"url\":\"https:\/\/retraites.prieenchemin.org\/que-je-voie-ton-visage\/wp-content\/uploads\/sites\/12\/2022\/03\/jeudi31.png\",\"contentUrl\":\"https:\/\/retraites.prieenchemin.org\/que-je-voie-ton-visage\/wp-content\/uploads\/sites\/12\/2022\/03\/jeudi31.png\",\"width\":600,\"height\":375},{\"@type\":\"WebPage\",\"@id\":\"https:\/\/retraites.prieenchemin.org\/que-je-voie-ton-visage\/mediter-dieu-misericordieux\/#webpage\",\"url\":\"https:\/\/retraites.prieenchemin.org\/que-je-voie-ton-visage\/mediter-dieu-misericordieux\/\",\"name\":\"M\\u00e9diter avec le Dieu mis\\u00e9ricordieux - Que je voie ton visage\",\"isPartOf\":{\"@id\":\"https:\/\/retraites.prieenchemin.org\/que-je-voie-ton-visage\/#website\"},\"primaryImageOfPage\":{\"@id\":\"https:\/\/retraites.prieenchemin.org\/que-je-voie-ton-visage\/mediter-dieu-misericordieux\/#primaryimage\"},\"datePublished\":\"2022-03-17T12:13:03+00:00\",\"dateModified\":\"2024-09-03T07:03:25+00:00\",\"author\":{\"@id\":\"https:\/\/retraites.prieenchemin.org\/que-je-voie-ton-visage\/#\/schema\/person\/b4ff3a09b3e89852cadf994ef1bb5ee3\"},\"breadcrumb\":{\"@id\":\"https:\/\/retraites.prieenchemin.org\/que-je-voie-ton-visage\/mediter-dieu-misericordieux\/#breadcrumb\"},\"inLanguage\":\"fr-FR\",\"potentialAction\":[{\"@type\":\"ReadAction\",\"target\":[\"https:\/\/retraites.prieenchemin.org\/que-je-voie-ton-visage\/mediter-dieu-misericordieux\/\"]}]},{\"@type\":\"BreadcrumbList\",\"@id\":\"https:\/\/retraites.prieenchemin.org\/que-je-voie-ton-visage\/mediter-dieu-misericordieux\/#breadcrumb\",\"itemListElement\":[{\"@type\":\"ListItem\",\"position\":1,\"name\":\"Accueil\",\"item\":\"https:\/\/retraites.prieenchemin.org\/que-je-voie-ton-visage\/\"},{\"@type\":\"ListItem\",\"position\":2,\"name\":\"M\\u00e9diter avec le Dieu mis\\u00e9ricordieux\"}]},{\"@type\":\"Person\",\"@id\":\"https:\/\/retraites.prieenchemin.org\/que-je-voie-ton-visage\/#\/schema\/person\/b4ff3a09b3e89852cadf994ef1bb5ee3\",\"name\":\"mathilde\",\"image\":{\"@type\":\"ImageObject\",\"@id\":\"https:\/\/retraites.prieenchemin.org\/que-je-voie-ton-visage\/#personlogo\",\"inLanguage\":\"fr-FR\",\"url\":\"https:\/\/secure.gravatar.com\/avatar\/9995d7d50392a2a05ced7d202cd42f66?s=96&d=mm&r=g\",\"contentUrl\":\"https:\/\/secure.gravatar.com\/avatar\/9995d7d50392a2a05ced7d202cd42f66?s=96&d=mm&r=g\",\"caption\":\"mathilde\"},\"url\":\"https:\/\/retraites.prieenchemin.org\/que-je-voie-ton-visage\/author\/mathilde\/\"}]}<\/script>\n<!-- \/ Yoast SEO plugin. -->","yoast_head_json":{"title":"M\u00e9diter avec le Dieu mis\u00e9ricordieux - Que je voie ton visage","robots":{"index":"index","follow":"follow","max-snippet":"max-snippet:-1","max-image-preview":"max-image-preview:large","max-video-preview":"max-video-preview:-1"},"canonical":"https:\/\/retraites.prieenchemin.org\/que-je-voie-ton-visage\/mediter-dieu-misericordieux\/","og_locale":"fr_FR","og_type":"article","og_title":"M\u00e9diter avec le Dieu mis\u00e9ricordieux - Que je voie ton visage","og_description":"En ce jeudi, m\u00e9ditons la Parole de Dieu. N'h\u00e9sitez pas \u00e0 visiter notre page \"Pr\u00e9parer sa pri\u00e8re\". D\u00e9terminez le lieu, la dur\u00e9e, le moment, et les moyens pour vivre ce temps de pri\u00e8re dans les meilleures conditions.En ce jour je m\u2019appr\u00eate \u00e0 \u00e9couter saint Paul qui s\u2019adresse \u00e0 moi, Timoth\u00e9e, litt\u00e9ralement \u2018honneur de Dieu\u2019. Devant [&hellip;]","og_url":"https:\/\/retraites.prieenchemin.org\/que-je-voie-ton-visage\/mediter-dieu-misericordieux\/","og_site_name":"Que je voie ton visage","article_published_time":"2022-03-17T12:13:03+00:00","article_modified_time":"2024-09-03T07:03:25+00:00","og_image":[{"width":600,"height":375,"url":"https:\/\/retraites.prieenchemin.org\/que-je-voie-ton-visage\/wp-content\/uploads\/sites\/12\/2022\/03\/jeudi31.png","type":"image\/png"}],"twitter_card":"summary_large_image","schema":{"@context":"https:\/\/schema.org","@graph":[{"@type":"WebSite","@id":"https:\/\/retraites.prieenchemin.org\/que-je-voie-ton-visage\/#website","url":"https:\/\/retraites.prieenchemin.org\/que-je-voie-ton-visage\/","name":"Que je voie ton visage","description":"D\u00e9poussi\u00e9rons nos images de Dieu !","potentialAction":[{"@type":"SearchAction","target":{"@type":"EntryPoint","urlTemplate":"https:\/\/retraites.prieenchemin.org\/que-je-voie-ton-visage\/?s={search_term_string}"},"query-input":"required name=search_term_string"}],"inLanguage":"fr-FR"},{"@type":"ImageObject","@id":"https:\/\/retraites.prieenchemin.org\/que-je-voie-ton-visage\/mediter-dieu-misericordieux\/#primaryimage","inLanguage":"fr-FR","url":"https:\/\/retraites.prieenchemin.org\/que-je-voie-ton-visage\/wp-content\/uploads\/sites\/12\/2022\/03\/jeudi31.png","contentUrl":"https:\/\/retraites.prieenchemin.org\/que-je-voie-ton-visage\/wp-content\/uploads\/sites\/12\/2022\/03\/jeudi31.png","width":600,"height":375},{"@type":"WebPage","@id":"https:\/\/retraites.prieenchemin.org\/que-je-voie-ton-visage\/mediter-dieu-misericordieux\/#webpage","url":"https:\/\/retraites.prieenchemin.org\/que-je-voie-ton-visage\/mediter-dieu-misericordieux\/","name":"M\u00e9diter avec le Dieu mis\u00e9ricordieux - Que je voie ton visage","isPartOf":{"@id":"https:\/\/retraites.prieenchemin.org\/que-je-voie-ton-visage\/#website"},"primaryImageOfPage":{"@id":"https:\/\/retraites.prieenchemin.org\/que-je-voie-ton-visage\/mediter-dieu-misericordieux\/#primaryimage"},"datePublished":"2022-03-17T12:13:03+00:00","dateModified":"2024-09-03T07:03:25+00:00","author":{"@id":"https:\/\/retraites.prieenchemin.org\/que-je-voie-ton-visage\/#\/schema\/person\/b4ff3a09b3e89852cadf994ef1bb5ee3"},"breadcrumb":{"@id":"https:\/\/retraites.prieenchemin.org\/que-je-voie-ton-visage\/mediter-dieu-misericordieux\/#breadcrumb"},"inLanguage":"fr-FR","potentialAction":[{"@type":"ReadAction","target":["https:\/\/retraites.prieenchemin.org\/que-je-voie-ton-visage\/mediter-dieu-misericordieux\/"]}]},{"@type":"BreadcrumbList","@id":"https:\/\/retraites.prieenchemin.org\/que-je-voie-ton-visage\/mediter-dieu-misericordieux\/#breadcrumb","itemListElement":[{"@type":"ListItem","position":1,"name":"Accueil","item":"https:\/\/retraites.prieenchemin.org\/que-je-voie-ton-visage\/"},{"@type":"ListItem","position":2,"name":"M\u00e9diter avec le Dieu mis\u00e9ricordieux"}]},{"@type":"Person","@id":"https:\/\/retraites.prieenchemin.org\/que-je-voie-ton-visage\/#\/schema\/person\/b4ff3a09b3e89852cadf994ef1bb5ee3","name":"mathilde","image":{"@type":"ImageObject","@id":"https:\/\/retraites.prieenchemin.org\/que-je-voie-ton-visage\/#personlogo","inLanguage":"fr-FR","url":"https:\/\/secure.gravatar.com\/avatar\/9995d7d50392a2a05ced7d202cd42f66?s=96&d=mm&r=g","contentUrl":"https:\/\/secure.gravatar.com\/avatar\/9995d7d50392a2a05ced7d202cd42f66?s=96&d=mm&r=g","caption":"mathilde"},"url":"https:\/\/retraites.prieenchemin.org\/que-je-voie-ton-visage\/author\/mathilde\/"}]}},"_links":{"self":[{"href":"https:\/\/retraites.prieenchemin.org\/que-je-voie-ton-visage\/wp-json\/wp\/v2\/posts\/1630"}],"collection":[{"href":"https:\/\/retraites.prieenchemin.org\/que-je-voie-ton-visage\/wp-json\/wp\/v2\/posts"}],"about":[{"href":"https:\/\/retraites.prieenchemin.org\/que-je-voie-ton-visage\/wp-json\/wp\/v2\/types\/post"}],"author":[{"embeddable":true,"href":"https:\/\/retraites.prieenchemin.org\/que-je-voie-ton-visage\/wp-json\/wp\/v2\/users\/6"}],"replies":[{"embeddable":true,"href":"https:\/\/retraites.prieenchemin.org\/que-je-voie-ton-visage\/wp-json\/wp\/v2\/comments?post=1630"}],"version-history":[{"count":0,"href":"https:\/\/retraites.prieenchemin.org\/que-je-voie-ton-visage\/wp-json\/wp\/v2\/posts\/1630\/revisions"}],"wp:featuredmedia":[{"embeddable":true,"href":"https:\/\/retraites.prieenchemin.org\/que-je-voie-ton-visage\/wp-json\/wp\/v2\/media\/1646"}],"wp:attachment":[{"href":"https:\/\/retraites.prieenchemin.org\/que-je-voie-ton-visage\/wp-json\/wp\/v2\/media?parent=1630"}],"wp:term":[{"taxonomy":"category","embeddable":true,"href":"https:\/\/retraites.prieenchemin.org\/que-je-voie-ton-visage\/wp-json\/wp\/v2\/categories?post=1630"},{"taxonomy":"post_tag","embeddable":true,"href":"https:\/\/retraites.prieenchemin.org\/que-je-voie-ton-visage\/wp-json\/wp\/v2\/tags?post=1630"}],"curies":[{"name":"wp","href":"https:\/\/api.w.org\/{rel}","templated":true}]}}