{"id":1572,"date":"2022-03-15T12:17:43","date_gmt":"2022-03-15T11:17:43","guid":{"rendered":"https:\/\/retraites.prieenchemin.org\/careme2022\/?p=1572"},"modified":"2022-05-18T14:56:52","modified_gmt":"2022-05-18T12:56:52","slug":"don-dieu-video-musique","status":"publish","type":"post","link":"https:\/\/retraites.prieenchemin.org\/que-je-voie-ton-visage\/don-dieu-video-musique\/","title":{"rendered":"D\u00e9couvrir le don de Dieu en musique et vid\u00e9o"},"content":{"rendered":"<p>[et_pb_section fb_built=\u00a0\u00bb1&Prime; _builder_version=\u00a0\u00bb4.11.1&Prime; _module_preset=\u00a0\u00bbdefault\u00a0\u00bb custom_padding=\u00a0\u00bb0px||0px|||\u00a0\u00bb global_colors_info=\u00a0\u00bb{}\u00a0\u00bb][et_pb_row column_structure=\u00a0\u00bb1_2,1_2&Prime; _builder_version=\u00a0\u00bb4.11.1&Prime; _module_preset=\u00a0\u00bbdefault\u00a0\u00bb custom_margin=\u00a0\u00bb|auto|-40px|auto||\u00a0\u00bb custom_padding=\u00a0\u00bb||28px|||\u00a0\u00bb global_colors_info=\u00a0\u00bb{}\u00a0\u00bb][et_pb_column type=\u00a0\u00bb1_2&Prime; _builder_version=\u00a0\u00bb4.11.1&Prime; _module_preset=\u00a0\u00bbdefault\u00a0\u00bb global_colors_info=\u00a0\u00bb{}\u00a0\u00bb][et_pb_text _builder_version=\u00a0\u00bb4.11.1&Prime; _module_preset=\u00a0\u00bbdefault\u00a0\u00bb min_height=\u00a0\u00bb75px\u00a0\u00bb custom_padding=\u00a0\u00bb||24px|||\u00a0\u00bb hover_enabled=\u00a0\u00bb0&Prime; global_colors_info=\u00a0\u00bb{}\u00a0\u00bb sticky_enabled=\u00a0\u00bb0&Prime;]<\/p>\n<p class=\"western\" align=\"left\"><i><b><span style=\"background: transparent;\">Aujourd&rsquo;hui vous propose de contempler des plantes qui poussent (!) et de (r\u00e9)\u00e9couter le hit \u00ab Je te donne \u00bb de Jean-Jacques Goldman pour nous aider \u00e0 m\u00e9diter cet aspect de Dieu qui donne sans compter !<\/span><\/b><\/i><strong><span style=\"background: transparent;\"><\/span><\/strong><i><b><span style=\"background: transparent;\"><\/span><\/b><\/i><i><span style=\"background: transparent;\"><span style=\"font-weight: normal;\"><\/span><span style=\"font-weight: normal;\"><\/span><\/span><\/i><\/p>\n<p><strong><span style=\"background: transparent;\"><\/span><\/strong><\/p>\n<p class=\"western\" align=\"left\">[\/et_pb_text][\/et_pb_column][et_pb_column type=\u00a0\u00bb1_2&Prime; _builder_version=\u00a0\u00bb4.11.1&Prime; _module_preset=\u00a0\u00bbdefault\u00a0\u00bb global_colors_info=\u00a0\u00bb{}\u00a0\u00bb][\/et_pb_column][\/et_pb_row][\/et_pb_section][et_pb_section fb_built=\u00a0\u00bb1&Prime; fullwidth=\u00a0\u00bbon\u00a0\u00bb _builder_version=\u00a0\u00bb4.11.1&Prime; _module_preset=\u00a0\u00bbdefault\u00a0\u00bb background_color=\u00a0\u00bbrgba(187,215,229,0.19)\u00a0\u00bb min_height=\u00a0\u00bb146px\u00a0\u00bb custom_margin=\u00a0\u00bb-7px||||false|false\u00a0\u00bb custom_padding=\u00a0\u00bb0px||0px||false|false\u00a0\u00bb top_divider_style=\u00a0\u00bbasymmetric\u00a0\u00bb top_divider_color=\u00a0\u00bb#FFFFFF\u00a0\u00bb global_colors_info=\u00a0\u00bb{}\u00a0\u00bb][\/et_pb_section][et_pb_section fb_built=\u00a0\u00bb1&Prime; next_background_color=\u00a0\u00bb#ffffff\u00a0\u00bb admin_label=\u00a0\u00bbVid\u00e9o1&Prime; _builder_version=\u00a0\u00bb4.11.1&Prime; _module_preset=\u00a0\u00bbdefault\u00a0\u00bb background_color=\u00a0\u00bbrgba(187,215,229,0.19)\u00a0\u00bb custom_padding=\u00a0\u00bb1px||95px|||\u00a0\u00bb bottom_divider_style=\u00a0\u00bbslant2&Prime; global_colors_info=\u00a0\u00bb{}\u00a0\u00bb][et_pb_row _builder_version=\u00a0\u00bb4.11.1&Prime; _module_preset=\u00a0\u00bbdefault\u00a0\u00bb global_colors_info=\u00a0\u00bb{}\u00a0\u00bb][et_pb_column type=\u00a0\u00bb4_4&Prime; _builder_version=\u00a0\u00bb4.11.1&Prime; _module_preset=\u00a0\u00bbdefault\u00a0\u00bb global_colors_info=\u00a0\u00bb{}\u00a0\u00bb][et_pb_text _builder_version=\u00a0\u00bb4.11.1&Prime; _module_preset=\u00a0\u00bbdefault\u00a0\u00bb global_colors_info=\u00a0\u00bb{}\u00a0\u00bb]<\/p>\n<h2 class=\"western\"><span style=\"background: transparent;\">Pr\u00e9paration<\/span><\/h2>\n<p class=\"western\" style=\"font-weight: normal;\" align=\"left\"><i><span style=\"background: transparent;\">Comme pour tout temps de pri\u00e8re, vous pouvez vous pr\u00e9parer en vous tournant vers Dieu, en lui demandant que son visage se r\u00e9v\u00e8le \u00e0 vous, pour mieux l\u2019aimer et le servir. Et de faire le geste le plus opportun pour d\u00e9buter ce temps de pri\u00e8re.<\/span><\/i><i><span style=\"background: transparent;\"><\/span><\/i><\/p>\n<p>[\/et_pb_text][\/et_pb_column][\/et_pb_row][et_pb_row column_structure=\u00a0\u00bb3_5,2_5&Prime; _builder_version=\u00a0\u00bb4.11.1&Prime; _module_preset=\u00a0\u00bbdefault\u00a0\u00bb global_colors_info=\u00a0\u00bb{}\u00a0\u00bb][et_pb_column type=\u00a0\u00bb3_5&Prime; _builder_version=\u00a0\u00bb4.11.1&Prime; _module_preset=\u00a0\u00bbdefault\u00a0\u00bb global_colors_info=\u00a0\u00bb{}\u00a0\u00bb][et_pb_text _builder_version=\u00a0\u00bb4.11.1&Prime; _module_preset=\u00a0\u00bbdefault\u00a0\u00bb global_colors_info=\u00a0\u00bb{}\u00a0\u00bb]<\/p>\n<h3 class=\"western\" style=\"text-align: left;\" align=\"center\"><strong>Des plantes qui poussent<\/strong><\/h3>\n<p class=\"western\" style=\"font-style: normal; font-weight: normal;\" align=\"left\"><span style=\"background: transparent;\">Sur Youtube, on trouve de tout, m\u00eame des feux de chemin\u00e9es, ou des bougies qui br\u00fblent dans la nuit. Nous vous proposons cette semaine de contempler le miracle de la nature, \u00e0 travers une vid\u00e9o de 8mn qui concentre 384 jours de croissance de diverses vari\u00e9t\u00e9s de plantes : du basilique, des airelles, des haricots, un radis, un tournesol\u2026 A chaque fois, laissez-vous \u00e9merveiller par cette bonne terre qui permet \u00e0 la semence de se d\u00e9ployer, de prendre de la vigueur et de donner du fruit. Une bonne terre, un peu d\u2019eau, du soleil et beaucoup de temps. <\/span><\/p>\n<p class=\"western\" style=\"font-style: normal; font-weight: normal;\" align=\"left\"><span style=\"background: transparent;\">A la fin, je m\u2019adresse \u00e0 Dieu, en lui confiant ma vie, lui demandant la patience pour voir grandir en moi et autour de moi les fruits de sa pr\u00e9sence aimante.<\/span><\/p>\n<p class=\"western\" style=\"font-style: normal;\" align=\"left\"><span style=\"background: transparent;\"><span style=\"font-weight: normal;\"><\/span><\/span><\/p>\n<p>&nbsp;[\/et_pb_text][\/et_pb_column][et_pb_column type=\u00a0\u00bb2_5&Prime; _builder_version=\u00a0\u00bb4.11.1&Prime; _module_preset=\u00a0\u00bbdefault\u00a0\u00bb global_colors_info=\u00a0\u00bb{}\u00a0\u00bb][et_pb_video src=\u00a0\u00bbhttps:\/\/www.youtube.com\/watch?v=uSOOO3KBKDY&#038;feature=youtu.be\u00a0\u00bb _builder_version=\u00a0\u00bb4.11.1&Prime; _module_preset=\u00a0\u00bbdefault\u00a0\u00bb global_colors_info=\u00a0\u00bb{}\u00a0\u00bb][\/et_pb_video][\/et_pb_column][\/et_pb_row][\/et_pb_section][et_pb_section fb_built=\u00a0\u00bb1&Prime; _builder_version=\u00a0\u00bb4.11.1&Prime; _module_preset=\u00a0\u00bbdefault\u00a0\u00bb background_enable_color=\u00a0\u00bboff\u00a0\u00bb top_divider_color=\u00a0\u00bbRGBA(0,0,0,0)\u00a0\u00bb global_colors_info=\u00a0\u00bb{}\u00a0\u00bb][et_pb_row column_structure=\u00a0\u00bb1_2,1_2&Prime; _builder_version=\u00a0\u00bb4.11.1&Prime; _module_preset=\u00a0\u00bbdefault\u00a0\u00bb global_colors_info=\u00a0\u00bb{}\u00a0\u00bb][et_pb_column type=\u00a0\u00bb1_2&Prime; _builder_version=\u00a0\u00bb4.11.1&Prime; _module_preset=\u00a0\u00bbdefault\u00a0\u00bb global_colors_info=\u00a0\u00bb{}\u00a0\u00bb][et_pb_text _builder_version=\u00a0\u00bb4.11.1&Prime; _module_preset=\u00a0\u00bbdefault\u00a0\u00bb global_colors_info=\u00a0\u00bb{}\u00a0\u00bb]<\/p>\n<h2 class=\"western\">Je te donne !<\/h2>\n<p><span style=\"font-family: inherit;\"><span style=\"background: transparent;\">En 1985, Jean-Jacques Goldman est d\u00e9j\u00e0 au sommet de sa carri\u00e8re et l\u2019un des artistes pr\u00e9f\u00e9r\u00e9s des Fran\u00e7ais. Il sort cette <\/span><span style=\"background: transparent;\">chanson avec son ami de longue date Michael Jones et choisissent ensemble de la chanter \u00e0 deux voix, en deux langues, pour promouvoir la richesse des diff\u00e9rences au sein d\u2019une France o\u00f9 montaient les partis populistes.<\/span><\/span><\/p>\n<p><span style=\"background: transparent none repeat scroll 0% 0%; font-family: inherit;\">Nous vous proposons d\u2019\u00e9couter puis lire les paroles de cette chanson, comme si elles \u00e9taient une r\u00e9ponse \u00e0 l\u2019amour de Dieu pour nous. Comme une offrande de nos vies.<\/span><\/p>\n<p><span style=\"background: transparent;\"><span style=\"font-family: inherit;\">\u00c0 la fin, vous pouvez confier \u00e0 Dieu ce qui monte de votre c\u0153ur.<\/span> <\/span><\/p>\n<p>&nbsp;<\/p>\n<p>&nbsp;[\/et_pb_text][\/et_pb_column][et_pb_column type=\u00a0\u00bb1_2&Prime; _builder_version=\u00a0\u00bb4.11.1&Prime; _module_preset=\u00a0\u00bbdefault\u00a0\u00bb global_colors_info=\u00a0\u00bb{}\u00a0\u00bb][et_pb_video src=\u00a0\u00bbhttps:\/\/www.youtube.com\/watch?v=493R05ifNsI&#038;feature=youtu.be\u00a0\u00bb _builder_version=\u00a0\u00bb4.11.1&Prime; _module_preset=\u00a0\u00bbdefault\u00a0\u00bb min_height=\u00a0\u00bb256.7px\u00a0\u00bb custom_padding=\u00a0\u00bb||0px|||\u00a0\u00bb global_colors_info=\u00a0\u00bb{}\u00a0\u00bb][\/et_pb_video][\/et_pb_column][\/et_pb_row][et_pb_row _builder_version=\u00a0\u00bb4.11.1&Prime; _module_preset=\u00a0\u00bbdefault\u00a0\u00bb global_colors_info=\u00a0\u00bb{}\u00a0\u00bb][et_pb_column type=\u00a0\u00bb4_4&Prime; _builder_version=\u00a0\u00bb4.11.1&Prime; _module_preset=\u00a0\u00bbdefault\u00a0\u00bb global_colors_info=\u00a0\u00bb{}\u00a0\u00bb][et_pb_toggle title=\u00a0\u00bbLire les paroles\u00a0\u00bb _builder_version=\u00a0\u00bb4.11.1&Prime; _module_preset=\u00a0\u00bbdefault\u00a0\u00bb global_colors_info=\u00a0\u00bb{}\u00a0\u00bb]<\/p>\n<p class=\"western\" style=\"font-style: normal; font-weight: normal; page-break-before: always;\" align=\"left\"><span style=\"background: transparent;\">\u00a9 Parole et musique&nbsp;: Jean-Jacques Goldman, Michael Jones &#8211; Je te donne<\/span><\/p>\n<div id=\"Section2\" dir=\"ltr\" gutter=\"24\" style=\"column-count: 2;\">\n<p class=\"western\" style=\"font-style: normal; font-weight: normal;\" align=\"left\"><span style=\"font-size: small;\"><span style=\"background: transparent;\">I can give you a voice, bred with rhythms and soul<br \/>\nThe heart of a Welsh boy who&rsquo;s lost his home<br \/>\nPut it in harmony, let the words ring<br \/>\nCarry your thoughts in the songs we sing<\/span><\/span><\/p>\n<p>Je te donne mes notes, je te donne mes mots<br \/>\nQuand ta voix les emporte \u00e0 ton propre tempo<br \/>\nUne \u00e9paule fragile et solide \u00e0 la fois<br \/>\nCe que j&rsquo;imagine et ce que je crois<\/p>\n<p>Je te donne toutes mes diff\u00e9rences<br \/>\nTous ces d\u00e9fauts qui sont autant de chance<br \/>\nOn sera jamais des standards, des gens bien comme il faut<br \/>\nJe te donne ce que j&rsquo;ai, ce que je vaux<\/p>\n<p>I can give you the force of my ancestral pride<br \/>\nThe will to go on when I&rsquo;m hurt deep inside<br \/>\nWhatever the feeling, whatever the way<br \/>\nIt helps me go on from day to day<\/p>\n<p>Je te donne nos doutes et notre indicible espoir<br \/>\nLes questions que les routes ont laiss\u00e9es dans l&rsquo;histoire<br \/>\nNos filles sont brunes et l&rsquo;on parle un peu fort<br \/>\nEt l&rsquo;humour et l&rsquo;amour sont nos tr\u00e9sors<\/p>\n<p class=\"western\" style=\"font-style: normal; font-weight: normal;\" align=\"left\"><span style=\"font-size: small;\"><span style=\"background: transparent;\">Je te donne toutes mes diff\u00e9rences<br \/>\nTous ces d\u00e9fauts qui sont autant de chances<br \/>\nOn sera jamais des standards, des gens bien comme il faut<br \/>\nJe te donne ce que j&rsquo;ai, ce que je vaux<\/span><\/span><\/p>\n<p>Je te donne, donne, donne ce que je suis<\/p>\n<p>I can give you my voice, bred with rhythm and soul<br \/>\nJe te donne mes notes, je te donne ma voix<br \/>\nThe songs that I love, and the stories I&rsquo;ve told<br \/>\nCe que j&rsquo;imagine et ce que je crois<br \/>\nI can make you feel good even when I&rsquo;m down<br \/>\nLes raisons qui me portent et ce stupide espoir<br \/>\nMy force is a platform that you can climb on<br \/>\nUne \u00e9paule fragile et forte \u00e0 la fois<\/p>\n<p>Je te donne<br \/>\nOuh, je te donne<br \/>\nTout ce que je vaux, ce que je suis, mes dons, mes d\u00e9fauts<br \/>\nMes plus belles chances, mes diff\u00e9rences<\/p>\n<\/div>\n<p class=\"western\" style=\"font-weight: normal;\" align=\"left\">[\/et_pb_toggle][\/et_pb_column][\/et_pb_row][\/et_pb_section][et_pb_section fb_built=\u00a0\u00bb1&Prime; _builder_version=\u00a0\u00bb4.11.1&Prime; _module_preset=\u00a0\u00bbdefault\u00a0\u00bb global_colors_info=\u00a0\u00bb{}\u00a0\u00bb][et_pb_row column_structure=\u00a0\u00bb1_2,1_2&Prime; _builder_version=\u00a0\u00bb4.11.1&Prime; _module_preset=\u00a0\u00bbdefault\u00a0\u00bb global_colors_info=\u00a0\u00bb{}\u00a0\u00bb][et_pb_column type=\u00a0\u00bb1_2&Prime; _builder_version=\u00a0\u00bb4.11.1&Prime; _module_preset=\u00a0\u00bbdefault\u00a0\u00bb global_colors_info=\u00a0\u00bb{}\u00a0\u00bb][et_pb_text _builder_version=\u00a0\u00bb4.11.1&Prime; _module_preset=\u00a0\u00bbdefault\u00a0\u00bb hover_enabled=\u00a0\u00bb0&Prime; global_colors_info=\u00a0\u00bb{}\u00a0\u00bb sticky_enabled=\u00a0\u00bb0&Prime;]<\/p>\n<h1>Pour aller plus loin<\/h1>\n<p>[\/et_pb_text][et_pb_button button_url=\u00a0\u00bb@ET-DC@eyJkeW5hbWljIjp0cnVlLCJjb250ZW50IjoicG9zdF9saW5rX3VybF9wb3N0Iiwic2V0dGluZ3MiOnsicG9zdF9pZCI6IjIwMDEifX0=@\u00a0\u00bb button_text=\u00a0\u00bbVoir les autres propositions du jour\u00a0\u00bb button_alignment=\u00a0\u00bbleft\u00a0\u00bb _builder_version=\u00a0\u00bb4.11.1&Prime; _dynamic_attributes=\u00a0\u00bbbutton_url\u00a0\u00bb _module_preset=\u00a0\u00bbdefault\u00a0\u00bb custom_button=\u00a0\u00bbon\u00a0\u00bb button_text_color=\u00a0\u00bb#FFFFFF\u00a0\u00bb button_bg_color=\u00a0\u00bb#002d43&Prime; button_border_color=\u00a0\u00bbRGBA(0,0,0,0)\u00a0\u00bb custom_padding=\u00a0\u00bb5px|50px||50px|false|false\u00a0\u00bb hover_enabled=\u00a0\u00bb0&Prime; global_colors_info=\u00a0\u00bb{}\u00a0\u00bb sticky_enabled=\u00a0\u00bb0&Prime;][\/et_pb_button][et_pb_button button_url=\u00a0\u00bbhttps:\/\/retraites.prieenchemin.org\/que-je-voie-ton-visage\/mur-de-prieres\/\u00a0\u00bb button_text=\u00a0\u00bbAcc\u00e9der au mur de pri\u00e8re\u00a0\u00bb button_alignment=\u00a0\u00bbleft\u00a0\u00bb _builder_version=\u00a0\u00bb4.11.1&Prime; _module_preset=\u00a0\u00bbdefault\u00a0\u00bb custom_button=\u00a0\u00bbon\u00a0\u00bb button_text_color=\u00a0\u00bb#FFFFFF\u00a0\u00bb button_bg_color=\u00a0\u00bb#002d43&Prime; button_border_width=\u00a0\u00bb0px\u00a0\u00bb custom_padding=\u00a0\u00bb5px|50px||50px|false|false\u00a0\u00bb global_colors_info=\u00a0\u00bb{}\u00a0\u00bb][\/et_pb_button][et_pb_button button_url=\u00a0\u00bbhttps:\/\/retraites.prieenchemin.org\/que-je-voie-ton-visage\/wp-content\/uploads\/sites\/12\/2022\/05\/Jour-4-Dieu-comptable-ou-semeur-Retraite-Que-je-voie-ton-visage-Prie-en-Chemin.pdf\u00a0\u00bb button_text=\u00a0\u00bbT\u00e9l\u00e9charger le PDF\u00a0\u00bb button_alignment=\u00a0\u00bbleft\u00a0\u00bb _builder_version=\u00a0\u00bb4.11.1&Prime; _module_preset=\u00a0\u00bbdefault\u00a0\u00bb custom_button=\u00a0\u00bbon\u00a0\u00bb button_text_color=\u00a0\u00bb#FFFFFF\u00a0\u00bb button_bg_color=\u00a0\u00bb#002d43&Prime; button_border_color=\u00a0\u00bbRGBA(0,0,0,0)\u00a0\u00bb custom_padding=\u00a0\u00bb5px|50px||50px|false|false\u00a0\u00bb hover_enabled=\u00a0\u00bb0&Prime; global_colors_info=\u00a0\u00bb{}\u00a0\u00bb sticky_enabled=\u00a0\u00bb0&Prime;][\/et_pb_button][\/et_pb_column][et_pb_column type=\u00a0\u00bb1_2&Prime; _builder_version=\u00a0\u00bb4.11.1&Prime; _module_preset=\u00a0\u00bbdefault\u00a0\u00bb global_colors_info=\u00a0\u00bb{}\u00a0\u00bb][et_pb_image src=\u00a0\u00bbhttps:\/\/retraites.prieenchemin.org\/que-je-voie-ton-visage\/wp-content\/uploads\/sites\/12\/2022\/02\/vs3.png\u00a0\u00bb title_text=\u00a0\u00bbvs3&Prime; _builder_version=\u00a0\u00bb4.11.1&Prime; _module_preset=\u00a0\u00bbdefault\u00a0\u00bb global_colors_info=\u00a0\u00bb{}\u00a0\u00bb][\/et_pb_image][\/et_pb_column][\/et_pb_row][\/et_pb_section]<\/p>\n","protected":false},"excerpt":{"rendered":"<p>Aujourd&rsquo;hui vous propose de contempler des plantes qui poussent (!) et de (r\u00e9)\u00e9couter le hit \u00ab Je te donne \u00bb de Jean-Jacques Goldman pour nous aider \u00e0 m\u00e9diter cet aspect de Dieu qui donne sans compter ! Pr\u00e9paration Comme pour tout temps de pri\u00e8re, vous pouvez vous pr\u00e9parer en vous tournant vers Dieu, en lui [&hellip;]<\/p>\n","protected":false},"author":6,"featured_media":1582,"comment_status":"closed","ping_status":"closed","sticky":false,"template":"","format":"standard","meta":{"_et_pb_use_builder":"on","_et_pb_old_content":"<!-- wp:heading -->\n<h2>Le topo du jour : une jambe fracass\u00e9e<\/h2>\n<!-- \/wp:heading -->\n\n<!-- wp:embed {\"url\":\"https:\/\/youtu.be\/h58AN0-njzk\",\"type\":\"video\",\"providerNameSlug\":\"youtube\",\"responsive\":true,\"className\":\"wp-embed-aspect-16-9 wp-has-aspect-ratio\"} -->\n<figure class=\"wp-block-embed is-type-video is-provider-youtube wp-block-embed-youtube wp-embed-aspect-16-9 wp-has-aspect-ratio\"><div class=\"wp-block-embed__wrapper\">\nhttps:\/\/youtu.be\/h58AN0-njzk\n<\/div><\/figure>\n<!-- \/wp:embed -->\n\n<!-- wp:separator {\"color\":\"luminous-vivid-orange\",\"className\":\"is-style-wide\"} -->\n<hr class=\"wp-block-separator has-text-color has-background has-luminous-vivid-orange-background-color has-luminous-vivid-orange-color is-style-wide\"\/>\n<!-- \/wp:separator -->\n\n<!-- wp:group {\"style\":{\"color\":{\"background\":\"#fcf08d\"}}} -->\n<div class=\"wp-block-group has-background\" style=\"background-color:#fcf08d\"><div class=\"wp-block-group__inner-container\"><!-- wp:heading -->\n<h2>La m\u00e9ditation guid\u00e9e du jour : L'Ascension<\/h2>\n<!-- \/wp:heading -->\n\n<!-- wp:audio -->\n<figure class=\"wp-block-audio\"><audio controls src=\"https:\/\/prieenchemin.rezando.org\/file?pray=3331\"><\/audio><\/figure>\n<!-- \/wp:audio --><\/div><\/div>\n<!-- \/wp:group -->\n\n<!-- wp:separator {\"color\":\"luminous-vivid-orange\",\"className\":\"is-style-wide\"} -->\n<hr class=\"wp-block-separator has-text-color has-background has-luminous-vivid-orange-background-color has-luminous-vivid-orange-color is-style-wide\"\/>\n<!-- \/wp:separator -->\n\n<!-- wp:heading -->\n<h2>Le t\u00e9moignage du jour : Le genou de Bruno<\/h2>\n<!-- \/wp:heading -->\n\n<!-- wp:embed {\"url\":\"https:\/\/youtu.be\/h58AN0-njzk\",\"type\":\"video\",\"providerNameSlug\":\"youtube\",\"responsive\":true,\"className\":\"wp-embed-aspect-16-9 wp-has-aspect-ratio\"} -->\n<figure class=\"wp-block-embed is-type-video is-provider-youtube wp-block-embed-youtube wp-embed-aspect-16-9 wp-has-aspect-ratio\"><div class=\"wp-block-embed__wrapper\">\nhttps:\/\/youtu.be\/h58AN0-njzk\n<\/div><\/figure>\n<!-- \/wp:embed -->","_et_gb_content_width":"2880","_monsterinsights_skip_tracking":false,"_monsterinsights_sitenote_active":false,"_monsterinsights_sitenote_note":"","_monsterinsights_sitenote_category":0},"categories":[32],"tags":[],"yoast_head":"<!-- This site is optimized with the Yoast SEO plugin v17.7 - https:\/\/yoast.com\/wordpress\/plugins\/seo\/ -->\n<title>D\u00e9couvrir le don de Dieu en musique et vid\u00e9o - Que je voie ton visage<\/title>\n<meta name=\"robots\" content=\"index, follow, max-snippet:-1, max-image-preview:large, max-video-preview:-1\" \/>\n<link rel=\"canonical\" href=\"https:\/\/retraites.prieenchemin.org\/que-je-voie-ton-visage\/don-dieu-video-musique\/\" \/>\n<meta property=\"og:locale\" content=\"fr_FR\" \/>\n<meta property=\"og:type\" content=\"article\" \/>\n<meta property=\"og:title\" content=\"D\u00e9couvrir le don de Dieu en musique et vid\u00e9o - Que je voie ton visage\" \/>\n<meta property=\"og:description\" content=\"Aujourd&#039;hui vous propose de contempler des plantes qui poussent (!) et de (r\u00e9)\u00e9couter le hit \u00ab Je te donne \u00bb de Jean-Jacques Goldman pour nous aider \u00e0 m\u00e9diter cet aspect de Dieu qui donne sans compter ! Pr\u00e9paration Comme pour tout temps de pri\u00e8re, vous pouvez vous pr\u00e9parer en vous tournant vers Dieu, en lui [&hellip;]\" \/>\n<meta property=\"og:url\" content=\"https:\/\/retraites.prieenchemin.org\/que-je-voie-ton-visage\/don-dieu-video-musique\/\" \/>\n<meta property=\"og:site_name\" content=\"Que je voie ton visage\" \/>\n<meta property=\"article:published_time\" content=\"2022-03-15T11:17:43+00:00\" \/>\n<meta property=\"article:modified_time\" content=\"2022-05-18T12:56:52+00:00\" \/>\n<meta property=\"og:image\" content=\"https:\/\/retraites.prieenchemin.org\/que-je-voie-ton-visage\/wp-content\/uploads\/sites\/12\/2022\/03\/vendredi-4.png\" \/>\n\t<meta property=\"og:image:width\" content=\"1590\" \/>\n\t<meta property=\"og:image:height\" content=\"994\" \/>\n<meta name=\"twitter:card\" content=\"summary_large_image\" \/>\n<script type=\"application\/ld+json\" class=\"yoast-schema-graph\">{\"@context\":\"https:\/\/schema.org\",\"@graph\":[{\"@type\":\"WebSite\",\"@id\":\"https:\/\/retraites.prieenchemin.org\/que-je-voie-ton-visage\/#website\",\"url\":\"https:\/\/retraites.prieenchemin.org\/que-je-voie-ton-visage\/\",\"name\":\"Que je voie ton visage\",\"description\":\"D\\u00e9poussi\\u00e9rons nos images de Dieu !\",\"potentialAction\":[{\"@type\":\"SearchAction\",\"target\":{\"@type\":\"EntryPoint\",\"urlTemplate\":\"https:\/\/retraites.prieenchemin.org\/que-je-voie-ton-visage\/?s={search_term_string}\"},\"query-input\":\"required name=search_term_string\"}],\"inLanguage\":\"fr-FR\"},{\"@type\":\"ImageObject\",\"@id\":\"https:\/\/retraites.prieenchemin.org\/que-je-voie-ton-visage\/don-dieu-video-musique\/#primaryimage\",\"inLanguage\":\"fr-FR\",\"url\":\"https:\/\/retraites.prieenchemin.org\/que-je-voie-ton-visage\/wp-content\/uploads\/sites\/12\/2022\/03\/vendredi-4.png\",\"contentUrl\":\"https:\/\/retraites.prieenchemin.org\/que-je-voie-ton-visage\/wp-content\/uploads\/sites\/12\/2022\/03\/vendredi-4.png\",\"width\":1590,\"height\":994},{\"@type\":\"WebPage\",\"@id\":\"https:\/\/retraites.prieenchemin.org\/que-je-voie-ton-visage\/don-dieu-video-musique\/#webpage\",\"url\":\"https:\/\/retraites.prieenchemin.org\/que-je-voie-ton-visage\/don-dieu-video-musique\/\",\"name\":\"D\\u00e9couvrir le don de Dieu en musique et vid\\u00e9o - Que je voie ton visage\",\"isPartOf\":{\"@id\":\"https:\/\/retraites.prieenchemin.org\/que-je-voie-ton-visage\/#website\"},\"primaryImageOfPage\":{\"@id\":\"https:\/\/retraites.prieenchemin.org\/que-je-voie-ton-visage\/don-dieu-video-musique\/#primaryimage\"},\"datePublished\":\"2022-03-15T11:17:43+00:00\",\"dateModified\":\"2022-05-18T12:56:52+00:00\",\"author\":{\"@id\":\"https:\/\/retraites.prieenchemin.org\/que-je-voie-ton-visage\/#\/schema\/person\/b4ff3a09b3e89852cadf994ef1bb5ee3\"},\"breadcrumb\":{\"@id\":\"https:\/\/retraites.prieenchemin.org\/que-je-voie-ton-visage\/don-dieu-video-musique\/#breadcrumb\"},\"inLanguage\":\"fr-FR\",\"potentialAction\":[{\"@type\":\"ReadAction\",\"target\":[\"https:\/\/retraites.prieenchemin.org\/que-je-voie-ton-visage\/don-dieu-video-musique\/\"]}]},{\"@type\":\"BreadcrumbList\",\"@id\":\"https:\/\/retraites.prieenchemin.org\/que-je-voie-ton-visage\/don-dieu-video-musique\/#breadcrumb\",\"itemListElement\":[{\"@type\":\"ListItem\",\"position\":1,\"name\":\"Accueil\",\"item\":\"https:\/\/retraites.prieenchemin.org\/que-je-voie-ton-visage\/\"},{\"@type\":\"ListItem\",\"position\":2,\"name\":\"D\\u00e9couvrir le don de Dieu en musique et vid\\u00e9o\"}]},{\"@type\":\"Person\",\"@id\":\"https:\/\/retraites.prieenchemin.org\/que-je-voie-ton-visage\/#\/schema\/person\/b4ff3a09b3e89852cadf994ef1bb5ee3\",\"name\":\"mathilde\",\"image\":{\"@type\":\"ImageObject\",\"@id\":\"https:\/\/retraites.prieenchemin.org\/que-je-voie-ton-visage\/#personlogo\",\"inLanguage\":\"fr-FR\",\"url\":\"https:\/\/secure.gravatar.com\/avatar\/9995d7d50392a2a05ced7d202cd42f66?s=96&d=mm&r=g\",\"contentUrl\":\"https:\/\/secure.gravatar.com\/avatar\/9995d7d50392a2a05ced7d202cd42f66?s=96&d=mm&r=g\",\"caption\":\"mathilde\"},\"url\":\"https:\/\/retraites.prieenchemin.org\/que-je-voie-ton-visage\/author\/mathilde\/\"}]}<\/script>\n<!-- \/ Yoast SEO plugin. -->","yoast_head_json":{"title":"D\u00e9couvrir le don de Dieu en musique et vid\u00e9o - Que je voie ton visage","robots":{"index":"index","follow":"follow","max-snippet":"max-snippet:-1","max-image-preview":"max-image-preview:large","max-video-preview":"max-video-preview:-1"},"canonical":"https:\/\/retraites.prieenchemin.org\/que-je-voie-ton-visage\/don-dieu-video-musique\/","og_locale":"fr_FR","og_type":"article","og_title":"D\u00e9couvrir le don de Dieu en musique et vid\u00e9o - Que je voie ton visage","og_description":"Aujourd'hui vous propose de contempler des plantes qui poussent (!) et de (r\u00e9)\u00e9couter le hit \u00ab Je te donne \u00bb de Jean-Jacques Goldman pour nous aider \u00e0 m\u00e9diter cet aspect de Dieu qui donne sans compter ! Pr\u00e9paration Comme pour tout temps de pri\u00e8re, vous pouvez vous pr\u00e9parer en vous tournant vers Dieu, en lui [&hellip;]","og_url":"https:\/\/retraites.prieenchemin.org\/que-je-voie-ton-visage\/don-dieu-video-musique\/","og_site_name":"Que je voie ton visage","article_published_time":"2022-03-15T11:17:43+00:00","article_modified_time":"2022-05-18T12:56:52+00:00","og_image":[{"width":1590,"height":994,"url":"https:\/\/retraites.prieenchemin.org\/que-je-voie-ton-visage\/wp-content\/uploads\/sites\/12\/2022\/03\/vendredi-4.png","type":"image\/png"}],"twitter_card":"summary_large_image","schema":{"@context":"https:\/\/schema.org","@graph":[{"@type":"WebSite","@id":"https:\/\/retraites.prieenchemin.org\/que-je-voie-ton-visage\/#website","url":"https:\/\/retraites.prieenchemin.org\/que-je-voie-ton-visage\/","name":"Que je voie ton visage","description":"D\u00e9poussi\u00e9rons nos images de Dieu !","potentialAction":[{"@type":"SearchAction","target":{"@type":"EntryPoint","urlTemplate":"https:\/\/retraites.prieenchemin.org\/que-je-voie-ton-visage\/?s={search_term_string}"},"query-input":"required name=search_term_string"}],"inLanguage":"fr-FR"},{"@type":"ImageObject","@id":"https:\/\/retraites.prieenchemin.org\/que-je-voie-ton-visage\/don-dieu-video-musique\/#primaryimage","inLanguage":"fr-FR","url":"https:\/\/retraites.prieenchemin.org\/que-je-voie-ton-visage\/wp-content\/uploads\/sites\/12\/2022\/03\/vendredi-4.png","contentUrl":"https:\/\/retraites.prieenchemin.org\/que-je-voie-ton-visage\/wp-content\/uploads\/sites\/12\/2022\/03\/vendredi-4.png","width":1590,"height":994},{"@type":"WebPage","@id":"https:\/\/retraites.prieenchemin.org\/que-je-voie-ton-visage\/don-dieu-video-musique\/#webpage","url":"https:\/\/retraites.prieenchemin.org\/que-je-voie-ton-visage\/don-dieu-video-musique\/","name":"D\u00e9couvrir le don de Dieu en musique et vid\u00e9o - Que je voie ton visage","isPartOf":{"@id":"https:\/\/retraites.prieenchemin.org\/que-je-voie-ton-visage\/#website"},"primaryImageOfPage":{"@id":"https:\/\/retraites.prieenchemin.org\/que-je-voie-ton-visage\/don-dieu-video-musique\/#primaryimage"},"datePublished":"2022-03-15T11:17:43+00:00","dateModified":"2022-05-18T12:56:52+00:00","author":{"@id":"https:\/\/retraites.prieenchemin.org\/que-je-voie-ton-visage\/#\/schema\/person\/b4ff3a09b3e89852cadf994ef1bb5ee3"},"breadcrumb":{"@id":"https:\/\/retraites.prieenchemin.org\/que-je-voie-ton-visage\/don-dieu-video-musique\/#breadcrumb"},"inLanguage":"fr-FR","potentialAction":[{"@type":"ReadAction","target":["https:\/\/retraites.prieenchemin.org\/que-je-voie-ton-visage\/don-dieu-video-musique\/"]}]},{"@type":"BreadcrumbList","@id":"https:\/\/retraites.prieenchemin.org\/que-je-voie-ton-visage\/don-dieu-video-musique\/#breadcrumb","itemListElement":[{"@type":"ListItem","position":1,"name":"Accueil","item":"https:\/\/retraites.prieenchemin.org\/que-je-voie-ton-visage\/"},{"@type":"ListItem","position":2,"name":"D\u00e9couvrir le don de Dieu en musique et vid\u00e9o"}]},{"@type":"Person","@id":"https:\/\/retraites.prieenchemin.org\/que-je-voie-ton-visage\/#\/schema\/person\/b4ff3a09b3e89852cadf994ef1bb5ee3","name":"mathilde","image":{"@type":"ImageObject","@id":"https:\/\/retraites.prieenchemin.org\/que-je-voie-ton-visage\/#personlogo","inLanguage":"fr-FR","url":"https:\/\/secure.gravatar.com\/avatar\/9995d7d50392a2a05ced7d202cd42f66?s=96&d=mm&r=g","contentUrl":"https:\/\/secure.gravatar.com\/avatar\/9995d7d50392a2a05ced7d202cd42f66?s=96&d=mm&r=g","caption":"mathilde"},"url":"https:\/\/retraites.prieenchemin.org\/que-je-voie-ton-visage\/author\/mathilde\/"}]}},"_links":{"self":[{"href":"https:\/\/retraites.prieenchemin.org\/que-je-voie-ton-visage\/wp-json\/wp\/v2\/posts\/1572"}],"collection":[{"href":"https:\/\/retraites.prieenchemin.org\/que-je-voie-ton-visage\/wp-json\/wp\/v2\/posts"}],"about":[{"href":"https:\/\/retraites.prieenchemin.org\/que-je-voie-ton-visage\/wp-json\/wp\/v2\/types\/post"}],"author":[{"embeddable":true,"href":"https:\/\/retraites.prieenchemin.org\/que-je-voie-ton-visage\/wp-json\/wp\/v2\/users\/6"}],"replies":[{"embeddable":true,"href":"https:\/\/retraites.prieenchemin.org\/que-je-voie-ton-visage\/wp-json\/wp\/v2\/comments?post=1572"}],"version-history":[{"count":0,"href":"https:\/\/retraites.prieenchemin.org\/que-je-voie-ton-visage\/wp-json\/wp\/v2\/posts\/1572\/revisions"}],"wp:featuredmedia":[{"embeddable":true,"href":"https:\/\/retraites.prieenchemin.org\/que-je-voie-ton-visage\/wp-json\/wp\/v2\/media\/1582"}],"wp:attachment":[{"href":"https:\/\/retraites.prieenchemin.org\/que-je-voie-ton-visage\/wp-json\/wp\/v2\/media?parent=1572"}],"wp:term":[{"taxonomy":"category","embeddable":true,"href":"https:\/\/retraites.prieenchemin.org\/que-je-voie-ton-visage\/wp-json\/wp\/v2\/categories?post=1572"},{"taxonomy":"post_tag","embeddable":true,"href":"https:\/\/retraites.prieenchemin.org\/que-je-voie-ton-visage\/wp-json\/wp\/v2\/tags?post=1572"}],"curies":[{"name":"wp","href":"https:\/\/api.w.org\/{rel}","templated":true}]}}