{"id":1571,"date":"2022-03-15T12:18:42","date_gmt":"2022-03-15T11:18:42","guid":{"rendered":"https:\/\/retraites.prieenchemin.org\/careme2022\/?p=1571"},"modified":"2024-09-03T08:53:24","modified_gmt":"2024-09-03T06:53:24","slug":"mediter-parabole-semeur","status":"publish","type":"post","link":"https:\/\/retraites.prieenchemin.org\/que-je-voie-ton-visage\/mediter-parabole-semeur\/","title":{"rendered":"M\u00e9diter la parabole du semeur"},"content":{"rendered":"<p>[et_pb_section fb_built=\u00a0\u00bb1&Prime; next_background_color=\u00a0\u00bb#ffffff\u00a0\u00bb admin_label=\u00a0\u00bbVid\u00e9o1&Prime; _builder_version=\u00a0\u00bb4.11.1&Prime; _module_preset=\u00a0\u00bbdefault\u00a0\u00bb background_color=\u00a0\u00bb#FFFFFF\u00a0\u00bb min_height=\u00a0\u00bb1537.7px\u00a0\u00bb custom_margin=\u00a0\u00bb||15px|||\u00a0\u00bb custom_padding=\u00a0\u00bb1px||0px|||\u00a0\u00bb bottom_divider_style=\u00a0\u00bbslant2&Prime; global_colors_info=\u00a0\u00bb{}\u00a0\u00bb][et_pb_row column_structure=\u00a0\u00bb3_5,2_5&Prime; _builder_version=\u00a0\u00bb4.11.1&Prime; _module_preset=\u00a0\u00bbdefault\u00a0\u00bb global_colors_info=\u00a0\u00bb{}\u00a0\u00bb][et_pb_column type=\u00a0\u00bb3_5&Prime; _builder_version=\u00a0\u00bb4.11.1&Prime; _module_preset=\u00a0\u00bbdefault\u00a0\u00bb global_colors_info=\u00a0\u00bb{}\u00a0\u00bb][et_pb_text _builder_version=\u00a0\u00bb4.11.1&Prime; _module_preset=\u00a0\u00bbdefault\u00a0\u00bb global_colors_info=\u00a0\u00bb{}\u00a0\u00bb]En ce jour, m\u00e9ditons la parabole du semeur. N&rsquo;h\u00e9sitez pas \u00e0 visiter notre page \u00ab\u00a0<a href=\"https:\/\/retraites.prieenchemin.org\/careme2022\/preparer-sa-priere\/\">Pr\u00e9parer sa pri\u00e8re<\/a>\u00ab\u00a0. D\u00e9terminez le lieu, la dur\u00e9e, le moment, et les moyens pour vivre ce temps de pri\u00e8re dans les meilleures conditions.[\/et_pb_text][\/et_pb_column][et_pb_column type=\u00a0\u00bb2_5&Prime; _builder_version=\u00a0\u00bb4.11.1&Prime; _module_preset=\u00a0\u00bbdefault\u00a0\u00bb global_colors_info=\u00a0\u00bb{}\u00a0\u00bb][\/et_pb_column][\/et_pb_row][et_pb_row _builder_version=\u00a0\u00bb4.11.1&Prime; _module_preset=\u00a0\u00bbdefault\u00a0\u00bb min_height=\u00a0\u00bb579.6px\u00a0\u00bb custom_padding=\u00a0\u00bb43px||0px|||\u00a0\u00bb global_colors_info=\u00a0\u00bb{}\u00a0\u00bb][et_pb_column type=\u00a0\u00bb4_4&Prime; _builder_version=\u00a0\u00bb4.9.4&Prime; _module_preset=\u00a0\u00bbdefault\u00a0\u00bb global_colors_info=\u00a0\u00bb{}\u00a0\u00bb][et_pb_text _builder_version=\u00a0\u00bb4.11.1&Prime; _module_preset=\u00a0\u00bbdefault\u00a0\u00bb text_font_size=\u00a0\u00bb16px\u00a0\u00bb global_colors_info=\u00a0\u00bb{}\u00a0\u00bb]<\/p>\n<p class=\"western\"><span style=\"color: #000000;\"><span style=\"background: transparent;\">\u00ab&nbsp;<span style=\"font-size: medium;\">Celui qui a des oreilles, qu\u2019il entende !&nbsp;\u00bb <\/span><span style=\"font-size: medium;\">C\u2019est avec cette phrase que J\u00e9sus conclue le passage que nous allons m\u00e9diter aujourd\u2019hui. Et si la source <\/span><span style=\"font-size: medium;\">pour reconna\u00eetre la profusion de l\u2019amour de Dieu pour nous \u00e9tait de savoir \u00e9couter r\u00e9ellement&nbsp;? <\/span><\/span><\/span><\/p>\n<p class=\"western\"><span style=\"color: #000000;\"><span style=\"font-size: medium;\"><span style=\"background: transparent;\">Au d\u00e9but de ce temps de pri\u00e8re, apr\u00e8s m\u2019\u00eatre mis dans les bonnes conditions pour m\u00e9diter, je me tourne vers Dieu. Je lui demande de savoir \u00e9couter sa parole avec un c\u0153ur large et g\u00e9n\u00e9reux, comme une terre qui attend la semence.<\/span><\/span><\/span><\/p>\n<p class=\"western\" style=\"margin-bottom: 0cm;\"><span style=\"background: transparent;\"><span style=\"color: #000000;\">Au nom du P\u00e8re, et du Fils et du Saint Esprit. Amen.<\/span><\/span><\/p>\n<p>[\/et_pb_text][et_pb_text _builder_version=\u00a0\u00bb4.11.1&Prime; _module_preset=\u00a0\u00bbdefault\u00a0\u00bb global_colors_info=\u00a0\u00bb{}\u00a0\u00bb]<\/p>\n<p class=\"western\" style=\"margin-left: 1cm; margin-bottom: 0.01cm; background: transparent;\"><span style=\"font-size: medium;\"><span style=\"background: transparent;\">Ce jour-l\u00e0, J\u00e9sus \u00e9tait sorti de la maison, et il \u00e9tait assis au bord de la mer. Aupr\u00e8s de lui se rassembl\u00e8rent des foules si grandes qu\u2019il monta dans une barque o\u00f9 il s\u2019assit ; toute la foule se tenait sur le rivage. Il leur dit beaucoup de choses en paraboles : <\/span><\/span><\/p>\n<p class=\"western\" style=\"margin-left: 1cm; margin-bottom: 0.01cm; background: transparent;\"><span style=\"font-size: medium;\"><span style=\"background: transparent;\">\u00ab Voici que le semeur sortit pour semer. Comme il semait, des grains sont tomb\u00e9s au bord du chemin, et les oiseaux sont venus tout manger. <\/span><\/span><\/p>\n<p class=\"western\" style=\"margin-left: 1cm; margin-bottom: 0.01cm; background: transparent;\"><span style=\"font-size: medium;\"><span style=\"background: transparent;\">D\u2019autres sont tomb\u00e9s sur le sol pierreux, o\u00f9 ils n\u2019avaient pas beaucoup de terre ; ils ont lev\u00e9 aussit\u00f4t, parce que la terre \u00e9tait peu profonde. Le soleil s\u2019\u00e9tant lev\u00e9, ils ont br\u00fbl\u00e9 et, faute de racines, ils ont s\u00e9ch\u00e9. <\/span><\/span><\/p>\n<p class=\"western\" style=\"margin-left: 1cm; margin-bottom: 0.01cm; background: transparent;\"><span style=\"font-size: medium;\"><span style=\"background: transparent;\">D\u2019autres sont tomb\u00e9s dans les ronces ; les ronces ont pouss\u00e9 et les ont \u00e9touff\u00e9s. <\/span><\/span><\/p>\n<p class=\"western\" style=\"margin-left: 1cm; margin-bottom: 0.01cm; background: transparent;\"><span style=\"font-size: medium;\"><span style=\"background: transparent;\">D\u2019autres sont tomb\u00e9s dans la bonne terre, et ils ont donn\u00e9 du fruit \u00e0 raison de cent, ou soixante, ou trente pour un. <\/span><\/span><\/p>\n<p class=\"western\" style=\"margin-left: 1cm; margin-bottom: 0.01cm; background: transparent;\"><span style=\"font-size: medium;\"><span style=\"background: transparent;\">Celui qui a des oreilles, qu\u2019il entende ! \u00bb<\/span><\/span><\/p>\n<p>&nbsp;<\/p>\n<p style=\"text-align: right;\"><span style=\"color: #000000;\">Textes liturgiques \u00a9 AELF, Paris<\/span><\/p>\n<h3 class=\"western\"><span style=\"background: transparent none repeat scroll 0% 0%; color: #000000;\">Pistes de m\u00e9ditations<\/span><\/h3>\n<p class=\"western\" style=\"margin-top: 0.1cm; margin-bottom: 0.1cm;\"><span style=\"color: #000000;\"><span style=\"background: transparent;\">1. Dans un premier temps, je contemple J\u00e9sus qui sort de sa maison, et se rend au bord de la mer de Galil\u00e9e. Cherche-t-il ? Le repos ? Retrouver des amis ? \u00c0 enseigner ? Peu \u00e0 peu les foules se rassemblent au point qu\u2019il doit monter dans une barque. Quelles pens\u00e9es l\u2019habitent.<\/span><\/span><\/p>\n<p class=\"western\" style=\"margin-top: 0.1cm; margin-bottom: 0.1cm;\"><span style=\"color: #000000;\"><span style=\"background: transparent;\">2. J\u00e9sus parle d\u2019un homme qui lui aussi est sorti de chez lui. C\u2019est un semeur. Son travail est de semer. Il s\u00e8me \u00e0 tout vent, avec g\u00e9n\u00e9rosit\u00e9, sans s\u2019inqui\u00e9ter. Sans logique de rendement. Il s\u00e8me. Je vois les graines tomber au bord du chemin, sur le sol pierreux, dans les ronces et dans la bonne terre. Je contemple ce qui advient et je m\u00e9dite.<\/span><\/span><\/p>\n<p class=\"western\" style=\"margin-top: 0.1cm; margin-bottom: 0.1cm;\"><span style=\"color: #000000;\"><span style=\"background: transparent;\">3. Et si le lieu des semailles \u00e9taient ma vie, avec ses chemins pleins de cailloux, ses ronces, et sa bonne terre. Comment comprendre ce semeur qui ne r\u00e9serve pas les semences aux seuls aspects ou moments favorables \u00e0 la croissance ?<\/span><\/span><\/p>\n<p>&nbsp;<\/p>\n<p class=\"western\" style=\"margin-top: 0.1cm; margin-bottom: 0.1cm;\"><span style=\"color: #000000;\"><span style=\"background: transparent;\"><\/span><\/span><\/p>\n<h3 class=\"western\"><span style=\"background: transparent none repeat scroll 0% 0%; color: #000000;\">Invitation \u00e0 une pri\u00e8re personnelle<\/span><\/h3>\n<p class=\"western\"><span style=\"color: #000000;\"><span style=\"background: transparent none repeat scroll 0% 0%;\">&nbsp;<\/span><span style=\"background: transparent;\">\u00c0 la fin de ce temps, je fais m\u00e9moire de ce qui est venu dans ma pri\u00e8re. Comme apr\u00e8s les semailles, vient le temps du repos. Je me pr\u00e9sente aupr\u00e8s de J\u00e9sus. Je m\u2019adresse \u00e0 lui en toute simplicit\u00e9. Je peux aussi lui demander de rendre ma vie davantage \u00e0 l\u2019\u00e9coute de sa Parole.<\/span><\/span><\/p>\n<p class=\"western\"><span style=\"background: transparent none repeat scroll 0% 0%; color: #000000;\">&nbsp;<\/span><\/p>\n<p style=\"margin-left: 2.54cm; margin-bottom: 0cm; line-height: 100%;\">\n<h3 class=\"western\"><span style=\"background: transparent none repeat scroll 0% 0%; color: #000000;\">Pri\u00e8re finale<\/span><\/h3>\n<p class=\"western\" style=\"margin-bottom: 0.35cm;\" align=\"left\"><span style=\"color: #000000; font-family: inherit;\"><span style=\"font-size: medium;\"><span style=\"background: transparent;\">Je peux terminer avec une pri\u00e8re de l\u2019\u00c9glise, comme un Notre P\u00e8re.<\/span><\/span><\/span><\/p>\n<h5 class=\"western\"><span style=\"font-family: inherit; font-weight: normal; font-size: medium; color: #000000;\"><span style=\"background: transparent;\">Ne pas oublier d\u2019\u00e9crire le fruit de ce temps<\/span><span style=\"background: transparent;\"> <\/span>sur un carnet ou un fichier.<\/span><\/h5>\n<p class=\"western\" style=\"margin-bottom: 0.35cm;\" align=\"left\">\n<p><span style=\"font-size: medium; color: #000000;\">&nbsp;<\/span><\/p>\n<p class=\"western\" style=\"margin-bottom: 0.35cm; font-weight: normal;\" align=\"left\">\n<p>[\/et_pb_text][\/et_pb_column][\/et_pb_row][\/et_pb_section][et_pb_section fb_built=\u00a0\u00bb1&Prime; _builder_version=\u00a0\u00bb4.11.1&Prime; _module_preset=\u00a0\u00bbdefault\u00a0\u00bb min_height=\u00a0\u00bb631.5px\u00a0\u00bb global_colors_info=\u00a0\u00bb{}\u00a0\u00bb][et_pb_row column_structure=\u00a0\u00bb1_2,1_2&Prime; _builder_version=\u00a0\u00bb4.11.1&Prime; _module_preset=\u00a0\u00bbdefault\u00a0\u00bb global_colors_info=\u00a0\u00bb{}\u00a0\u00bb][et_pb_column type=\u00a0\u00bb1_2&Prime; _builder_version=\u00a0\u00bb4.11.1&Prime; _module_preset=\u00a0\u00bbdefault\u00a0\u00bb global_colors_info=\u00a0\u00bb{}\u00a0\u00bb][et_pb_text _builder_version=\u00a0\u00bb4.11.1&Prime; _module_preset=\u00a0\u00bbdefault\u00a0\u00bb global_colors_info=\u00a0\u00bb{}\u00a0\u00bb]<\/p>\n<h1>Pour aller plus loin<\/h1>\n<p>[\/et_pb_text][et_pb_button button_url=\u00a0\u00bb@ET-DC@eyJkeW5hbWljIjp0cnVlLCJjb250ZW50IjoicG9zdF9saW5rX3VybF9wb3N0Iiwic2V0dGluZ3MiOnsicG9zdF9pZCI6IjIwMDEifX0=@\u00a0\u00bb button_text=\u00a0\u00bbVoir les autres propositions du jour\u00a0\u00bb button_alignment=\u00a0\u00bbleft\u00a0\u00bb _builder_version=\u00a0\u00bb4.11.1&Prime; _dynamic_attributes=\u00a0\u00bbbutton_url\u00a0\u00bb _module_preset=\u00a0\u00bbdefault\u00a0\u00bb custom_button=\u00a0\u00bbon\u00a0\u00bb button_text_color=\u00a0\u00bb#FFFFFF\u00a0\u00bb button_bg_color=\u00a0\u00bb#002d43&Prime; button_border_color=\u00a0\u00bbRGBA(0,0,0,0)\u00a0\u00bb custom_padding=\u00a0\u00bb5px|50px||50px|false|false\u00a0\u00bb global_colors_info=\u00a0\u00bb{}\u00a0\u00bb][\/et_pb_button][et_pb_button button_url=\u00a0\u00bbhttps:\/\/retraites.prieenchemin.org\/que-je-voie-ton-visage\/mur-de-prieres\/\u00a0\u00bb button_text=\u00a0\u00bbAcc\u00e9der au mur de pri\u00e8re\u00a0\u00bb button_alignment=\u00a0\u00bbleft\u00a0\u00bb _builder_version=\u00a0\u00bb4.11.1&Prime; _module_preset=\u00a0\u00bbdefault\u00a0\u00bb custom_button=\u00a0\u00bbon\u00a0\u00bb button_text_color=\u00a0\u00bb#FFFFFF\u00a0\u00bb button_bg_color=\u00a0\u00bb#002d43&Prime; button_border_width=\u00a0\u00bb0px\u00a0\u00bb custom_padding=\u00a0\u00bb5px|50px||50px|false|false\u00a0\u00bb global_colors_info=\u00a0\u00bb{}\u00a0\u00bb][\/et_pb_button][et_pb_button button_url=\u00a0\u00bbhttps:\/\/retraites.prieenchemin.org\/que-je-voie-ton-visage\/wp-content\/uploads\/sites\/12\/2022\/05\/Jour-4-Dieu-comptable-ou-semeur-Retraite-Que-je-voie-ton-visage-Prie-en-Chemin.pdf\u00a0\u00bb button_text=\u00a0\u00bbT\u00e9l\u00e9charger le PDF\u00a0\u00bb button_alignment=\u00a0\u00bbleft\u00a0\u00bb _builder_version=\u00a0\u00bb4.11.1&Prime; _module_preset=\u00a0\u00bbdefault\u00a0\u00bb custom_button=\u00a0\u00bbon\u00a0\u00bb button_text_color=\u00a0\u00bb#FFFFFF\u00a0\u00bb button_bg_color=\u00a0\u00bb#002d43&Prime; button_border_color=\u00a0\u00bbRGBA(0,0,0,0)\u00a0\u00bb custom_padding=\u00a0\u00bb5px|50px||50px|false|false\u00a0\u00bb global_colors_info=\u00a0\u00bb{}\u00a0\u00bb][\/et_pb_button][\/et_pb_column][et_pb_column type=\u00a0\u00bb1_2&Prime; _builder_version=\u00a0\u00bb4.11.1&Prime; _module_preset=\u00a0\u00bbdefault\u00a0\u00bb global_colors_info=\u00a0\u00bb{}\u00a0\u00bb][et_pb_image src=\u00a0\u00bbhttps:\/\/retraites.prieenchemin.org\/que-je-voie-ton-visage\/wp-content\/uploads\/sites\/12\/2022\/02\/vs3.png\u00a0\u00bb title_text=\u00a0\u00bbvs3&Prime; _builder_version=\u00a0\u00bb4.11.1&Prime; _module_preset=\u00a0\u00bbdefault\u00a0\u00bb global_colors_info=\u00a0\u00bb{}\u00a0\u00bb][\/et_pb_image][\/et_pb_column][\/et_pb_row][\/et_pb_section]<\/p>\n","protected":false},"excerpt":{"rendered":"<p>En ce jour, m\u00e9ditons la parabole du semeur. N&rsquo;h\u00e9sitez pas \u00e0 visiter notre page \u00ab\u00a0Pr\u00e9parer sa pri\u00e8re\u00a0\u00bb. D\u00e9terminez le lieu, la dur\u00e9e, le moment, et les moyens pour vivre ce temps de pri\u00e8re dans les meilleures conditions.\u00ab&nbsp;Celui qui a des oreilles, qu\u2019il entende !&nbsp;\u00bb C\u2019est avec cette phrase que J\u00e9sus conclue le passage que nous [&hellip;]<\/p>\n","protected":false},"author":6,"featured_media":1576,"comment_status":"closed","ping_status":"closed","sticky":false,"template":"","format":"standard","meta":{"_et_pb_use_builder":"on","_et_pb_old_content":"<!-- wp:heading -->\n<h2>Le topo du jour : une jambe fracass\u00e9e<\/h2>\n<!-- \/wp:heading -->\n\n<!-- wp:embed {\"url\":\"https:\/\/youtu.be\/h58AN0-njzk\",\"type\":\"video\",\"providerNameSlug\":\"youtube\",\"responsive\":true,\"className\":\"wp-embed-aspect-16-9 wp-has-aspect-ratio\"} -->\n<figure class=\"wp-block-embed is-type-video is-provider-youtube wp-block-embed-youtube wp-embed-aspect-16-9 wp-has-aspect-ratio\"><div class=\"wp-block-embed__wrapper\">\nhttps:\/\/youtu.be\/h58AN0-njzk\n<\/div><\/figure>\n<!-- \/wp:embed -->\n\n<!-- wp:separator {\"color\":\"luminous-vivid-orange\",\"className\":\"is-style-wide\"} -->\n<hr class=\"wp-block-separator has-text-color has-background has-luminous-vivid-orange-background-color has-luminous-vivid-orange-color is-style-wide\"\/>\n<!-- \/wp:separator -->\n\n<!-- wp:group {\"style\":{\"color\":{\"background\":\"#fcf08d\"}}} -->\n<div class=\"wp-block-group has-background\" style=\"background-color:#fcf08d\"><div class=\"wp-block-group__inner-container\"><!-- wp:heading -->\n<h2>La m\u00e9ditation guid\u00e9e du jour : L'Ascension<\/h2>\n<!-- \/wp:heading -->\n\n<!-- wp:audio -->\n<figure class=\"wp-block-audio\"><audio controls src=\"https:\/\/prieenchemin.rezando.org\/file?pray=3331\"><\/audio><\/figure>\n<!-- \/wp:audio --><\/div><\/div>\n<!-- \/wp:group -->\n\n<!-- wp:separator {\"color\":\"luminous-vivid-orange\",\"className\":\"is-style-wide\"} -->\n<hr class=\"wp-block-separator has-text-color has-background has-luminous-vivid-orange-background-color has-luminous-vivid-orange-color is-style-wide\"\/>\n<!-- \/wp:separator -->\n\n<!-- wp:heading -->\n<h2>Le t\u00e9moignage du jour : Le genou de Bruno<\/h2>\n<!-- \/wp:heading -->\n\n<!-- wp:embed {\"url\":\"https:\/\/youtu.be\/h58AN0-njzk\",\"type\":\"video\",\"providerNameSlug\":\"youtube\",\"responsive\":true,\"className\":\"wp-embed-aspect-16-9 wp-has-aspect-ratio\"} -->\n<figure class=\"wp-block-embed is-type-video is-provider-youtube wp-block-embed-youtube wp-embed-aspect-16-9 wp-has-aspect-ratio\"><div class=\"wp-block-embed__wrapper\">\nhttps:\/\/youtu.be\/h58AN0-njzk\n<\/div><\/figure>\n<!-- \/wp:embed -->","_et_gb_content_width":"2880","_monsterinsights_skip_tracking":false,"_monsterinsights_sitenote_active":false,"_monsterinsights_sitenote_note":"","_monsterinsights_sitenote_category":0},"categories":[32],"tags":[],"yoast_head":"<!-- This site is optimized with the Yoast SEO plugin v17.7 - https:\/\/yoast.com\/wordpress\/plugins\/seo\/ -->\n<title>M\u00e9diter la parabole du semeur - Que je voie ton visage<\/title>\n<meta name=\"robots\" content=\"index, follow, max-snippet:-1, max-image-preview:large, max-video-preview:-1\" \/>\n<link rel=\"canonical\" href=\"https:\/\/retraites.prieenchemin.org\/que-je-voie-ton-visage\/mediter-parabole-semeur\/\" \/>\n<meta property=\"og:locale\" content=\"fr_FR\" \/>\n<meta property=\"og:type\" content=\"article\" \/>\n<meta property=\"og:title\" content=\"M\u00e9diter la parabole du semeur - Que je voie ton visage\" \/>\n<meta property=\"og:description\" content=\"En ce jour, m\u00e9ditons la parabole du semeur. N&#039;h\u00e9sitez pas \u00e0 visiter notre page &quot;Pr\u00e9parer sa pri\u00e8re&quot;. D\u00e9terminez le lieu, la dur\u00e9e, le moment, et les moyens pour vivre ce temps de pri\u00e8re dans les meilleures conditions.\u00ab&nbsp;Celui qui a des oreilles, qu\u2019il entende !&nbsp;\u00bb C\u2019est avec cette phrase que J\u00e9sus conclue le passage que nous [&hellip;]\" \/>\n<meta property=\"og:url\" content=\"https:\/\/retraites.prieenchemin.org\/que-je-voie-ton-visage\/mediter-parabole-semeur\/\" \/>\n<meta property=\"og:site_name\" content=\"Que je voie ton visage\" \/>\n<meta property=\"article:published_time\" content=\"2022-03-15T11:18:42+00:00\" \/>\n<meta property=\"article:modified_time\" content=\"2024-09-03T06:53:24+00:00\" \/>\n<meta property=\"og:image\" content=\"https:\/\/retraites.prieenchemin.org\/que-je-voie-ton-visage\/wp-content\/uploads\/sites\/12\/2022\/03\/jeudi-1.png\" \/>\n\t<meta property=\"og:image:width\" content=\"1590\" \/>\n\t<meta property=\"og:image:height\" content=\"994\" \/>\n<meta name=\"twitter:card\" content=\"summary_large_image\" \/>\n<script type=\"application\/ld+json\" class=\"yoast-schema-graph\">{\"@context\":\"https:\/\/schema.org\",\"@graph\":[{\"@type\":\"WebSite\",\"@id\":\"https:\/\/retraites.prieenchemin.org\/que-je-voie-ton-visage\/#website\",\"url\":\"https:\/\/retraites.prieenchemin.org\/que-je-voie-ton-visage\/\",\"name\":\"Que je voie ton visage\",\"description\":\"D\\u00e9poussi\\u00e9rons nos images de Dieu !\",\"potentialAction\":[{\"@type\":\"SearchAction\",\"target\":{\"@type\":\"EntryPoint\",\"urlTemplate\":\"https:\/\/retraites.prieenchemin.org\/que-je-voie-ton-visage\/?s={search_term_string}\"},\"query-input\":\"required name=search_term_string\"}],\"inLanguage\":\"fr-FR\"},{\"@type\":\"ImageObject\",\"@id\":\"https:\/\/retraites.prieenchemin.org\/que-je-voie-ton-visage\/mediter-parabole-semeur\/#primaryimage\",\"inLanguage\":\"fr-FR\",\"url\":\"https:\/\/retraites.prieenchemin.org\/que-je-voie-ton-visage\/wp-content\/uploads\/sites\/12\/2022\/03\/jeudi-1.png\",\"contentUrl\":\"https:\/\/retraites.prieenchemin.org\/que-je-voie-ton-visage\/wp-content\/uploads\/sites\/12\/2022\/03\/jeudi-1.png\",\"width\":1590,\"height\":994},{\"@type\":\"WebPage\",\"@id\":\"https:\/\/retraites.prieenchemin.org\/que-je-voie-ton-visage\/mediter-parabole-semeur\/#webpage\",\"url\":\"https:\/\/retraites.prieenchemin.org\/que-je-voie-ton-visage\/mediter-parabole-semeur\/\",\"name\":\"M\\u00e9diter la parabole du semeur - Que je voie ton visage\",\"isPartOf\":{\"@id\":\"https:\/\/retraites.prieenchemin.org\/que-je-voie-ton-visage\/#website\"},\"primaryImageOfPage\":{\"@id\":\"https:\/\/retraites.prieenchemin.org\/que-je-voie-ton-visage\/mediter-parabole-semeur\/#primaryimage\"},\"datePublished\":\"2022-03-15T11:18:42+00:00\",\"dateModified\":\"2024-09-03T06:53:24+00:00\",\"author\":{\"@id\":\"https:\/\/retraites.prieenchemin.org\/que-je-voie-ton-visage\/#\/schema\/person\/b4ff3a09b3e89852cadf994ef1bb5ee3\"},\"breadcrumb\":{\"@id\":\"https:\/\/retraites.prieenchemin.org\/que-je-voie-ton-visage\/mediter-parabole-semeur\/#breadcrumb\"},\"inLanguage\":\"fr-FR\",\"potentialAction\":[{\"@type\":\"ReadAction\",\"target\":[\"https:\/\/retraites.prieenchemin.org\/que-je-voie-ton-visage\/mediter-parabole-semeur\/\"]}]},{\"@type\":\"BreadcrumbList\",\"@id\":\"https:\/\/retraites.prieenchemin.org\/que-je-voie-ton-visage\/mediter-parabole-semeur\/#breadcrumb\",\"itemListElement\":[{\"@type\":\"ListItem\",\"position\":1,\"name\":\"Accueil\",\"item\":\"https:\/\/retraites.prieenchemin.org\/que-je-voie-ton-visage\/\"},{\"@type\":\"ListItem\",\"position\":2,\"name\":\"M\\u00e9diter la parabole du semeur\"}]},{\"@type\":\"Person\",\"@id\":\"https:\/\/retraites.prieenchemin.org\/que-je-voie-ton-visage\/#\/schema\/person\/b4ff3a09b3e89852cadf994ef1bb5ee3\",\"name\":\"mathilde\",\"image\":{\"@type\":\"ImageObject\",\"@id\":\"https:\/\/retraites.prieenchemin.org\/que-je-voie-ton-visage\/#personlogo\",\"inLanguage\":\"fr-FR\",\"url\":\"https:\/\/secure.gravatar.com\/avatar\/9995d7d50392a2a05ced7d202cd42f66?s=96&d=mm&r=g\",\"contentUrl\":\"https:\/\/secure.gravatar.com\/avatar\/9995d7d50392a2a05ced7d202cd42f66?s=96&d=mm&r=g\",\"caption\":\"mathilde\"},\"url\":\"https:\/\/retraites.prieenchemin.org\/que-je-voie-ton-visage\/author\/mathilde\/\"}]}<\/script>\n<!-- \/ Yoast SEO plugin. -->","yoast_head_json":{"title":"M\u00e9diter la parabole du semeur - Que je voie ton visage","robots":{"index":"index","follow":"follow","max-snippet":"max-snippet:-1","max-image-preview":"max-image-preview:large","max-video-preview":"max-video-preview:-1"},"canonical":"https:\/\/retraites.prieenchemin.org\/que-je-voie-ton-visage\/mediter-parabole-semeur\/","og_locale":"fr_FR","og_type":"article","og_title":"M\u00e9diter la parabole du semeur - Que je voie ton visage","og_description":"En ce jour, m\u00e9ditons la parabole du semeur. N'h\u00e9sitez pas \u00e0 visiter notre page \"Pr\u00e9parer sa pri\u00e8re\". D\u00e9terminez le lieu, la dur\u00e9e, le moment, et les moyens pour vivre ce temps de pri\u00e8re dans les meilleures conditions.\u00ab&nbsp;Celui qui a des oreilles, qu\u2019il entende !&nbsp;\u00bb C\u2019est avec cette phrase que J\u00e9sus conclue le passage que nous [&hellip;]","og_url":"https:\/\/retraites.prieenchemin.org\/que-je-voie-ton-visage\/mediter-parabole-semeur\/","og_site_name":"Que je voie ton visage","article_published_time":"2022-03-15T11:18:42+00:00","article_modified_time":"2024-09-03T06:53:24+00:00","og_image":[{"width":1590,"height":994,"url":"https:\/\/retraites.prieenchemin.org\/que-je-voie-ton-visage\/wp-content\/uploads\/sites\/12\/2022\/03\/jeudi-1.png","type":"image\/png"}],"twitter_card":"summary_large_image","schema":{"@context":"https:\/\/schema.org","@graph":[{"@type":"WebSite","@id":"https:\/\/retraites.prieenchemin.org\/que-je-voie-ton-visage\/#website","url":"https:\/\/retraites.prieenchemin.org\/que-je-voie-ton-visage\/","name":"Que je voie ton visage","description":"D\u00e9poussi\u00e9rons nos images de Dieu !","potentialAction":[{"@type":"SearchAction","target":{"@type":"EntryPoint","urlTemplate":"https:\/\/retraites.prieenchemin.org\/que-je-voie-ton-visage\/?s={search_term_string}"},"query-input":"required name=search_term_string"}],"inLanguage":"fr-FR"},{"@type":"ImageObject","@id":"https:\/\/retraites.prieenchemin.org\/que-je-voie-ton-visage\/mediter-parabole-semeur\/#primaryimage","inLanguage":"fr-FR","url":"https:\/\/retraites.prieenchemin.org\/que-je-voie-ton-visage\/wp-content\/uploads\/sites\/12\/2022\/03\/jeudi-1.png","contentUrl":"https:\/\/retraites.prieenchemin.org\/que-je-voie-ton-visage\/wp-content\/uploads\/sites\/12\/2022\/03\/jeudi-1.png","width":1590,"height":994},{"@type":"WebPage","@id":"https:\/\/retraites.prieenchemin.org\/que-je-voie-ton-visage\/mediter-parabole-semeur\/#webpage","url":"https:\/\/retraites.prieenchemin.org\/que-je-voie-ton-visage\/mediter-parabole-semeur\/","name":"M\u00e9diter la parabole du semeur - Que je voie ton visage","isPartOf":{"@id":"https:\/\/retraites.prieenchemin.org\/que-je-voie-ton-visage\/#website"},"primaryImageOfPage":{"@id":"https:\/\/retraites.prieenchemin.org\/que-je-voie-ton-visage\/mediter-parabole-semeur\/#primaryimage"},"datePublished":"2022-03-15T11:18:42+00:00","dateModified":"2024-09-03T06:53:24+00:00","author":{"@id":"https:\/\/retraites.prieenchemin.org\/que-je-voie-ton-visage\/#\/schema\/person\/b4ff3a09b3e89852cadf994ef1bb5ee3"},"breadcrumb":{"@id":"https:\/\/retraites.prieenchemin.org\/que-je-voie-ton-visage\/mediter-parabole-semeur\/#breadcrumb"},"inLanguage":"fr-FR","potentialAction":[{"@type":"ReadAction","target":["https:\/\/retraites.prieenchemin.org\/que-je-voie-ton-visage\/mediter-parabole-semeur\/"]}]},{"@type":"BreadcrumbList","@id":"https:\/\/retraites.prieenchemin.org\/que-je-voie-ton-visage\/mediter-parabole-semeur\/#breadcrumb","itemListElement":[{"@type":"ListItem","position":1,"name":"Accueil","item":"https:\/\/retraites.prieenchemin.org\/que-je-voie-ton-visage\/"},{"@type":"ListItem","position":2,"name":"M\u00e9diter la parabole du semeur"}]},{"@type":"Person","@id":"https:\/\/retraites.prieenchemin.org\/que-je-voie-ton-visage\/#\/schema\/person\/b4ff3a09b3e89852cadf994ef1bb5ee3","name":"mathilde","image":{"@type":"ImageObject","@id":"https:\/\/retraites.prieenchemin.org\/que-je-voie-ton-visage\/#personlogo","inLanguage":"fr-FR","url":"https:\/\/secure.gravatar.com\/avatar\/9995d7d50392a2a05ced7d202cd42f66?s=96&d=mm&r=g","contentUrl":"https:\/\/secure.gravatar.com\/avatar\/9995d7d50392a2a05ced7d202cd42f66?s=96&d=mm&r=g","caption":"mathilde"},"url":"https:\/\/retraites.prieenchemin.org\/que-je-voie-ton-visage\/author\/mathilde\/"}]}},"_links":{"self":[{"href":"https:\/\/retraites.prieenchemin.org\/que-je-voie-ton-visage\/wp-json\/wp\/v2\/posts\/1571"}],"collection":[{"href":"https:\/\/retraites.prieenchemin.org\/que-je-voie-ton-visage\/wp-json\/wp\/v2\/posts"}],"about":[{"href":"https:\/\/retraites.prieenchemin.org\/que-je-voie-ton-visage\/wp-json\/wp\/v2\/types\/post"}],"author":[{"embeddable":true,"href":"https:\/\/retraites.prieenchemin.org\/que-je-voie-ton-visage\/wp-json\/wp\/v2\/users\/6"}],"replies":[{"embeddable":true,"href":"https:\/\/retraites.prieenchemin.org\/que-je-voie-ton-visage\/wp-json\/wp\/v2\/comments?post=1571"}],"version-history":[{"count":0,"href":"https:\/\/retraites.prieenchemin.org\/que-je-voie-ton-visage\/wp-json\/wp\/v2\/posts\/1571\/revisions"}],"wp:featuredmedia":[{"embeddable":true,"href":"https:\/\/retraites.prieenchemin.org\/que-je-voie-ton-visage\/wp-json\/wp\/v2\/media\/1576"}],"wp:attachment":[{"href":"https:\/\/retraites.prieenchemin.org\/que-je-voie-ton-visage\/wp-json\/wp\/v2\/media?parent=1571"}],"wp:term":[{"taxonomy":"category","embeddable":true,"href":"https:\/\/retraites.prieenchemin.org\/que-je-voie-ton-visage\/wp-json\/wp\/v2\/categories?post=1571"},{"taxonomy":"post_tag","embeddable":true,"href":"https:\/\/retraites.prieenchemin.org\/que-je-voie-ton-visage\/wp-json\/wp\/v2\/tags?post=1571"}],"curies":[{"name":"wp","href":"https:\/\/api.w.org\/{rel}","templated":true}]}}