{"id":1568,"date":"2022-03-15T12:21:41","date_gmt":"2022-03-15T11:21:41","guid":{"rendered":"https:\/\/retraites.prieenchemin.org\/careme2022\/?p=1568"},"modified":"2024-09-03T08:58:38","modified_gmt":"2024-09-03T06:58:38","slug":"mediter-apocalypse","status":"publish","type":"post","link":"https:\/\/retraites.prieenchemin.org\/que-je-voie-ton-visage\/mediter-apocalypse\/","title":{"rendered":"M\u00e9diter le livre de l&rsquo;Apocalypse"},"content":{"rendered":"<p>[et_pb_section fb_built=\u00a0\u00bb1&Prime; next_background_color=\u00a0\u00bb#ffffff\u00a0\u00bb admin_label=\u00a0\u00bbVid\u00e9o1&Prime; _builder_version=\u00a0\u00bb4.11.1&Prime; _module_preset=\u00a0\u00bbdefault\u00a0\u00bb background_color=\u00a0\u00bb#FFFFFF\u00a0\u00bb min_height=\u00a0\u00bb1842.7px\u00a0\u00bb custom_margin=\u00a0\u00bb||-278px|||\u00a0\u00bb custom_padding=\u00a0\u00bb1px||72px|||\u00a0\u00bb bottom_divider_style=\u00a0\u00bbslant2&Prime; global_colors_info=\u00a0\u00bb{}\u00a0\u00bb][et_pb_row column_structure=\u00a0\u00bb1_2,1_2&Prime; _builder_version=\u00a0\u00bb4.11.1&Prime; _module_preset=\u00a0\u00bbdefault\u00a0\u00bb global_colors_info=\u00a0\u00bb{}\u00a0\u00bb][et_pb_column type=\u00a0\u00bb1_2&Prime; _builder_version=\u00a0\u00bb4.11.1&Prime; _module_preset=\u00a0\u00bbdefault\u00a0\u00bb global_colors_info=\u00a0\u00bb{}\u00a0\u00bb][et_pb_text _builder_version=\u00a0\u00bb4.11.1&Prime; _module_preset=\u00a0\u00bbdefault\u00a0\u00bb global_colors_info=\u00a0\u00bb{}\u00a0\u00bb]<a href=\"https:\/\/retraites.prieenchemin.org\/careme2022\/preparer-sa-priere\/\">Quelques conseils pour pr\u00e9parer sa pri\u00e8re<\/a>[\/et_pb_text][\/et_pb_column][et_pb_column type=\u00a0\u00bb1_2&Prime; _builder_version=\u00a0\u00bb4.11.1&Prime; _module_preset=\u00a0\u00bbdefault\u00a0\u00bb global_colors_info=\u00a0\u00bb{}\u00a0\u00bb][\/et_pb_column][\/et_pb_row][et_pb_row _builder_version=\u00a0\u00bb4.11.1&Prime; _module_preset=\u00a0\u00bbdefault\u00a0\u00bb global_colors_info=\u00a0\u00bb{}\u00a0\u00bb][et_pb_column type=\u00a0\u00bb4_4&Prime; _builder_version=\u00a0\u00bb4.11.1&Prime; _module_preset=\u00a0\u00bbdefault\u00a0\u00bb global_colors_info=\u00a0\u00bb{}\u00a0\u00bb][et_pb_text _builder_version=\u00a0\u00bb4.11.1&Prime; _module_preset=\u00a0\u00bbdefault\u00a0\u00bb text_font_size=\u00a0\u00bb16px\u00a0\u00bb min_height=\u00a0\u00bb142.2px\u00a0\u00bb global_colors_info=\u00a0\u00bb{}\u00a0\u00bb]<\/p>\n<p class=\"western\"><span style=\"color: #000000;\"><span style=\"background: transparent;\">Le comptable est celui qui note tout, qui veut tout garder en m\u00e9moire, au cas o\u00f9&nbsp;! Les actifs et les passifs, ce qui entre et ce qui sort. Une image qui colle \u00e0 Dieu m\u00eame dans le dernier livre de la Bible&nbsp;: L\u2019Apocalypse. Au d\u00e9but de ce temps de pri\u00e8re, je me pr\u00e9sente devant Dieu, sous son regard bienveillant. Que la m\u00e9ditation de ce passage biblique fasse grandir en moi le d\u00e9sir de servir Dieu par toute ma vie, chaque instant de mon existence.<\/span><\/span><\/p>\n<p class=\"western\" style=\"margin-bottom: 0cm;\"><span style=\"background: transparent;\"><span style=\"color: #000000;\">Au nom du P\u00e8re, et du Fils et du Saint Esprit. Amen.<\/span><\/span><\/p>\n<p class=\"western\" style=\"margin-bottom: 0cm;\"><span style=\"background: transparent;\"><span style=\"color: #000000;\"><\/span><\/span><\/p>\n<p>[\/et_pb_text][\/et_pb_column][\/et_pb_row][et_pb_row _builder_version=\u00a0\u00bb4.11.1&Prime; _module_preset=\u00a0\u00bbdefault\u00a0\u00bb min_height=\u00a0\u00bb355.6px\u00a0\u00bb custom_padding=\u00a0\u00bb43px||0px|||\u00a0\u00bb global_colors_info=\u00a0\u00bb{}\u00a0\u00bb][et_pb_column type=\u00a0\u00bb4_4&Prime; _builder_version=\u00a0\u00bb4.9.4&Prime; _module_preset=\u00a0\u00bbdefault\u00a0\u00bb global_colors_info=\u00a0\u00bb{}\u00a0\u00bb][et_pb_text _builder_version=\u00a0\u00bb4.11.1&Prime; _module_preset=\u00a0\u00bbdefault\u00a0\u00bb custom_padding=\u00a0\u00bb||0px|||\u00a0\u00bb hover_enabled=\u00a0\u00bb0&Prime; global_colors_info=\u00a0\u00bb{}\u00a0\u00bb sticky_enabled=\u00a0\u00bb0&Prime;]<\/p>\n<p class=\"western\" style=\"margin-bottom: 0cm;\"><span style=\"color: #000000;\"><\/span><\/p>\n<p class=\"western\"><i><u><span>Je prends le temps de lire lentement et \u00e0 voix haute ce passage pour mieux le go\u00fbter. <\/span><\/u><\/i><\/p>\n<blockquote>\n<p><span style=\"font-size: small;\"><span style=\"background: transparent;\">Moi, Jean, j\u2019ai vu un grand tr\u00f4ne blanc et celui qui si\u00e9geait sur ce tr\u00f4ne. Devant sa face, le ciel et la terre s\u2019enfuirent : nulle place pour eux ! J\u2019ai vu aussi les morts, les grands et les petits, debout devant le Tr\u00f4ne. <\/span><\/span><span style=\"font-size: small;\"><span style=\"background: transparent;\">On ouvrit des livres, puis un autre encore : le livre de la vie. D\u2019apr\u00e8s ce qui \u00e9tait \u00e9crit dans les livres, les morts furent jug\u00e9s selon leurs actes. La mer rendit les morts qu\u2019elle retenait ; la Mort et le s\u00e9jour des morts rendirent aussi ceux qu\u2019ils retenaient, et ils furent jug\u00e9s, chacun selon ses actes. Puis la Mort et le s\u00e9jour des morts furent pr\u00e9cipit\u00e9s dans l\u2019\u00e9tang de feu \u2013 l\u2019\u00e9tang de feu, c\u2019est la seconde mort. Et si quelqu\u2019un ne se trouvait pas inscrit dans le livre de la vie, il \u00e9tait pr\u00e9cipit\u00e9 dans l\u2019\u00e9tang de feu.<\/span><\/span><\/p>\n<\/blockquote>\n<p style=\"text-align: right;\"><span style=\"color: #000000;\"><i><span>Textes liturgiques \u00a9 <\/span><\/i><\/span><span style=\"color: #000000;\"><i><span>AELF<\/span><\/i><\/span><span style=\"color: #000000;\"><i><span>, Paris<\/span><\/i><\/span><\/p>\n<p align=\"left\">[\/et_pb_text][\/et_pb_column][\/et_pb_row][et_pb_row _builder_version=\u00a0\u00bb4.11.1&Prime; _module_preset=\u00a0\u00bbdefault\u00a0\u00bb global_colors_info=\u00a0\u00bb{}\u00a0\u00bb][et_pb_column type=\u00a0\u00bb4_4&Prime; _builder_version=\u00a0\u00bb4.11.1&Prime; _module_preset=\u00a0\u00bbdefault\u00a0\u00bb global_colors_info=\u00a0\u00bb{}\u00a0\u00bb][et_pb_text _builder_version=\u00a0\u00bb4.11.1&Prime; _module_preset=\u00a0\u00bbdefault\u00a0\u00bb global_colors_info=\u00a0\u00bb{}\u00a0\u00bb]<\/p>\n<h3 class=\"western\"><span>Pistes de m\u00e9ditations<\/span><\/h3>\n<p class=\"western\" style=\"margin-top: 0.1cm; margin-bottom: 0.1cm;\"><span style=\"color: #000000;\"><span style=\"background: transparent;\">1. Le livre de l\u2019Apocalypse, litt\u00e9ralement de la \u2018r\u00e9v\u00e9lation\u2019 est une s\u00e9rie de visions re\u00e7ue par Jean sur l\u2019\u00eele de Patmos. Par deux fois le passage de ce jour dit \u2018J\u2019ai vu\u2019. A mon tour je contemple la sc\u00e8ne : un grand tr\u00f4ne blanc, quelqu\u2019un assis dessus devant qui ciel et terre s\u2019enfuient. Puis cette foule immense des morts, debout devant le Tr\u00f4ne. Quels sentiments m\u2019habitent ?<\/span><\/span><\/p>\n<p class=\"western\" style=\"margin-top: 0.1cm; margin-bottom: 0.1cm;\"><span style=\"color: #000000;\"><span style=\"background: transparent;\">2. De nombreux livres sont ouverts dont le livre de la vie. On peut y lire les d\u00e9cisions et actes de celles et ceux qui sont devant le tr\u00f4ne. Si j\u2019\u00e9tais l\u00e0, qu\u2019aimerais-je y voir \u00e9crit concernant toutes ces personnes ? <\/span><\/span><\/p>\n<p class=\"western\" style=\"margin-top: 0.1cm; margin-bottom: 0.1cm;\"><span style=\"color: #000000;\"><span style=\"background: transparent;\">3. Peut-\u00eatre inspir\u00e9 par ce passage, Saint Ignace de Loyola propose un exercice pour aider \u00e0 prendre une d\u00e9cision : S\u2019imaginer au moment de sa mort et se demander ce que j\u2019aurais aim\u00e9 avoir accompli. \u00c0 mon tour, je fais cet exercice. J\u2019accueille ce qui monte \u00e0 mon esprit.<\/span><\/span><\/p>\n<p style=\"margin-left: 2.54cm; margin-bottom: 0cm; line-height: 100%;\">\n<h3 class=\"western\"><span style=\"background: transparent none repeat scroll 0% 0%; font-family: inherit; font-size: x-large;\">Invitation \u00e0 une pri\u00e8re personnelle<\/span><\/h3>\n<p><span style=\"background: transparent none repeat scroll 0% 0%; font-family: inherit; font-size: medium;\"><\/span><\/p>\n<p style=\"margin-bottom: 0cm; line-height: 100%; orphans: 2; widows: 2;\" align=\"left\"><span style=\"color: #000000; font-family: inherit; font-size: medium;\"><span style=\"background: transparent;\"><span style=\"font-size: small;\">\u00c0 la fin de ce temps de pri\u00e8re, je me place \u00e0 nouveau en pr\u00e9sence de Dieu. Je lui partage ce qui m\u2019est venu. Si un d\u00e9sir, un choix \u00e0 faire est venu \u00e0 mon c\u0153ur, je lui en parle comme avec un ami.<\/span> <\/span><\/span><\/p>\n<p style=\"margin-left: 2.54cm; margin-bottom: 0cm; line-height: 100%;\">\n<h3 class=\"western\"><span style=\"background: transparent none repeat scroll 0% 0%; font-family: inherit; font-size: large;\">Pri\u00e8re finale&nbsp;:<\/span><\/h3>\n<p class=\"western\" style=\"margin-bottom: 0.35cm;\" align=\"left\"><span style=\"color: #000000; font-family: inherit; font-size: medium;\"><span style=\"background: transparent;\">Je peux terminer avec une pri\u00e8re de l\u2019\u00c9glise, comme un Notre P\u00e8re.<\/span><\/span><\/p>\n<h5 class=\"western\"><span style=\"font-family: Arial, sans-serif;\"><span style=\"font-size: medium;\"><b><span>Ne pas oublier d\u2019\u00e9crire le fruit de ce temps<\/span><\/b><span> sur un carnet ou un fichier.<\/span><\/span><\/span><\/h5>\n<p>[\/et_pb_text][\/et_pb_column][\/et_pb_row][\/et_pb_section][et_pb_section fb_built=\u00a0\u00bb1&Prime; _builder_version=\u00a0\u00bb4.11.1&Prime; _module_preset=\u00a0\u00bbdefault\u00a0\u00bb min_height=\u00a0\u00bb484.6px\u00a0\u00bb global_colors_info=\u00a0\u00bb{}\u00a0\u00bb][et_pb_row column_structure=\u00a0\u00bb1_2,1_2&Prime; _builder_version=\u00a0\u00bb4.11.1&Prime; _module_preset=\u00a0\u00bbdefault\u00a0\u00bb global_colors_info=\u00a0\u00bb{}\u00a0\u00bb][et_pb_column type=\u00a0\u00bb1_2&Prime; _builder_version=\u00a0\u00bb4.11.1&Prime; _module_preset=\u00a0\u00bbdefault\u00a0\u00bb global_colors_info=\u00a0\u00bb{}\u00a0\u00bb][et_pb_text _builder_version=\u00a0\u00bb4.11.1&Prime; _module_preset=\u00a0\u00bbdefault\u00a0\u00bb global_colors_info=\u00a0\u00bb{}\u00a0\u00bb]<\/p>\n<h1>Pour aller plus loin<\/h1>\n<p>[\/et_pb_text][et_pb_button button_url=\u00a0\u00bb@ET-DC@eyJkeW5hbWljIjp0cnVlLCJjb250ZW50IjoicG9zdF9saW5rX3VybF9wb3N0Iiwic2V0dGluZ3MiOnsicG9zdF9pZCI6IjIwMDEifX0=@\u00a0\u00bb button_text=\u00a0\u00bbVoir les autres propositions du jour\u00a0\u00bb button_alignment=\u00a0\u00bbleft\u00a0\u00bb _builder_version=\u00a0\u00bb4.11.1&Prime; _dynamic_attributes=\u00a0\u00bbbutton_url\u00a0\u00bb _module_preset=\u00a0\u00bbdefault\u00a0\u00bb custom_button=\u00a0\u00bbon\u00a0\u00bb button_text_color=\u00a0\u00bb#FFFFFF\u00a0\u00bb button_bg_color=\u00a0\u00bb#002d43&Prime; button_border_color=\u00a0\u00bbRGBA(0,0,0,0)\u00a0\u00bb custom_padding=\u00a0\u00bb5px|50px||50px|false|false\u00a0\u00bb global_colors_info=\u00a0\u00bb{}\u00a0\u00bb][\/et_pb_button][et_pb_button button_url=\u00a0\u00bbhttps:\/\/retraites.prieenchemin.org\/que-je-voie-ton-visage\/mur-de-prieres\/\u00a0\u00bb button_text=\u00a0\u00bbAcc\u00e9der au mur de pri\u00e8re\u00a0\u00bb button_alignment=\u00a0\u00bbleft\u00a0\u00bb _builder_version=\u00a0\u00bb4.11.1&Prime; _module_preset=\u00a0\u00bbdefault\u00a0\u00bb custom_button=\u00a0\u00bbon\u00a0\u00bb button_text_color=\u00a0\u00bb#FFFFFF\u00a0\u00bb button_bg_color=\u00a0\u00bb#002d43&Prime; button_border_width=\u00a0\u00bb0px\u00a0\u00bb custom_padding=\u00a0\u00bb5px|50px||50px|false|false\u00a0\u00bb global_colors_info=\u00a0\u00bb{}\u00a0\u00bb][\/et_pb_button][et_pb_button button_url=\u00a0\u00bbhttps:\/\/retraites.prieenchemin.org\/que-je-voie-ton-visage\/wp-content\/uploads\/sites\/12\/2022\/05\/Jour-4-Dieu-comptable-ou-semeur-Retraite-Que-je-voie-ton-visage-Prie-en-Chemin.pdf\u00a0\u00bb button_text=\u00a0\u00bbT\u00e9l\u00e9charger le PDF\u00a0\u00bb button_alignment=\u00a0\u00bbleft\u00a0\u00bb _builder_version=\u00a0\u00bb4.11.1&Prime; _module_preset=\u00a0\u00bbdefault\u00a0\u00bb custom_button=\u00a0\u00bbon\u00a0\u00bb button_text_color=\u00a0\u00bb#FFFFFF\u00a0\u00bb button_bg_color=\u00a0\u00bb#002d43&Prime; button_border_color=\u00a0\u00bbRGBA(0,0,0,0)\u00a0\u00bb custom_padding=\u00a0\u00bb5px|50px||50px|false|false\u00a0\u00bb global_colors_info=\u00a0\u00bb{}\u00a0\u00bb][\/et_pb_button][\/et_pb_column][et_pb_column type=\u00a0\u00bb1_2&Prime; _builder_version=\u00a0\u00bb4.11.1&Prime; _module_preset=\u00a0\u00bbdefault\u00a0\u00bb global_colors_info=\u00a0\u00bb{}\u00a0\u00bb][et_pb_image src=\u00a0\u00bbhttps:\/\/retraites.prieenchemin.org\/que-je-voie-ton-visage\/wp-content\/uploads\/sites\/12\/2022\/02\/vs3.png\u00a0\u00bb title_text=\u00a0\u00bbvs3&Prime; _builder_version=\u00a0\u00bb4.11.1&Prime; _module_preset=\u00a0\u00bbdefault\u00a0\u00bb global_colors_info=\u00a0\u00bb{}\u00a0\u00bb][\/et_pb_image][\/et_pb_column][\/et_pb_row][\/et_pb_section]<\/p>\n","protected":false},"excerpt":{"rendered":"<p>Quelques conseils pour pr\u00e9parer sa pri\u00e8reLe comptable est celui qui note tout, qui veut tout garder en m\u00e9moire, au cas o\u00f9&nbsp;! Les actifs et les passifs, ce qui entre et ce qui sort. Une image qui colle \u00e0 Dieu m\u00eame dans le dernier livre de la Bible&nbsp;: L\u2019Apocalypse. Au d\u00e9but de ce temps de pri\u00e8re, [&hellip;]<\/p>\n","protected":false},"author":6,"featured_media":1577,"comment_status":"closed","ping_status":"closed","sticky":false,"template":"","format":"standard","meta":{"_et_pb_use_builder":"on","_et_pb_old_content":"<!-- wp:heading -->\n<h2>Le topo du jour : une jambe fracass\u00e9e<\/h2>\n<!-- \/wp:heading -->\n\n<!-- wp:embed {\"url\":\"https:\/\/youtu.be\/h58AN0-njzk\",\"type\":\"video\",\"providerNameSlug\":\"youtube\",\"responsive\":true,\"className\":\"wp-embed-aspect-16-9 wp-has-aspect-ratio\"} -->\n<figure class=\"wp-block-embed is-type-video is-provider-youtube wp-block-embed-youtube wp-embed-aspect-16-9 wp-has-aspect-ratio\"><div class=\"wp-block-embed__wrapper\">\nhttps:\/\/youtu.be\/h58AN0-njzk\n<\/div><\/figure>\n<!-- \/wp:embed -->\n\n<!-- wp:separator {\"color\":\"luminous-vivid-orange\",\"className\":\"is-style-wide\"} -->\n<hr class=\"wp-block-separator has-text-color has-background has-luminous-vivid-orange-background-color has-luminous-vivid-orange-color is-style-wide\"\/>\n<!-- \/wp:separator -->\n\n<!-- wp:group {\"style\":{\"color\":{\"background\":\"#fcf08d\"}}} -->\n<div class=\"wp-block-group has-background\" style=\"background-color:#fcf08d\"><div class=\"wp-block-group__inner-container\"><!-- wp:heading -->\n<h2>La m\u00e9ditation guid\u00e9e du jour : L'Ascension<\/h2>\n<!-- \/wp:heading -->\n\n<!-- wp:audio -->\n<figure class=\"wp-block-audio\"><audio controls src=\"https:\/\/prieenchemin.rezando.org\/file?pray=3331\"><\/audio><\/figure>\n<!-- \/wp:audio --><\/div><\/div>\n<!-- \/wp:group -->\n\n<!-- wp:separator {\"color\":\"luminous-vivid-orange\",\"className\":\"is-style-wide\"} -->\n<hr class=\"wp-block-separator has-text-color has-background has-luminous-vivid-orange-background-color has-luminous-vivid-orange-color is-style-wide\"\/>\n<!-- \/wp:separator -->\n\n<!-- wp:heading -->\n<h2>Le t\u00e9moignage du jour : Le genou de Bruno<\/h2>\n<!-- \/wp:heading -->\n\n<!-- wp:embed {\"url\":\"https:\/\/youtu.be\/h58AN0-njzk\",\"type\":\"video\",\"providerNameSlug\":\"youtube\",\"responsive\":true,\"className\":\"wp-embed-aspect-16-9 wp-has-aspect-ratio\"} -->\n<figure class=\"wp-block-embed is-type-video is-provider-youtube wp-block-embed-youtube wp-embed-aspect-16-9 wp-has-aspect-ratio\"><div class=\"wp-block-embed__wrapper\">\nhttps:\/\/youtu.be\/h58AN0-njzk\n<\/div><\/figure>\n<!-- \/wp:embed -->","_et_gb_content_width":"2880","_monsterinsights_skip_tracking":false,"_monsterinsights_sitenote_active":false,"_monsterinsights_sitenote_note":"","_monsterinsights_sitenote_category":0},"categories":[32],"tags":[],"yoast_head":"<!-- This site is optimized with the Yoast SEO plugin v17.7 - https:\/\/yoast.com\/wordpress\/plugins\/seo\/ -->\n<title>M\u00e9diter le livre de l&#039;Apocalypse - Que je voie ton visage<\/title>\n<meta name=\"robots\" content=\"index, follow, max-snippet:-1, max-image-preview:large, max-video-preview:-1\" \/>\n<link rel=\"canonical\" href=\"https:\/\/retraites.prieenchemin.org\/que-je-voie-ton-visage\/mediter-apocalypse\/\" \/>\n<meta property=\"og:locale\" content=\"fr_FR\" \/>\n<meta property=\"og:type\" content=\"article\" \/>\n<meta property=\"og:title\" content=\"M\u00e9diter le livre de l&#039;Apocalypse - Que je voie ton visage\" \/>\n<meta property=\"og:description\" content=\"Quelques conseils pour pr\u00e9parer sa pri\u00e8reLe comptable est celui qui note tout, qui veut tout garder en m\u00e9moire, au cas o\u00f9&nbsp;! Les actifs et les passifs, ce qui entre et ce qui sort. Une image qui colle \u00e0 Dieu m\u00eame dans le dernier livre de la Bible&nbsp;: L\u2019Apocalypse. Au d\u00e9but de ce temps de pri\u00e8re, [&hellip;]\" \/>\n<meta property=\"og:url\" content=\"https:\/\/retraites.prieenchemin.org\/que-je-voie-ton-visage\/mediter-apocalypse\/\" \/>\n<meta property=\"og:site_name\" content=\"Que je voie ton visage\" \/>\n<meta property=\"article:published_time\" content=\"2022-03-15T11:21:41+00:00\" \/>\n<meta property=\"article:modified_time\" content=\"2024-09-03T06:58:38+00:00\" \/>\n<meta property=\"og:image\" content=\"https:\/\/retraites.prieenchemin.org\/que-je-voie-ton-visage\/wp-content\/uploads\/sites\/12\/2022\/03\/lundi-2.png\" \/>\n\t<meta property=\"og:image:width\" content=\"1590\" \/>\n\t<meta property=\"og:image:height\" content=\"994\" \/>\n<meta name=\"twitter:card\" content=\"summary_large_image\" \/>\n<script type=\"application\/ld+json\" class=\"yoast-schema-graph\">{\"@context\":\"https:\/\/schema.org\",\"@graph\":[{\"@type\":\"WebSite\",\"@id\":\"https:\/\/retraites.prieenchemin.org\/que-je-voie-ton-visage\/#website\",\"url\":\"https:\/\/retraites.prieenchemin.org\/que-je-voie-ton-visage\/\",\"name\":\"Que je voie ton visage\",\"description\":\"D\\u00e9poussi\\u00e9rons nos images de Dieu !\",\"potentialAction\":[{\"@type\":\"SearchAction\",\"target\":{\"@type\":\"EntryPoint\",\"urlTemplate\":\"https:\/\/retraites.prieenchemin.org\/que-je-voie-ton-visage\/?s={search_term_string}\"},\"query-input\":\"required name=search_term_string\"}],\"inLanguage\":\"fr-FR\"},{\"@type\":\"ImageObject\",\"@id\":\"https:\/\/retraites.prieenchemin.org\/que-je-voie-ton-visage\/mediter-apocalypse\/#primaryimage\",\"inLanguage\":\"fr-FR\",\"url\":\"https:\/\/retraites.prieenchemin.org\/que-je-voie-ton-visage\/wp-content\/uploads\/sites\/12\/2022\/03\/lundi-2.png\",\"contentUrl\":\"https:\/\/retraites.prieenchemin.org\/que-je-voie-ton-visage\/wp-content\/uploads\/sites\/12\/2022\/03\/lundi-2.png\",\"width\":1590,\"height\":994},{\"@type\":\"WebPage\",\"@id\":\"https:\/\/retraites.prieenchemin.org\/que-je-voie-ton-visage\/mediter-apocalypse\/#webpage\",\"url\":\"https:\/\/retraites.prieenchemin.org\/que-je-voie-ton-visage\/mediter-apocalypse\/\",\"name\":\"M\\u00e9diter le livre de l'Apocalypse - Que je voie ton visage\",\"isPartOf\":{\"@id\":\"https:\/\/retraites.prieenchemin.org\/que-je-voie-ton-visage\/#website\"},\"primaryImageOfPage\":{\"@id\":\"https:\/\/retraites.prieenchemin.org\/que-je-voie-ton-visage\/mediter-apocalypse\/#primaryimage\"},\"datePublished\":\"2022-03-15T11:21:41+00:00\",\"dateModified\":\"2024-09-03T06:58:38+00:00\",\"author\":{\"@id\":\"https:\/\/retraites.prieenchemin.org\/que-je-voie-ton-visage\/#\/schema\/person\/b4ff3a09b3e89852cadf994ef1bb5ee3\"},\"breadcrumb\":{\"@id\":\"https:\/\/retraites.prieenchemin.org\/que-je-voie-ton-visage\/mediter-apocalypse\/#breadcrumb\"},\"inLanguage\":\"fr-FR\",\"potentialAction\":[{\"@type\":\"ReadAction\",\"target\":[\"https:\/\/retraites.prieenchemin.org\/que-je-voie-ton-visage\/mediter-apocalypse\/\"]}]},{\"@type\":\"BreadcrumbList\",\"@id\":\"https:\/\/retraites.prieenchemin.org\/que-je-voie-ton-visage\/mediter-apocalypse\/#breadcrumb\",\"itemListElement\":[{\"@type\":\"ListItem\",\"position\":1,\"name\":\"Accueil\",\"item\":\"https:\/\/retraites.prieenchemin.org\/que-je-voie-ton-visage\/\"},{\"@type\":\"ListItem\",\"position\":2,\"name\":\"M\\u00e9diter le livre de l&rsquo;Apocalypse\"}]},{\"@type\":\"Person\",\"@id\":\"https:\/\/retraites.prieenchemin.org\/que-je-voie-ton-visage\/#\/schema\/person\/b4ff3a09b3e89852cadf994ef1bb5ee3\",\"name\":\"mathilde\",\"image\":{\"@type\":\"ImageObject\",\"@id\":\"https:\/\/retraites.prieenchemin.org\/que-je-voie-ton-visage\/#personlogo\",\"inLanguage\":\"fr-FR\",\"url\":\"https:\/\/secure.gravatar.com\/avatar\/9995d7d50392a2a05ced7d202cd42f66?s=96&d=mm&r=g\",\"contentUrl\":\"https:\/\/secure.gravatar.com\/avatar\/9995d7d50392a2a05ced7d202cd42f66?s=96&d=mm&r=g\",\"caption\":\"mathilde\"},\"url\":\"https:\/\/retraites.prieenchemin.org\/que-je-voie-ton-visage\/author\/mathilde\/\"}]}<\/script>\n<!-- \/ Yoast SEO plugin. -->","yoast_head_json":{"title":"M\u00e9diter le livre de l'Apocalypse - Que je voie ton visage","robots":{"index":"index","follow":"follow","max-snippet":"max-snippet:-1","max-image-preview":"max-image-preview:large","max-video-preview":"max-video-preview:-1"},"canonical":"https:\/\/retraites.prieenchemin.org\/que-je-voie-ton-visage\/mediter-apocalypse\/","og_locale":"fr_FR","og_type":"article","og_title":"M\u00e9diter le livre de l'Apocalypse - Que je voie ton visage","og_description":"Quelques conseils pour pr\u00e9parer sa pri\u00e8reLe comptable est celui qui note tout, qui veut tout garder en m\u00e9moire, au cas o\u00f9&nbsp;! Les actifs et les passifs, ce qui entre et ce qui sort. Une image qui colle \u00e0 Dieu m\u00eame dans le dernier livre de la Bible&nbsp;: L\u2019Apocalypse. Au d\u00e9but de ce temps de pri\u00e8re, [&hellip;]","og_url":"https:\/\/retraites.prieenchemin.org\/que-je-voie-ton-visage\/mediter-apocalypse\/","og_site_name":"Que je voie ton visage","article_published_time":"2022-03-15T11:21:41+00:00","article_modified_time":"2024-09-03T06:58:38+00:00","og_image":[{"width":1590,"height":994,"url":"https:\/\/retraites.prieenchemin.org\/que-je-voie-ton-visage\/wp-content\/uploads\/sites\/12\/2022\/03\/lundi-2.png","type":"image\/png"}],"twitter_card":"summary_large_image","schema":{"@context":"https:\/\/schema.org","@graph":[{"@type":"WebSite","@id":"https:\/\/retraites.prieenchemin.org\/que-je-voie-ton-visage\/#website","url":"https:\/\/retraites.prieenchemin.org\/que-je-voie-ton-visage\/","name":"Que je voie ton visage","description":"D\u00e9poussi\u00e9rons nos images de Dieu !","potentialAction":[{"@type":"SearchAction","target":{"@type":"EntryPoint","urlTemplate":"https:\/\/retraites.prieenchemin.org\/que-je-voie-ton-visage\/?s={search_term_string}"},"query-input":"required name=search_term_string"}],"inLanguage":"fr-FR"},{"@type":"ImageObject","@id":"https:\/\/retraites.prieenchemin.org\/que-je-voie-ton-visage\/mediter-apocalypse\/#primaryimage","inLanguage":"fr-FR","url":"https:\/\/retraites.prieenchemin.org\/que-je-voie-ton-visage\/wp-content\/uploads\/sites\/12\/2022\/03\/lundi-2.png","contentUrl":"https:\/\/retraites.prieenchemin.org\/que-je-voie-ton-visage\/wp-content\/uploads\/sites\/12\/2022\/03\/lundi-2.png","width":1590,"height":994},{"@type":"WebPage","@id":"https:\/\/retraites.prieenchemin.org\/que-je-voie-ton-visage\/mediter-apocalypse\/#webpage","url":"https:\/\/retraites.prieenchemin.org\/que-je-voie-ton-visage\/mediter-apocalypse\/","name":"M\u00e9diter le livre de l'Apocalypse - Que je voie ton visage","isPartOf":{"@id":"https:\/\/retraites.prieenchemin.org\/que-je-voie-ton-visage\/#website"},"primaryImageOfPage":{"@id":"https:\/\/retraites.prieenchemin.org\/que-je-voie-ton-visage\/mediter-apocalypse\/#primaryimage"},"datePublished":"2022-03-15T11:21:41+00:00","dateModified":"2024-09-03T06:58:38+00:00","author":{"@id":"https:\/\/retraites.prieenchemin.org\/que-je-voie-ton-visage\/#\/schema\/person\/b4ff3a09b3e89852cadf994ef1bb5ee3"},"breadcrumb":{"@id":"https:\/\/retraites.prieenchemin.org\/que-je-voie-ton-visage\/mediter-apocalypse\/#breadcrumb"},"inLanguage":"fr-FR","potentialAction":[{"@type":"ReadAction","target":["https:\/\/retraites.prieenchemin.org\/que-je-voie-ton-visage\/mediter-apocalypse\/"]}]},{"@type":"BreadcrumbList","@id":"https:\/\/retraites.prieenchemin.org\/que-je-voie-ton-visage\/mediter-apocalypse\/#breadcrumb","itemListElement":[{"@type":"ListItem","position":1,"name":"Accueil","item":"https:\/\/retraites.prieenchemin.org\/que-je-voie-ton-visage\/"},{"@type":"ListItem","position":2,"name":"M\u00e9diter le livre de l&rsquo;Apocalypse"}]},{"@type":"Person","@id":"https:\/\/retraites.prieenchemin.org\/que-je-voie-ton-visage\/#\/schema\/person\/b4ff3a09b3e89852cadf994ef1bb5ee3","name":"mathilde","image":{"@type":"ImageObject","@id":"https:\/\/retraites.prieenchemin.org\/que-je-voie-ton-visage\/#personlogo","inLanguage":"fr-FR","url":"https:\/\/secure.gravatar.com\/avatar\/9995d7d50392a2a05ced7d202cd42f66?s=96&d=mm&r=g","contentUrl":"https:\/\/secure.gravatar.com\/avatar\/9995d7d50392a2a05ced7d202cd42f66?s=96&d=mm&r=g","caption":"mathilde"},"url":"https:\/\/retraites.prieenchemin.org\/que-je-voie-ton-visage\/author\/mathilde\/"}]}},"_links":{"self":[{"href":"https:\/\/retraites.prieenchemin.org\/que-je-voie-ton-visage\/wp-json\/wp\/v2\/posts\/1568"}],"collection":[{"href":"https:\/\/retraites.prieenchemin.org\/que-je-voie-ton-visage\/wp-json\/wp\/v2\/posts"}],"about":[{"href":"https:\/\/retraites.prieenchemin.org\/que-je-voie-ton-visage\/wp-json\/wp\/v2\/types\/post"}],"author":[{"embeddable":true,"href":"https:\/\/retraites.prieenchemin.org\/que-je-voie-ton-visage\/wp-json\/wp\/v2\/users\/6"}],"replies":[{"embeddable":true,"href":"https:\/\/retraites.prieenchemin.org\/que-je-voie-ton-visage\/wp-json\/wp\/v2\/comments?post=1568"}],"version-history":[{"count":0,"href":"https:\/\/retraites.prieenchemin.org\/que-je-voie-ton-visage\/wp-json\/wp\/v2\/posts\/1568\/revisions"}],"wp:featuredmedia":[{"embeddable":true,"href":"https:\/\/retraites.prieenchemin.org\/que-je-voie-ton-visage\/wp-json\/wp\/v2\/media\/1577"}],"wp:attachment":[{"href":"https:\/\/retraites.prieenchemin.org\/que-je-voie-ton-visage\/wp-json\/wp\/v2\/media?parent=1568"}],"wp:term":[{"taxonomy":"category","embeddable":true,"href":"https:\/\/retraites.prieenchemin.org\/que-je-voie-ton-visage\/wp-json\/wp\/v2\/categories?post=1568"},{"taxonomy":"post_tag","embeddable":true,"href":"https:\/\/retraites.prieenchemin.org\/que-je-voie-ton-visage\/wp-json\/wp\/v2\/tags?post=1568"}],"curies":[{"name":"wp","href":"https:\/\/api.w.org\/{rel}","templated":true}]}}