{"id":844,"date":"2022-03-29T01:00:00","date_gmt":"2022-03-28T23:00:00","guid":{"rendered":"https:\/\/retraites.prieenchemin.org\/careme-2022-en-famille\/?p=844"},"modified":"2022-03-29T11:51:08","modified_gmt":"2022-03-29T09:51:08","slug":"semaine-4","status":"publish","type":"post","link":"https:\/\/retraites.prieenchemin.org\/careme-2022-en-famille\/semaine-4\/","title":{"rendered":"Semaine 4"},"content":{"rendered":"<p>[et_pb_section fb_built=\u00a0\u00bb1&Prime; admin_label=\u00a0\u00bbAbout\u00a0\u00bb _builder_version=\u00a0\u00bb4.9.7&Prime; background_color=\u00a0\u00bb#fcf9ec\u00a0\u00bb background_image=\u00a0\u00bbhttps:\/\/retraites.prieenchemin.org\/careme-2022-en-famille\/wp-content\/uploads\/sites\/11\/2021\/06\/bg-pec-patterngris.png\u00a0\u00bb background_size=\u00a0\u00bbcontain\u00a0\u00bb background_position=\u00a0\u00bbtop_left\u00a0\u00bb background_blend=\u00a0\u00bbluminosity\u00a0\u00bb locked=\u00a0\u00bboff\u00a0\u00bb global_colors_info=\u00a0\u00bb{}\u00a0\u00bb][et_pb_row column_structure=\u00a0\u00bb3_5,2_5&Prime; _builder_version=\u00a0\u00bb4.9.10&Prime; global_colors_info=\u00a0\u00bb{}\u00a0\u00bb][et_pb_column type=\u00a0\u00bb3_5&Prime; _builder_version=\u00a0\u00bb4.9.10&Prime; custom_padding=\u00a0\u00bb|80px|||false|false\u00a0\u00bb custom_padding_tablet=\u00a0\u00bb|0px|||false|false\u00a0\u00bb custom_padding_phone=\u00a0\u00bb||||false\u00a0\u00bb custom_padding_last_edited=\u00a0\u00bbon|tablet\u00a0\u00bb global_colors_info=\u00a0\u00bb{}\u00a0\u00bb][et_pb_text _builder_version=\u00a0\u00bb4.11.1&Prime; text_font=\u00a0\u00bb|600|||||||\u00a0\u00bb text_line_height=\u00a0\u00bb1.8em\u00a0\u00bb header_font=\u00a0\u00bbMarcellus||||||||\u00a0\u00bb header_font_size=\u00a0\u00bb60px\u00a0\u00bb animation_style=\u00a0\u00bbslide\u00a0\u00bb animation_direction=\u00a0\u00bbleft\u00a0\u00bb animation_duration=\u00a0\u00bb1300ms\u00a0\u00bb animation_intensity_slide=\u00a0\u00bb2%\u00a0\u00bb hover_enabled=\u00a0\u00bb0&Prime; header_font_size_tablet=\u00a0\u00bb80px\u00a0\u00bb header_font_size_phone=\u00a0\u00bb40px\u00a0\u00bb header_font_size_last_edited=\u00a0\u00bbon|phone\u00a0\u00bb locked=\u00a0\u00bboff\u00a0\u00bb inline_fonts=\u00a0\u00bbAkaya Kanadaka,Akaya Telivigala\u00a0\u00bb global_colors_info=\u00a0\u00bb{}\u00a0\u00bb sticky_enabled=\u00a0\u00bb0&Prime;]<\/p>\n<h1 class=\"entry-title\">Semaine 4<br \/>avec <span style=\"font-family: 'Akaya Telivigala';color: #ff9900\">Pedro Arrupe<\/span><\/h1>\n<p>&nbsp;<\/p>\n<p><span style=\"font-family: Akaya Kanadaka;font-weight: normal;font-size: x-large\"><span style=\"color: #31849b\">\u00ab Saint Ignace nous a demand\u00e9 d&rsquo;aller n&rsquo;importe o\u00f9 dans le monde o\u00f9 on a davantage besoin de nous pour un plus grand service de Dieu \u00bb <\/span><span style=\"font-family: inherit\">Pedro Arrupe<\/span><\/span><\/p>\n<p>&nbsp;<\/p>\n<p>Pour cette quatri\u00e8me semaine de Car\u00eame, c\u2019est Pedro Arrupe qui va nous aider \u00e0 prier en famille.<\/p>\n<p>Pedro Arrupe a \u00e9t\u00e9 sup\u00e9rieur g\u00e9n\u00e9ral des j\u00e9suites entre 1965 et 1981. Durant cette p\u00e9riode il avait particuli\u00e8rement le d\u00e9sir de porter l\u2019amour et l\u2019aide de J\u00e9sus aupr\u00e8s des plus pauvres et des plus fragiles. C\u2019est pour cela qu\u2019il a fond\u00e9 un service d\u2019aide aux r\u00e9fugi\u00e9s, le JRS, qui aide encore aujourd\u2019hui beaucoup d\u2019hommes, de femmes et d\u2019enfants.<\/p>\n<p>Alors avec <span style=\"color: #ff9900;font-family: 'Akaya Kanadaka';font-weight: normal;font-size: x-large\">Pedro Arrupe<\/span>, prions avec J\u00e9sus qui marche avec les plus pauvres.<\/p>\n<p>[\/et_pb_text][\/et_pb_column][et_pb_column type=\u00a0\u00bb2_5&Prime; _builder_version=\u00a0\u00bb4.2.2&Prime; global_colors_info=\u00a0\u00bb{}\u00a0\u00bb][et_pb_image src=\u00a0\u00bbhttps:\/\/retraites.prieenchemin.org\/careme-2022-en-famille\/wp-content\/uploads\/sites\/11\/2022\/02\/boite6-pedro-arrupe-vect.jpg\u00a0\u00bb title_text=\u00a0\u00bbboite6 pedro arrupe vect\u00a0\u00bb _builder_version=\u00a0\u00bb4.11.1&Prime; transform_scale=\u00a0\u00bb162%|162%\u00a0\u00bb transform_scale_tablet=\u00a0\u00bb\u00a0\u00bb transform_scale_phone=\u00a0\u00bb110%|110%\u00a0\u00bb transform_scale_last_edited=\u00a0\u00bbon|phone\u00a0\u00bb transform_translate=\u00a0\u00bb4px|63px\u00a0\u00bb transform_translate_tablet=\u00a0\u00bb\u00a0\u00bb transform_translate_phone=\u00a0\u00bb4px|9px\u00a0\u00bb transform_translate_last_edited=\u00a0\u00bbon|phone\u00a0\u00bb transform_rotate_tablet=\u00a0\u00bb\u00a0\u00bb transform_rotate_phone=\u00a0\u00bb\u00a0\u00bb transform_rotate_last_edited=\u00a0\u00bbon|phone\u00a0\u00bb transform_skew_tablet=\u00a0\u00bb\u00a0\u00bb transform_skew_phone=\u00a0\u00bb\u00a0\u00bb transform_skew_last_edited=\u00a0\u00bbon|phone\u00a0\u00bb transform_origin_tablet=\u00a0\u00bb\u00a0\u00bb transform_origin_phone=\u00a0\u00bb\u00a0\u00bb transform_origin_last_edited=\u00a0\u00bbon|phone\u00a0\u00bb transform_styles_last_edited=\u00a0\u00bbon|phone\u00a0\u00bb width=\u00a0\u00bb68%\u00a0\u00bb max_width=\u00a0\u00bb100%\u00a0\u00bb animation_style=\u00a0\u00bbslide\u00a0\u00bb animation_direction=\u00a0\u00bbbottom\u00a0\u00bb animation_duration=\u00a0\u00bb1350ms\u00a0\u00bb animation_intensity_slide=\u00a0\u00bb4%\u00a0\u00bb transform_styles_tablet=\u00a0\u00bb\u00a0\u00bb transform_styles_phone=\u00a0\u00bb\u00a0\u00bb global_colors_info=\u00a0\u00bb{}\u00a0\u00bb][\/et_pb_image][\/et_pb_column][\/et_pb_row][\/et_pb_section][et_pb_section fb_built=\u00a0\u00bb1&Prime; _builder_version=\u00a0\u00bb4.11.1&Prime; _module_preset=\u00a0\u00bbdefault\u00a0\u00bb display_conditions=\u00a0\u00bbW3siaWQiOiI1MjFjODEwMy0wNmRkLTRlMDEtOThjYi1iMmVmMzQ1MzQ0ZGEiLCJjb25kaXRpb24iOiJkYXRlVGltZSIsImNvbmRpdGlvblNldHRpbmdzIjp7ImRhdGVUaW1lRGlzcGxheSI6ImlzQWZ0ZXIiLCJkYXRlIjoiMjAyMS0xMS0yNSIsInRpbWUiOiIwNzowMCIsIndlZWtkYXlzIjoifCIsImFsbERheSI6Im9uIiwiZnJvbVRpbWUiOiIwMDowMCIsInVudGlsVGltZSI6IjAwOjAwIiwicmVwZWF0Ijoib2ZmIiwicmVwZWF0RnJlcXVlbmN5IjoibW9udGhseSIsInJlcGVhdEZyZXF1ZW5jeVNwZWNpZmljRGF5cyI6IndlZWtseSIsInJlcGVhdEVuZCI6Im5ldmVyIiwicmVwZWF0VW50aWxEYXRlIjoiMjAyMS0xMS0yMyIsInJlcGVhdFRpbWVzIjoiMyIsImFkbWluTGFiZWwiOiJEYXRlICYgVGltZSIsImVuYWJsZUNvbmRpdGlvbiI6Im9uIn0sIm9wZXJhdG9yIjoiT1IifV0=\u00a0\u00bb custom_padding=\u00a0\u00bb77px||19px|||\u00a0\u00bb global_colors_info=\u00a0\u00bb{}\u00a0\u00bb][et_pb_row column_structure=\u00a0\u00bb1_3,1_3,1_3&Prime; _builder_version=\u00a0\u00bb4.11.1&Prime; _module_preset=\u00a0\u00bbdefault\u00a0\u00bb display_conditions=\u00a0\u00bbW10=\u00a0\u00bb global_colors_info=\u00a0\u00bb{}\u00a0\u00bb][et_pb_column type=\u00a0\u00bb1_3&Prime; _builder_version=\u00a0\u00bb4.11.1&Prime; _module_preset=\u00a0\u00bbdefault\u00a0\u00bb global_colors_info=\u00a0\u00bb{}\u00a0\u00bb][et_pb_text _builder_version=\u00a0\u00bb4.11.1&Prime; _module_preset=\u00a0\u00bbdefault\u00a0\u00bb custom_padding=\u00a0\u00bb5px|||10px|false|false\u00a0\u00bb border_radii=\u00a0\u00bbon|2px|2px|2px|2px\u00a0\u00bb border_width_all=\u00a0\u00bb2px\u00a0\u00bb border_color_all=\u00a0\u00bb#31849b\u00a0\u00bb global_colors_info=\u00a0\u00bb{}\u00a0\u00bb]<\/p>\n<h1 style=\"text-align: center\"><span style=\"font-size: 0.8em;color: #31849b\">Quatri\u00e8me semaine avec Pedro Arrupe (vid\u00e9o)<\/span><\/h1>\n<p>[\/et_pb_text][et_pb_video src=\u00a0\u00bbhttps:\/\/youtu.be\/L3-w2EcM49o\u00a0\u00bb _builder_version=\u00a0\u00bb4.11.1&Prime; _module_preset=\u00a0\u00bbdefault\u00a0\u00bb custom_margin=\u00a0\u00bb-23px||||false|false\u00a0\u00bb custom_padding=\u00a0\u00bb0px||0px||false|false\u00a0\u00bb global_colors_info=\u00a0\u00bb{}\u00a0\u00bb][\/et_pb_video][\/et_pb_column][et_pb_column type=\u00a0\u00bb1_3&Prime; _builder_version=\u00a0\u00bb4.11.1&Prime; _module_preset=\u00a0\u00bbdefault\u00a0\u00bb global_colors_info=\u00a0\u00bb{}\u00a0\u00bb][et_pb_button button_url=\u00a0\u00bbhttps:\/\/retraites.prieenchemin.org\/careme-2022-en-famille\/wp-content\/uploads\/sites\/11\/2022\/03\/Temps-de-priere-Semaine-5-P-Arrupe-V2.pdf\u00a0\u00bb button_text=\u00a0\u00bbPri\u00e8re en famille (pdf)\u00a0\u00bb _builder_version=\u00a0\u00bb4.11.1&Prime; _module_preset=\u00a0\u00bbdefault\u00a0\u00bb custom_button=\u00a0\u00bbon\u00a0\u00bb button_text_color=\u00a0\u00bb#31849b\u00a0\u00bb global_colors_info=\u00a0\u00bb{}\u00a0\u00bb][\/et_pb_button][et_pb_button button_url=\u00a0\u00bbhttps:\/\/retraites.prieenchemin.org\/careme-2022-en-famille\/wp-content\/uploads\/sites\/11\/2022\/03\/Chemin-de-Careme-Semaine-5-V1.pdf\u00a0\u00bb button_text=\u00a0\u00bbChemin de Car\u00eame (pdf)\u00a0\u00bb _builder_version=\u00a0\u00bb4.11.1&Prime; _module_preset=\u00a0\u00bbdefault\u00a0\u00bb custom_button=\u00a0\u00bbon\u00a0\u00bb button_text_color=\u00a0\u00bb#31849b\u00a0\u00bb global_colors_info=\u00a0\u00bb{}\u00a0\u00bb][\/et_pb_button][\/et_pb_column][et_pb_column type=\u00a0\u00bb1_3&Prime; _builder_version=\u00a0\u00bb4.11.1&Prime; _module_preset=\u00a0\u00bbdefault\u00a0\u00bb global_colors_info=\u00a0\u00bb{}\u00a0\u00bb][et_pb_button button_url=\u00a0\u00bbhttps:\/\/retraites.prieenchemin.org\/careme-2022-en-famille\/wp-content\/uploads\/sites\/11\/2022\/03\/Feuille-de-chants-2-feuillets.pdf\u00a0\u00bb button_text=\u00a0\u00bbChant (pdf)\u00a0\u00bb _builder_version=\u00a0\u00bb4.11.1&Prime; _module_preset=\u00a0\u00bbdefault\u00a0\u00bb custom_button=\u00a0\u00bbon\u00a0\u00bb button_text_color=\u00a0\u00bb#31849b\u00a0\u00bb custom_padding=\u00a0\u00bb||0px|||\u00a0\u00bb global_colors_info=\u00a0\u00bb{}\u00a0\u00bb][\/et_pb_button][et_pb_button button_url=\u00a0\u00bbhttps:\/\/www.youtube.com\/watch?v=exDZF93_lww&amp;t=29s\u00a0\u00bb button_text=\u00a0\u00bbChant (vid\u00e9o)\u00a0\u00bb _builder_version=\u00a0\u00bb4.11.1&Prime; _module_preset=\u00a0\u00bbdefault\u00a0\u00bb custom_button=\u00a0\u00bbon\u00a0\u00bb button_text_color=\u00a0\u00bb#31849b\u00a0\u00bb custom_padding=\u00a0\u00bb||0px|||\u00a0\u00bb global_colors_info=\u00a0\u00bb{}\u00a0\u00bb][\/et_pb_button][et_pb_video src=\u00a0\u00bbhttps:\/\/www.youtube.com\/watch?v=exDZF93_lww&amp;t=29s\u00a0\u00bb _builder_version=\u00a0\u00bb4.11.1&Prime; _module_preset=\u00a0\u00bbdefault\u00a0\u00bb custom_margin=\u00a0\u00bb-23px||||false|false\u00a0\u00bb custom_padding=\u00a0\u00bb0px||0px||false|false\u00a0\u00bb global_colors_info=\u00a0\u00bb{}\u00a0\u00bb][\/et_pb_video][\/et_pb_column][\/et_pb_row][\/et_pb_section][et_pb_section fb_built=\u00a0\u00bb1&Prime; _builder_version=\u00a0\u00bb4.11.1&Prime; _module_preset=\u00a0\u00bbdefault\u00a0\u00bb global_colors_info=\u00a0\u00bb{}\u00a0\u00bb][et_pb_row column_structure=\u00a0\u00bb2_3,1_3&Prime; _builder_version=\u00a0\u00bb4.11.1&Prime; _module_preset=\u00a0\u00bbdefault\u00a0\u00bb global_colors_info=\u00a0\u00bb{}\u00a0\u00bb][et_pb_column type=\u00a0\u00bb2_3&Prime; _builder_version=\u00a0\u00bb4.11.1&Prime; _module_preset=\u00a0\u00bbdefault\u00a0\u00bb global_colors_info=\u00a0\u00bb{}\u00a0\u00bb][et_pb_text _builder_version=\u00a0\u00bb4.11.1&Prime; _module_preset=\u00a0\u00bbdefault\u00a0\u00bb global_colors_info=\u00a0\u00bb{}\u00a0\u00bb]<\/p>\n<h2><span style=\"color: #000080\"><strong>S&rsquo;associer \u00e0 la mission du JRS<\/strong><\/span><\/h2>\n<p><span style=\"color: #000080\"><strong><\/strong><\/span><\/p>\n<h5 style=\"text-align: justify\"><span>Cette semaine, en plus des pistes de pri\u00e8re et de partage sur les pas de\u00a0<strong><a href=\"http:\/\/z61z.mjt.lu\/lnk\/AUUAAFBrpZsAAAAAAAAAALI_l1oAAAAAHMYAAAAAAAYEXgBiQs_XdcyZd-KRR6mG0s6dRG-4_gAFw3g\/18\/fD_GUbUsUbt77pobxXJJ-w\/aHR0cHM6Ly9yZXRyYWl0ZXMucHJpZWVuY2hlbWluLm9yZy9jYXJlbWUtMjAyMi1lbi1mYW1pbGxlL3NlbWFpbmUtNC8\" target=\"_blank\" data-saferedirecturl=\"https:\/\/www.google.com\/url?q=http:\/\/z61z.mjt.lu\/lnk\/AUUAAFBrpZsAAAAAAAAAALI_l1oAAAAAHMYAAAAAAAYEXgBiQs_XdcyZd-KRR6mG0s6dRG-4_gAFw3g\/18\/fD_GUbUsUbt77pobxXJJ-w\/aHR0cHM6Ly9yZXRyYWl0ZXMucHJpZWVuY2hlbWluLm9yZy9jYXJlbWUtMjAyMi1lbi1mYW1pbGxlL3NlbWFpbmUtNC8&amp;source=gmail&amp;ust=1648632157057000&amp;usg=AOvVaw0neOb4jNOvUtkbL5y3PfiT\" rel=\"noopener\">Pedro Arrupe<\/a><\/strong>, nous proposons aux familles qui le souhaitent de s&rsquo;associer concr\u00e8tement \u00e0 la mission du\u00a0<a href=\"http:\/\/z61z.mjt.lu\/lnk\/AUUAAFBrpZsAAAAAAAAAALI_l1oAAAAAHMYAAAAAAAYEXgBiQs_XdcyZd-KRR6mG0s6dRG-4_gAFw3g\/19\/H_b25bwS54cAQhAnAEKWvg\/aHR0cHM6Ly93d3cuanJzZnJhbmNlLm9yZy8\" target=\"_blank\" data-saferedirecturl=\"https:\/\/www.google.com\/url?q=http:\/\/z61z.mjt.lu\/lnk\/AUUAAFBrpZsAAAAAAAAAALI_l1oAAAAAHMYAAAAAAAYEXgBiQs_XdcyZd-KRR6mG0s6dRG-4_gAFw3g\/19\/H_b25bwS54cAQhAnAEKWvg\/aHR0cHM6Ly93d3cuanJzZnJhbmNlLm9yZy8&amp;source=gmail&amp;ust=1648632157057000&amp;usg=AOvVaw38iPnjj7oeo0JSjDkRDB7E\" rel=\"noopener\"><strong>JRS,<\/strong><\/a><\/span><strong><span>\u00a0<\/span><\/strong>pour<span>\u00a0<\/span><strong>accompagner<\/strong>,<span>\u00a0<\/span><strong>servir<span>\u00a0<\/span><\/strong>et<span>\u00a0<\/span><strong>d\u00e9fendre<span>\u00a0<\/span><\/strong>les personnes, les familles, fuyant les zones de conflit. Avec l&rsquo;hospitalit\u00e9 et la rencontre au c\u0153ur de l&rsquo;action.<\/h5>\n<p>&nbsp;<\/p>\n<h5><span>S&rsquo;engager aupr\u00e8s du\u00a0<span style=\"text-decoration: underline\"><span style=\"color: #0000ff\"><strong><a href=\"http:\/\/z61z.mjt.lu\/lnk\/AUUAAFBrpZsAAAAAAAAAALI_l1oAAAAAHMYAAAAAAAYEXgBiQs_XdcyZd-KRR6mG0s6dRG-4_gAFw3g\/20\/DuryD9fCjr6b9FMD8MyqLw\/aHR0cHM6Ly93d3cuanJzZnJhbmNlLm9yZy8\" target=\"_blank\" data-saferedirecturl=\"https:\/\/www.google.com\/url?q=http:\/\/z61z.mjt.lu\/lnk\/AUUAAFBrpZsAAAAAAAAAALI_l1oAAAAAHMYAAAAAAAYEXgBiQs_XdcyZd-KRR6mG0s6dRG-4_gAFw3g\/20\/DuryD9fCjr6b9FMD8MyqLw\/aHR0cHM6Ly93d3cuanJzZnJhbmNlLm9yZy8&amp;source=gmail&amp;ust=1648632157057000&amp;usg=AOvVaw0EeoIytC3_EQRaS4Wc4Uvp\" rel=\"noopener\" style=\"color: #0000ff;text-decoration: underline\">JRS France<\/a><\/strong><\/span><\/span><\/span><\/h5>\n<h5 style=\"text-align: justify\">\u2192<span>\u00a0<\/span><span>Pour une mission de\u00a0<strong>B\u00c9N\u00c9VOLAT<\/strong>, ponctuelle ou sur la dur\u00e9e (devenir famille d\u2019accueil, mettre \u00e0 disposition un logement ind\u00e9pendant, accompagner des personnes exil\u00e9es, aider dans la coordination et bien d&rsquo;autres missions&#8230;.),\u00a0<a href=\"http:\/\/z61z.mjt.lu\/lnk\/AUUAAFBrpZsAAAAAAAAAALI_l1oAAAAAHMYAAAAAAAYEXgBiQs_XdcyZd-KRR6mG0s6dRG-4_gAFw3g\/21\/PqFqc4r1Vv-0qfbnWlsjoA\/aHR0cHM6Ly9kb2NzLmdvb2dsZS5jb20vZm9ybXMvZC9lLzFGQUlwUUxTY2hFY3E4bndsSzJzXzFyZXhIQnNBWi16dlFwdlMtTDlnUl8xN2c4b0V0WHhxU2RBL3ZpZXdmb3Jt\" target=\"_blank\" data-saferedirecturl=\"https:\/\/www.google.com\/url?q=http:\/\/z61z.mjt.lu\/lnk\/AUUAAFBrpZsAAAAAAAAAALI_l1oAAAAAHMYAAAAAAAYEXgBiQs_XdcyZd-KRR6mG0s6dRG-4_gAFw3g\/21\/PqFqc4r1Vv-0qfbnWlsjoA\/aHR0cHM6Ly9kb2NzLmdvb2dsZS5jb20vZm9ybXMvZC9lLzFGQUlwUUxTY2hFY3E4bndsSzJzXzFyZXhIQnNBWi16dlFwdlMtTDlnUl8xN2c4b0V0WHhxU2RBL3ZpZXdmb3Jt&amp;source=gmail&amp;ust=1648632157057000&amp;usg=AOvVaw2vflBNJeeh0sHuBjZmSfqE\" rel=\"noopener\"><\/a>c&rsquo;est\u00a0<span style=\"text-decoration: underline\"><strong><span style=\"color: #0000ff;text-decoration: underline\"><a href=\"http:\/\/z61z.mjt.lu\/lnk\/AUUAAFBrpZsAAAAAAAAAALI_l1oAAAAAHMYAAAAAAAYEXgBiQs_XdcyZd-KRR6mG0s6dRG-4_gAFw3g\/22\/ooqIrgRHavfLl15SwZkSng\/aHR0cHM6Ly9kb2NzLmdvb2dsZS5jb20vZm9ybXMvZC9lLzFGQUlwUUxTY2hFY3E4bndsSzJzXzFyZXhIQnNBWi16dlFwdlMtTDlnUl8xN2c4b0V0WHhxU2RBL3ZpZXdmb3Jt\" target=\"_blank\" data-saferedirecturl=\"https:\/\/www.google.com\/url?q=http:\/\/z61z.mjt.lu\/lnk\/AUUAAFBrpZsAAAAAAAAAALI_l1oAAAAAHMYAAAAAAAYEXgBiQs_XdcyZd-KRR6mG0s6dRG-4_gAFw3g\/22\/ooqIrgRHavfLl15SwZkSng\/aHR0cHM6Ly9kb2NzLmdvb2dsZS5jb20vZm9ybXMvZC9lLzFGQUlwUUxTY2hFY3E4bndsSzJzXzFyZXhIQnNBWi16dlFwdlMtTDlnUl8xN2c4b0V0WHhxU2RBL3ZpZXdmb3Jt&amp;source=gmail&amp;ust=1648632157057000&amp;usg=AOvVaw17LgCaCW5slPfErCnUUtn4\" rel=\"noopener\" style=\"color: #0000ff;text-decoration: underline\">ICI<\/a><\/span><\/strong><\/span>.<\/span><\/h5>\n<h5>\u2192<span>\u00a0<\/span><span>Pour faire un\u00a0<strong>DON<\/strong>, c&rsquo;est\u00a0<span style=\"text-decoration: underline\"><span style=\"color: #0000ff\"><strong><a href=\"http:\/\/z61z.mjt.lu\/lnk\/AUUAAFBrpZsAAAAAAAAAALI_l1oAAAAAHMYAAAAAAAYEXgBiQs_XdcyZd-KRR6mG0s6dRG-4_gAFw3g\/23\/M290rzyS5CEIZCC7R8HapQ\/aHR0cHM6Ly93d3cuanJzZnJhbmNlLm9yZy9mYWlyZS11bi1kb24v\" target=\"_blank\" data-saferedirecturl=\"https:\/\/www.google.com\/url?q=http:\/\/z61z.mjt.lu\/lnk\/AUUAAFBrpZsAAAAAAAAAALI_l1oAAAAAHMYAAAAAAAYEXgBiQs_XdcyZd-KRR6mG0s6dRG-4_gAFw3g\/23\/M290rzyS5CEIZCC7R8HapQ\/aHR0cHM6Ly93d3cuanJzZnJhbmNlLm9yZy9mYWlyZS11bi1kb24v&amp;source=gmail&amp;ust=1648632157057000&amp;usg=AOvVaw3EMuBggVMcu3Fq8sZWZvzW\" rel=\"noopener\" style=\"color: #0000ff;text-decoration: underline\">L\u00c0<\/a><\/strong><\/span><\/span><\/span><\/h5>\n<p>&nbsp;<\/p>\n<h5><span>S&rsquo;engager aupr\u00e8s du\u00a0<strong><span style=\"text-decoration: underline\"><span style=\"color: #0000ff\"><a href=\"http:\/\/z61z.mjt.lu\/lnk\/AUUAAFBrpZsAAAAAAAAAALI_l1oAAAAAHMYAAAAAAAYEXgBiQs_XdcyZd-KRR6mG0s6dRG-4_gAFw3g\/24\/8A1OJbSNREgY3iQ5tln2Mg\/aHR0cHM6Ly9qcnNiZWxnaXVtLm9yZy8_bGFuZz1mcg\" target=\"_blank\" data-saferedirecturl=\"https:\/\/www.google.com\/url?q=http:\/\/z61z.mjt.lu\/lnk\/AUUAAFBrpZsAAAAAAAAAALI_l1oAAAAAHMYAAAAAAAYEXgBiQs_XdcyZd-KRR6mG0s6dRG-4_gAFw3g\/24\/8A1OJbSNREgY3iQ5tln2Mg\/aHR0cHM6Ly9qcnNiZWxnaXVtLm9yZy8_bGFuZz1mcg&amp;source=gmail&amp;ust=1648632157057000&amp;usg=AOvVaw1bpbkjvuFt4-Yrno0VuoS8\" rel=\"noopener\" style=\"color: #0000ff;text-decoration: underline\">JRS Belgique<\/a><\/span><\/span><\/strong><\/span><\/h5>\n<p>&nbsp;<\/p>\n<h5>Retrouver le<span style=\"text-decoration: underline\"><span style=\"color: #0000ff;text-decoration: underline\">\u00a0<a href=\"http:\/\/z61z.mjt.lu\/lnk\/AUUAAFBrpZsAAAAAAAAAALI_l1oAAAAAHMYAAAAAAAYEXgBiQs_XdcyZd-KRR6mG0s6dRG-4_gAFw3g\/25\/3TpTPKytyzVCIOmY3qFbhA\/aHR0cHM6Ly93d3cuamVzdWl0ZXMuY29tL2NvbmZsaXQtZW4tdWtyYWluZS8_dXRtX3NvdXJjZT1tYWlscG9ldCZ1dG1fbWVkaXVtPWVtYWlsJnV0bV9jYW1wYWlnbj1MYStuZXdzbGV0dGVyK2RlcytqJUMzJUE5c3VpdGVzK24lQzIlQjA3MA\" target=\"_blank\" data-saferedirecturl=\"https:\/\/www.google.com\/url?q=http:\/\/z61z.mjt.lu\/lnk\/AUUAAFBrpZsAAAAAAAAAALI_l1oAAAAAHMYAAAAAAAYEXgBiQs_XdcyZd-KRR6mG0s6dRG-4_gAFw3g\/25\/3TpTPKytyzVCIOmY3qFbhA\/aHR0cHM6Ly93d3cuamVzdWl0ZXMuY29tL2NvbmZsaXQtZW4tdWtyYWluZS8_dXRtX3NvdXJjZT1tYWlscG9ldCZ1dG1fbWVkaXVtPWVtYWlsJnV0bV9jYW1wYWlnbj1MYStuZXdzbGV0dGVyK2RlcytqJUMzJUE5c3VpdGVzK24lQzIlQjA3MA&amp;source=gmail&amp;ust=1648632157057000&amp;usg=AOvVaw1Qp7e5v7Pt5IQITcy_njdO\" rel=\"noopener\" style=\"color: #0000ff;text-decoration: underline\"><strong>dossier sp\u00e9cial sur la guerre en Ukraine<\/strong><\/a><\/span><\/span>, qui rassemble des t\u00e9moignages et des \u00e9clairages pour comprendre la situation en Ukraine.<\/h5>\n<p>[\/et_pb_text][\/et_pb_column][et_pb_column type=\u00a0\u00bb1_3&Prime; _builder_version=\u00a0\u00bb4.11.1&Prime; _module_preset=\u00a0\u00bbdefault\u00a0\u00bb global_colors_info=\u00a0\u00bb{}\u00a0\u00bb][et_pb_image src=\u00a0\u00bbhttps:\/\/retraites.prieenchemin.org\/careme-2022-en-famille\/wp-content\/uploads\/sites\/11\/2022\/03\/jrs-logoh-france-v2.png\u00a0\u00bb title_text=\u00a0\u00bbJRS_logoH_france V2&Prime; _builder_version=\u00a0\u00bb4.11.1&Prime; _module_preset=\u00a0\u00bbdefault\u00a0\u00bb global_colors_info=\u00a0\u00bb{}\u00a0\u00bb][\/et_pb_image][\/et_pb_column][\/et_pb_row][\/et_pb_section]<\/p>\n","protected":false},"excerpt":{"rendered":"<p>Semaine 4avec Pedro Arrupe &nbsp; \u00ab Saint Ignace nous a demand\u00e9 d&rsquo;aller n&rsquo;importe o\u00f9 dans le monde o\u00f9 on a davantage besoin de nous pour un plus grand service de Dieu \u00bb Pedro Arrupe &nbsp; Pour cette quatri\u00e8me semaine de Car\u00eame, c\u2019est Pedro Arrupe qui va nous aider \u00e0 prier en famille. Pedro Arrupe a [&hellip;]<\/p>\n","protected":false},"author":10,"featured_media":819,"comment_status":"closed","ping_status":"closed","sticky":false,"template":"","format":"standard","meta":{"_et_pb_use_builder":"on","_et_pb_old_content":"","_et_gb_content_width":"2880","_monsterinsights_skip_tracking":false,"_monsterinsights_sitenote_active":false,"_monsterinsights_sitenote_note":"","_monsterinsights_sitenote_category":0},"categories":[24],"tags":[],"yoast_head":"<!-- This site is optimized with the Yoast SEO plugin v17.7 - https:\/\/yoast.com\/wordpress\/plugins\/seo\/ -->\n<title>Semaine 4 - Car\u00eame 2022 en famille<\/title>\n<meta name=\"robots\" content=\"index, follow, max-snippet:-1, max-image-preview:large, max-video-preview:-1\" \/>\n<link rel=\"canonical\" href=\"https:\/\/retraites.prieenchemin.org\/careme-2022-en-famille\/semaine-4\/\" \/>\n<meta property=\"og:locale\" content=\"fr_FR\" \/>\n<meta property=\"og:type\" content=\"article\" \/>\n<meta property=\"og:title\" content=\"Semaine 4 - Car\u00eame 2022 en famille\" \/>\n<meta property=\"og:description\" content=\"Semaine 4avec Pedro Arrupe &nbsp; \u00ab Saint Ignace nous a demand\u00e9 d&#039;aller n&#039;importe o\u00f9 dans le monde o\u00f9 on a davantage besoin de nous pour un plus grand service de Dieu \u00bb Pedro Arrupe &nbsp; Pour cette quatri\u00e8me semaine de Car\u00eame, c\u2019est Pedro Arrupe qui va nous aider \u00e0 prier en famille. Pedro Arrupe a [&hellip;]\" \/>\n<meta property=\"og:url\" content=\"https:\/\/retraites.prieenchemin.org\/careme-2022-en-famille\/semaine-4\/\" \/>\n<meta property=\"og:site_name\" content=\"Car\u00eame 2022 en famille\" \/>\n<meta property=\"article:published_time\" content=\"2022-03-28T23:00:00+00:00\" \/>\n<meta property=\"article:modified_time\" content=\"2022-03-29T09:51:08+00:00\" \/>\n<meta property=\"og:image\" content=\"https:\/\/retraites.prieenchemin.org\/careme-2022-en-famille\/wp-content\/uploads\/sites\/11\/2022\/02\/boite6-pedro-arrupe-vect.jpg\" \/>\n\t<meta property=\"og:image:width\" content=\"1669\" \/>\n\t<meta property=\"og:image:height\" content=\"1044\" \/>\n<meta name=\"twitter:card\" content=\"summary_large_image\" \/>\n<script type=\"application\/ld+json\" class=\"yoast-schema-graph\">{\"@context\":\"https:\/\/schema.org\",\"@graph\":[{\"@type\":\"WebSite\",\"@id\":\"https:\/\/retraites.prieenchemin.org\/careme-2022-en-famille\/#website\",\"url\":\"https:\/\/retraites.prieenchemin.org\/careme-2022-en-famille\/\",\"name\":\"Car\\u00eame 2022 en famille\",\"description\":\"En chemin vers P\\u00e2ques, avec de grandes figures ignatienne\",\"potentialAction\":[{\"@type\":\"SearchAction\",\"target\":{\"@type\":\"EntryPoint\",\"urlTemplate\":\"https:\/\/retraites.prieenchemin.org\/careme-2022-en-famille\/?s={search_term_string}\"},\"query-input\":\"required name=search_term_string\"}],\"inLanguage\":\"fr-FR\"},{\"@type\":\"ImageObject\",\"@id\":\"https:\/\/retraites.prieenchemin.org\/careme-2022-en-famille\/semaine-4\/#primaryimage\",\"inLanguage\":\"fr-FR\",\"url\":\"https:\/\/retraites.prieenchemin.org\/careme-2022-en-famille\/wp-content\/uploads\/sites\/11\/2022\/02\/boite6-pedro-arrupe-vect.jpg\",\"contentUrl\":\"https:\/\/retraites.prieenchemin.org\/careme-2022-en-famille\/wp-content\/uploads\/sites\/11\/2022\/02\/boite6-pedro-arrupe-vect.jpg\",\"width\":1669,\"height\":1044},{\"@type\":\"WebPage\",\"@id\":\"https:\/\/retraites.prieenchemin.org\/careme-2022-en-famille\/semaine-4\/#webpage\",\"url\":\"https:\/\/retraites.prieenchemin.org\/careme-2022-en-famille\/semaine-4\/\",\"name\":\"Semaine 4 - Car\\u00eame 2022 en famille\",\"isPartOf\":{\"@id\":\"https:\/\/retraites.prieenchemin.org\/careme-2022-en-famille\/#website\"},\"primaryImageOfPage\":{\"@id\":\"https:\/\/retraites.prieenchemin.org\/careme-2022-en-famille\/semaine-4\/#primaryimage\"},\"datePublished\":\"2022-03-28T23:00:00+00:00\",\"dateModified\":\"2022-03-29T09:51:08+00:00\",\"author\":{\"@id\":\"https:\/\/retraites.prieenchemin.org\/careme-2022-en-famille\/#\/schema\/person\/8e49f4c6fa50eead90268ae8b37e06bd\"},\"breadcrumb\":{\"@id\":\"https:\/\/retraites.prieenchemin.org\/careme-2022-en-famille\/semaine-4\/#breadcrumb\"},\"inLanguage\":\"fr-FR\",\"potentialAction\":[{\"@type\":\"ReadAction\",\"target\":[\"https:\/\/retraites.prieenchemin.org\/careme-2022-en-famille\/semaine-4\/\"]}]},{\"@type\":\"BreadcrumbList\",\"@id\":\"https:\/\/retraites.prieenchemin.org\/careme-2022-en-famille\/semaine-4\/#breadcrumb\",\"itemListElement\":[{\"@type\":\"ListItem\",\"position\":1,\"name\":\"Accueil\",\"item\":\"https:\/\/retraites.prieenchemin.org\/careme-2022-en-famille\/\"},{\"@type\":\"ListItem\",\"position\":2,\"name\":\"Semaine 4\"}]},{\"@type\":\"Person\",\"@id\":\"https:\/\/retraites.prieenchemin.org\/careme-2022-en-famille\/#\/schema\/person\/8e49f4c6fa50eead90268ae8b37e06bd\",\"name\":\"famille\",\"image\":{\"@type\":\"ImageObject\",\"@id\":\"https:\/\/retraites.prieenchemin.org\/careme-2022-en-famille\/#personlogo\",\"inLanguage\":\"fr-FR\",\"url\":\"https:\/\/secure.gravatar.com\/avatar\/49d2b5669bbcd314a7ff4b3124845d08?s=96&d=mm&r=g\",\"contentUrl\":\"https:\/\/secure.gravatar.com\/avatar\/49d2b5669bbcd314a7ff4b3124845d08?s=96&d=mm&r=g\",\"caption\":\"famille\"},\"url\":\"https:\/\/retraites.prieenchemin.org\/careme-2022-en-famille\/author\/famille\/\"}]}<\/script>\n<!-- \/ Yoast SEO plugin. -->","yoast_head_json":{"title":"Semaine 4 - Car\u00eame 2022 en famille","robots":{"index":"index","follow":"follow","max-snippet":"max-snippet:-1","max-image-preview":"max-image-preview:large","max-video-preview":"max-video-preview:-1"},"canonical":"https:\/\/retraites.prieenchemin.org\/careme-2022-en-famille\/semaine-4\/","og_locale":"fr_FR","og_type":"article","og_title":"Semaine 4 - Car\u00eame 2022 en famille","og_description":"Semaine 4avec Pedro Arrupe &nbsp; \u00ab Saint Ignace nous a demand\u00e9 d'aller n'importe o\u00f9 dans le monde o\u00f9 on a davantage besoin de nous pour un plus grand service de Dieu \u00bb Pedro Arrupe &nbsp; Pour cette quatri\u00e8me semaine de Car\u00eame, c\u2019est Pedro Arrupe qui va nous aider \u00e0 prier en famille. Pedro Arrupe a [&hellip;]","og_url":"https:\/\/retraites.prieenchemin.org\/careme-2022-en-famille\/semaine-4\/","og_site_name":"Car\u00eame 2022 en famille","article_published_time":"2022-03-28T23:00:00+00:00","article_modified_time":"2022-03-29T09:51:08+00:00","og_image":[{"width":1669,"height":1044,"url":"https:\/\/retraites.prieenchemin.org\/careme-2022-en-famille\/wp-content\/uploads\/sites\/11\/2022\/02\/boite6-pedro-arrupe-vect.jpg","type":"image\/jpeg"}],"twitter_card":"summary_large_image","schema":{"@context":"https:\/\/schema.org","@graph":[{"@type":"WebSite","@id":"https:\/\/retraites.prieenchemin.org\/careme-2022-en-famille\/#website","url":"https:\/\/retraites.prieenchemin.org\/careme-2022-en-famille\/","name":"Car\u00eame 2022 en famille","description":"En chemin vers P\u00e2ques, avec de grandes figures ignatienne","potentialAction":[{"@type":"SearchAction","target":{"@type":"EntryPoint","urlTemplate":"https:\/\/retraites.prieenchemin.org\/careme-2022-en-famille\/?s={search_term_string}"},"query-input":"required name=search_term_string"}],"inLanguage":"fr-FR"},{"@type":"ImageObject","@id":"https:\/\/retraites.prieenchemin.org\/careme-2022-en-famille\/semaine-4\/#primaryimage","inLanguage":"fr-FR","url":"https:\/\/retraites.prieenchemin.org\/careme-2022-en-famille\/wp-content\/uploads\/sites\/11\/2022\/02\/boite6-pedro-arrupe-vect.jpg","contentUrl":"https:\/\/retraites.prieenchemin.org\/careme-2022-en-famille\/wp-content\/uploads\/sites\/11\/2022\/02\/boite6-pedro-arrupe-vect.jpg","width":1669,"height":1044},{"@type":"WebPage","@id":"https:\/\/retraites.prieenchemin.org\/careme-2022-en-famille\/semaine-4\/#webpage","url":"https:\/\/retraites.prieenchemin.org\/careme-2022-en-famille\/semaine-4\/","name":"Semaine 4 - Car\u00eame 2022 en famille","isPartOf":{"@id":"https:\/\/retraites.prieenchemin.org\/careme-2022-en-famille\/#website"},"primaryImageOfPage":{"@id":"https:\/\/retraites.prieenchemin.org\/careme-2022-en-famille\/semaine-4\/#primaryimage"},"datePublished":"2022-03-28T23:00:00+00:00","dateModified":"2022-03-29T09:51:08+00:00","author":{"@id":"https:\/\/retraites.prieenchemin.org\/careme-2022-en-famille\/#\/schema\/person\/8e49f4c6fa50eead90268ae8b37e06bd"},"breadcrumb":{"@id":"https:\/\/retraites.prieenchemin.org\/careme-2022-en-famille\/semaine-4\/#breadcrumb"},"inLanguage":"fr-FR","potentialAction":[{"@type":"ReadAction","target":["https:\/\/retraites.prieenchemin.org\/careme-2022-en-famille\/semaine-4\/"]}]},{"@type":"BreadcrumbList","@id":"https:\/\/retraites.prieenchemin.org\/careme-2022-en-famille\/semaine-4\/#breadcrumb","itemListElement":[{"@type":"ListItem","position":1,"name":"Accueil","item":"https:\/\/retraites.prieenchemin.org\/careme-2022-en-famille\/"},{"@type":"ListItem","position":2,"name":"Semaine 4"}]},{"@type":"Person","@id":"https:\/\/retraites.prieenchemin.org\/careme-2022-en-famille\/#\/schema\/person\/8e49f4c6fa50eead90268ae8b37e06bd","name":"famille","image":{"@type":"ImageObject","@id":"https:\/\/retraites.prieenchemin.org\/careme-2022-en-famille\/#personlogo","inLanguage":"fr-FR","url":"https:\/\/secure.gravatar.com\/avatar\/49d2b5669bbcd314a7ff4b3124845d08?s=96&d=mm&r=g","contentUrl":"https:\/\/secure.gravatar.com\/avatar\/49d2b5669bbcd314a7ff4b3124845d08?s=96&d=mm&r=g","caption":"famille"},"url":"https:\/\/retraites.prieenchemin.org\/careme-2022-en-famille\/author\/famille\/"}]}},"_links":{"self":[{"href":"https:\/\/retraites.prieenchemin.org\/careme-2022-en-famille\/wp-json\/wp\/v2\/posts\/844"}],"collection":[{"href":"https:\/\/retraites.prieenchemin.org\/careme-2022-en-famille\/wp-json\/wp\/v2\/posts"}],"about":[{"href":"https:\/\/retraites.prieenchemin.org\/careme-2022-en-famille\/wp-json\/wp\/v2\/types\/post"}],"author":[{"embeddable":true,"href":"https:\/\/retraites.prieenchemin.org\/careme-2022-en-famille\/wp-json\/wp\/v2\/users\/10"}],"replies":[{"embeddable":true,"href":"https:\/\/retraites.prieenchemin.org\/careme-2022-en-famille\/wp-json\/wp\/v2\/comments?post=844"}],"version-history":[{"count":0,"href":"https:\/\/retraites.prieenchemin.org\/careme-2022-en-famille\/wp-json\/wp\/v2\/posts\/844\/revisions"}],"wp:featuredmedia":[{"embeddable":true,"href":"https:\/\/retraites.prieenchemin.org\/careme-2022-en-famille\/wp-json\/wp\/v2\/media\/819"}],"wp:attachment":[{"href":"https:\/\/retraites.prieenchemin.org\/careme-2022-en-famille\/wp-json\/wp\/v2\/media?parent=844"}],"wp:term":[{"taxonomy":"category","embeddable":true,"href":"https:\/\/retraites.prieenchemin.org\/careme-2022-en-famille\/wp-json\/wp\/v2\/categories?post=844"},{"taxonomy":"post_tag","embeddable":true,"href":"https:\/\/retraites.prieenchemin.org\/careme-2022-en-famille\/wp-json\/wp\/v2\/tags?post=844"}],"curies":[{"name":"wp","href":"https:\/\/api.w.org\/{rel}","templated":true}]}}