{"id":840,"date":"2022-03-07T12:00:00","date_gmt":"2022-03-07T11:00:00","guid":{"rendered":"https:\/\/retraites.prieenchemin.org\/careme-2022-en-famille\/?p=840"},"modified":"2022-03-08T12:07:11","modified_gmt":"2022-03-08T11:07:11","slug":"semaine-1","status":"publish","type":"post","link":"https:\/\/retraites.prieenchemin.org\/careme-2022-en-famille\/semaine-1\/","title":{"rendered":"Semaine 1"},"content":{"rendered":"<p>[et_pb_section fb_built=\u00a0\u00bb1&Prime; admin_label=\u00a0\u00bbAbout\u00a0\u00bb _builder_version=\u00a0\u00bb4.9.7&Prime; background_color=\u00a0\u00bb#fcf9ec\u00a0\u00bb background_image=\u00a0\u00bbhttps:\/\/retraites.prieenchemin.org\/careme-2022-en-famille\/wp-content\/uploads\/sites\/11\/2021\/06\/bg-pec-patterngris.png\u00a0\u00bb background_size=\u00a0\u00bbcontain\u00a0\u00bb background_position=\u00a0\u00bbtop_left\u00a0\u00bb background_blend=\u00a0\u00bbluminosity\u00a0\u00bb locked=\u00a0\u00bboff\u00a0\u00bb global_colors_info=\u00a0\u00bb{}\u00a0\u00bb][et_pb_row column_structure=\u00a0\u00bb3_5,2_5&Prime; _builder_version=\u00a0\u00bb4.9.10&Prime; global_colors_info=\u00a0\u00bb{}\u00a0\u00bb][et_pb_column type=\u00a0\u00bb3_5&Prime; _builder_version=\u00a0\u00bb4.9.10&Prime; custom_padding=\u00a0\u00bb|80px|||false|false\u00a0\u00bb custom_padding_tablet=\u00a0\u00bb|0px|||false|false\u00a0\u00bb custom_padding_phone=\u00a0\u00bb||||false\u00a0\u00bb custom_padding_last_edited=\u00a0\u00bbon|tablet\u00a0\u00bb global_colors_info=\u00a0\u00bb{}\u00a0\u00bb][et_pb_text _builder_version=\u00a0\u00bb4.11.1&Prime; text_font=\u00a0\u00bb|600|||||||\u00a0\u00bb text_line_height=\u00a0\u00bb1.8em\u00a0\u00bb header_font=\u00a0\u00bbMarcellus||||||||\u00a0\u00bb header_font_size=\u00a0\u00bb60px\u00a0\u00bb animation_style=\u00a0\u00bbslide\u00a0\u00bb animation_direction=\u00a0\u00bbleft\u00a0\u00bb animation_duration=\u00a0\u00bb1300ms\u00a0\u00bb animation_intensity_slide=\u00a0\u00bb2%\u00a0\u00bb header_font_size_tablet=\u00a0\u00bb80px\u00a0\u00bb header_font_size_phone=\u00a0\u00bb40px\u00a0\u00bb header_font_size_last_edited=\u00a0\u00bbon|phone\u00a0\u00bb locked=\u00a0\u00bboff\u00a0\u00bb inline_fonts=\u00a0\u00bbAkaya Kanadaka,Akaya Telivigala\u00a0\u00bb global_colors_info=\u00a0\u00bb{}\u00a0\u00bb]<\/p>\n<h1 class=\"entry-title\">Semaine 1<br \/>avec <span style=\"font-family: 'Akaya Telivigala';color: #ff9900\">Th\u00e9r\u00e8se Couderc<\/span><\/h1>\n<p>&nbsp;<\/p>\n<p><span style=\"font-family: Akaya Kanadaka;font-weight: normal;font-size: x-large\"><span style=\"color: #31849b\">\u00ab <\/span><\/span><span style=\"font-family: Akaya Kanadaka;font-weight: normal;font-size: x-large\"><span style=\"color: #31849b\">Je compris alors que tout ce que ces cr\u00e9atures ont de bon et tous les services et les secours que nous recevons de chacunes d&rsquo;elles est un bienfait que nous devons \u00e0 la bont\u00e9 de notre Dieu\u00a0 \u00bb <\/span><span style=\"font-family: inherit\">Th\u00e9r\u00e8se Couderc<\/span><\/span><\/p>\n<p>Nous sommes maintenant dans la premi\u00e8re semaine du Car\u00eame, cette semaine, c\u2019est sainte Th\u00e9r\u00e8se Couderc qui nous montre le chemin.<\/p>\n<p>Th\u00e9r\u00e8se Couderc a fond\u00e9 les s\u0153urs du C\u00e9nacle, il y a presque deux cents ans. Une congr\u00e9gation ignatienne qui par les retraites et l\u2019accompagnement spirituel montre aux hommes et aux femmes la voie vers Dieu.<\/p>\n<p>Alors cette semaine, en famille, laissons Th\u00e9r\u00e8se Couderc <span style=\"color: #ff9900;font-family: 'Akaya Kanadaka';font-weight: normal;font-size: x-large\">Th\u00e9r\u00e8se Couderc <\/span>nous ouvrir \u00e0 la bont\u00e9 de Dieu\u00a0!<\/p>\n<p>[\/et_pb_text][\/et_pb_column][et_pb_column type=\u00a0\u00bb2_5&Prime; _builder_version=\u00a0\u00bb4.2.2&Prime; global_colors_info=\u00a0\u00bb{}\u00a0\u00bb][et_pb_image src=\u00a0\u00bbhttps:\/\/retraites.prieenchemin.org\/careme-2022-en-famille\/wp-content\/uploads\/sites\/11\/2022\/02\/boite3-therese-couderc-vect.jpg\u00a0\u00bb title_text=\u00a0\u00bbboite3 therese couderc vect\u00a0\u00bb _builder_version=\u00a0\u00bb4.11.1&Prime; transform_scale=\u00a0\u00bb162%|162%\u00a0\u00bb transform_scale_tablet=\u00a0\u00bb\u00a0\u00bb transform_scale_phone=\u00a0\u00bb110%|110%\u00a0\u00bb transform_scale_last_edited=\u00a0\u00bbon|phone\u00a0\u00bb transform_translate=\u00a0\u00bb4px|63px\u00a0\u00bb transform_translate_tablet=\u00a0\u00bb\u00a0\u00bb transform_translate_phone=\u00a0\u00bb4px|9px\u00a0\u00bb transform_translate_last_edited=\u00a0\u00bbon|phone\u00a0\u00bb transform_rotate_tablet=\u00a0\u00bb\u00a0\u00bb transform_rotate_phone=\u00a0\u00bb\u00a0\u00bb transform_rotate_last_edited=\u00a0\u00bbon|phone\u00a0\u00bb transform_skew_tablet=\u00a0\u00bb\u00a0\u00bb transform_skew_phone=\u00a0\u00bb\u00a0\u00bb transform_skew_last_edited=\u00a0\u00bbon|phone\u00a0\u00bb transform_origin_tablet=\u00a0\u00bb\u00a0\u00bb transform_origin_phone=\u00a0\u00bb\u00a0\u00bb transform_origin_last_edited=\u00a0\u00bbon|phone\u00a0\u00bb transform_styles_last_edited=\u00a0\u00bbon|phone\u00a0\u00bb width=\u00a0\u00bb68%\u00a0\u00bb max_width=\u00a0\u00bb100%\u00a0\u00bb animation_style=\u00a0\u00bbslide\u00a0\u00bb animation_direction=\u00a0\u00bbbottom\u00a0\u00bb animation_duration=\u00a0\u00bb1350ms\u00a0\u00bb animation_intensity_slide=\u00a0\u00bb4%\u00a0\u00bb hover_enabled=\u00a0\u00bb0&Prime; transform_styles_tablet=\u00a0\u00bb\u00a0\u00bb transform_styles_phone=\u00a0\u00bb\u00a0\u00bb global_colors_info=\u00a0\u00bb{}\u00a0\u00bb sticky_enabled=\u00a0\u00bb0&Prime;][\/et_pb_image][\/et_pb_column][\/et_pb_row][\/et_pb_section][et_pb_section fb_built=\u00a0\u00bb1&Prime; _builder_version=\u00a0\u00bb4.11.1&Prime; _module_preset=\u00a0\u00bbdefault\u00a0\u00bb display_conditions=\u00a0\u00bbW3siaWQiOiI1MjFjODEwMy0wNmRkLTRlMDEtOThjYi1iMmVmMzQ1MzQ0ZGEiLCJjb25kaXRpb24iOiJkYXRlVGltZSIsImNvbmRpdGlvblNldHRpbmdzIjp7ImRhdGVUaW1lRGlzcGxheSI6ImlzQWZ0ZXIiLCJkYXRlIjoiMjAyMS0xMS0yNSIsInRpbWUiOiIwNzowMCIsIndlZWtkYXlzIjoifCIsImFsbERheSI6Im9uIiwiZnJvbVRpbWUiOiIwMDowMCIsInVudGlsVGltZSI6IjAwOjAwIiwicmVwZWF0Ijoib2ZmIiwicmVwZWF0RnJlcXVlbmN5IjoibW9udGhseSIsInJlcGVhdEZyZXF1ZW5jeVNwZWNpZmljRGF5cyI6IndlZWtseSIsInJlcGVhdEVuZCI6Im5ldmVyIiwicmVwZWF0VW50aWxEYXRlIjoiMjAyMS0xMS0yMyIsInJlcGVhdFRpbWVzIjoiMyIsImFkbWluTGFiZWwiOiJEYXRlICYgVGltZSIsImVuYWJsZUNvbmRpdGlvbiI6Im9uIn0sIm9wZXJhdG9yIjoiT1IifV0=\u00a0\u00bb custom_padding=\u00a0\u00bb77px||19px|||\u00a0\u00bb global_colors_info=\u00a0\u00bb{}\u00a0\u00bb][et_pb_row column_structure=\u00a0\u00bb1_3,1_3,1_3&Prime; _builder_version=\u00a0\u00bb4.11.1&Prime; _module_preset=\u00a0\u00bbdefault\u00a0\u00bb display_conditions=\u00a0\u00bbW10=\u00a0\u00bb global_colors_info=\u00a0\u00bb{}\u00a0\u00bb][et_pb_column type=\u00a0\u00bb1_3&Prime; _builder_version=\u00a0\u00bb4.11.1&Prime; _module_preset=\u00a0\u00bbdefault\u00a0\u00bb global_colors_info=\u00a0\u00bb{}\u00a0\u00bb][et_pb_text _builder_version=\u00a0\u00bb4.11.1&Prime; _module_preset=\u00a0\u00bbdefault\u00a0\u00bb custom_padding=\u00a0\u00bb5px|||10px|false|false\u00a0\u00bb border_radii=\u00a0\u00bbon|2px|2px|2px|2px\u00a0\u00bb border_width_all=\u00a0\u00bb2px\u00a0\u00bb border_color_all=\u00a0\u00bb#31849b\u00a0\u00bb global_colors_info=\u00a0\u00bb{}\u00a0\u00bb]<\/p>\n<h1 style=\"text-align: center\"><span style=\"font-size: 0.8em;color: #31849b\">Premi\u00e8re semaine avec Th\u00e9r\u00e8se Couderc (vid\u00e9o)<\/span><\/h1>\n<p>[\/et_pb_text][et_pb_video src=\u00a0\u00bbhttps:\/\/www.youtube.com\/watch?v=rLCtbpyI8j8&Prime; _builder_version=\u00a0\u00bb4.11.1&Prime; _module_preset=\u00a0\u00bbdefault\u00a0\u00bb custom_margin=\u00a0\u00bb-23px||||false|false\u00a0\u00bb custom_padding=\u00a0\u00bb0px||0px||false|false\u00a0\u00bb global_colors_info=\u00a0\u00bb{}\u00a0\u00bb][\/et_pb_video][\/et_pb_column][et_pb_column type=\u00a0\u00bb1_3&Prime; _builder_version=\u00a0\u00bb4.11.1&Prime; _module_preset=\u00a0\u00bbdefault\u00a0\u00bb global_colors_info=\u00a0\u00bb{}\u00a0\u00bb][et_pb_button button_url=\u00a0\u00bbhttps:\/\/retraites.prieenchemin.org\/careme-2022-en-famille\/wp-content\/uploads\/sites\/11\/2022\/03\/Temps-de-priere-Semaine-2-T.Couderc.pdf\u00a0\u00bb button_text=\u00a0\u00bbPri\u00e8re en famille (pdf)\u00a0\u00bb _builder_version=\u00a0\u00bb4.11.1&Prime; _module_preset=\u00a0\u00bbdefault\u00a0\u00bb custom_button=\u00a0\u00bbon\u00a0\u00bb button_text_color=\u00a0\u00bb#31849b\u00a0\u00bb global_colors_info=\u00a0\u00bb{}\u00a0\u00bb][\/et_pb_button][et_pb_button button_url=\u00a0\u00bbhttps:\/\/retraites.prieenchemin.org\/careme-2022-en-famille\/wp-content\/uploads\/sites\/11\/2022\/03\/Chemin-de-Careme-Semaine-1.pdf\u00a0\u00bb button_text=\u00a0\u00bbChemin de Car\u00eame (pdf)\u00a0\u00bb _builder_version=\u00a0\u00bb4.11.1&Prime; _module_preset=\u00a0\u00bbdefault\u00a0\u00bb custom_button=\u00a0\u00bbon\u00a0\u00bb button_text_color=\u00a0\u00bb#31849b\u00a0\u00bb hover_enabled=\u00a0\u00bb0&Prime; global_colors_info=\u00a0\u00bb{}\u00a0\u00bb sticky_enabled=\u00a0\u00bb0&Prime;][\/et_pb_button][\/et_pb_column][et_pb_column type=\u00a0\u00bb1_3&Prime; _builder_version=\u00a0\u00bb4.11.1&Prime; _module_preset=\u00a0\u00bbdefault\u00a0\u00bb global_colors_info=\u00a0\u00bb{}\u00a0\u00bb][et_pb_button button_url=\u00a0\u00bbhttps:\/\/retraites.prieenchemin.org\/careme-2022-en-famille\/wp-content\/uploads\/sites\/11\/2022\/03\/Feuille-de-chants-2-feuillets.pdf\u00a0\u00bb button_text=\u00a0\u00bbChant (pdf)\u00a0\u00bb _builder_version=\u00a0\u00bb4.11.1&Prime; _module_preset=\u00a0\u00bbdefault\u00a0\u00bb custom_button=\u00a0\u00bbon\u00a0\u00bb button_text_color=\u00a0\u00bb#31849b\u00a0\u00bb custom_padding=\u00a0\u00bb||0px|||\u00a0\u00bb global_colors_info=\u00a0\u00bb{}\u00a0\u00bb][\/et_pb_button][et_pb_button button_url=\u00a0\u00bbhttps:\/\/www.youtube.com\/watch?v=pPeiwHhNOGo&amp;ab_channel=Taiz%C3%A9-Topic\u00a0\u00bb button_text=\u00a0\u00bbChant (vid\u00e9o)\u00a0\u00bb _builder_version=\u00a0\u00bb4.11.1&Prime; _module_preset=\u00a0\u00bbdefault\u00a0\u00bb custom_button=\u00a0\u00bbon\u00a0\u00bb button_text_color=\u00a0\u00bb#31849b\u00a0\u00bb custom_padding=\u00a0\u00bb||0px|||\u00a0\u00bb global_colors_info=\u00a0\u00bb{}\u00a0\u00bb][\/et_pb_button][et_pb_video src=\u00a0\u00bbhttps:\/\/www.youtube.com\/watch?v=pPeiwHhNOGo&amp;ab_channel=Taiz%C3%A9-Topic\u00a0\u00bb _builder_version=\u00a0\u00bb4.11.1&Prime; _module_preset=\u00a0\u00bbdefault\u00a0\u00bb custom_margin=\u00a0\u00bb-23px||||false|false\u00a0\u00bb custom_padding=\u00a0\u00bb0px||0px||false|false\u00a0\u00bb global_colors_info=\u00a0\u00bb{}\u00a0\u00bb][\/et_pb_video][\/et_pb_column][\/et_pb_row][\/et_pb_section][et_pb_section fb_built=\u00a0\u00bb1&Prime; _builder_version=\u00a0\u00bb4.11.1&Prime; _module_preset=\u00a0\u00bbdefault\u00a0\u00bb background_color=\u00a0\u00bb#efefef\u00a0\u00bb global_colors_info=\u00a0\u00bb{}\u00a0\u00bb][et_pb_row _builder_version=\u00a0\u00bb4.11.1&Prime; _module_preset=\u00a0\u00bbdefault\u00a0\u00bb global_colors_info=\u00a0\u00bb{}\u00a0\u00bb][et_pb_column type=\u00a0\u00bb4_4&Prime; _builder_version=\u00a0\u00bb4.11.1&Prime; _module_preset=\u00a0\u00bbdefault\u00a0\u00bb global_colors_info=\u00a0\u00bb{}\u00a0\u00bb][et_pb_text _builder_version=\u00a0\u00bb4.11.1&Prime; _module_preset=\u00a0\u00bbdefault\u00a0\u00bb global_colors_info=\u00a0\u00bb{}\u00a0\u00bb]<\/p>\n<h4>Envie de d\u00e9couvrir davantage Th\u00e9r\u00e8se Couderc et les soeurs du C\u00e9nacle? Visitez les pages consacr\u00e9es \u00e0 <span style=\"color: #ff9900\"><a href=\"https:\/\/www.ndcenacle.org\/qui-sommes-nous\/notre-histoire\/\" style=\"color: #ff9900\">leur histoire et leurs fondateurs<\/a><\/span>, ainsi que leur <span style=\"color: #ff9900\"><a href=\"https:\/\/www.ndcenacle.org\/qui-sommes-nous\/la-spiritualite-des-soeurs-du-cenacle\/\" style=\"color: #ff9900\">spiritualit\u00e9<\/a><\/span> et leurs <a href=\"https:\/\/www.ndcenacle.org\/qui-sommes-nous\/une-mission-en-3d-service-apostolique-vie-communautaire-et-de-priere\/\"><span style=\"color: #ff9900\">missions<\/span><\/a> aujourd&rsquo;hui!<\/h4>\n<h4>Bonne visite!<\/h4>\n<p>[\/et_pb_text][\/et_pb_column][\/et_pb_row][\/et_pb_section]<\/p>\n","protected":false},"excerpt":{"rendered":"<p>Semaine 1avec Th\u00e9r\u00e8se Couderc &nbsp; \u00ab Je compris alors que tout ce que ces cr\u00e9atures ont de bon et tous les services et les secours que nous recevons de chacunes d&rsquo;elles est un bienfait que nous devons \u00e0 la bont\u00e9 de notre Dieu\u00a0 \u00bb Th\u00e9r\u00e8se Couderc Nous sommes maintenant dans la premi\u00e8re semaine du Car\u00eame, [&hellip;]<\/p>\n","protected":false},"author":10,"featured_media":816,"comment_status":"closed","ping_status":"closed","sticky":false,"template":"","format":"standard","meta":{"_et_pb_use_builder":"on","_et_pb_old_content":"","_et_gb_content_width":"2880","_monsterinsights_skip_tracking":false,"_monsterinsights_sitenote_active":false,"_monsterinsights_sitenote_note":"","_monsterinsights_sitenote_category":0},"categories":[24],"tags":[],"yoast_head":"<!-- This site is optimized with the Yoast SEO plugin v17.7 - https:\/\/yoast.com\/wordpress\/plugins\/seo\/ -->\n<title>Semaine 1 - Car\u00eame 2022 en famille<\/title>\n<meta name=\"robots\" content=\"index, follow, max-snippet:-1, max-image-preview:large, max-video-preview:-1\" \/>\n<link rel=\"canonical\" href=\"https:\/\/retraites.prieenchemin.org\/careme-2022-en-famille\/semaine-1\/\" \/>\n<meta property=\"og:locale\" content=\"fr_FR\" \/>\n<meta property=\"og:type\" content=\"article\" \/>\n<meta property=\"og:title\" content=\"Semaine 1 - Car\u00eame 2022 en famille\" \/>\n<meta property=\"og:description\" content=\"Semaine 1avec Th\u00e9r\u00e8se Couderc &nbsp; \u00ab Je compris alors que tout ce que ces cr\u00e9atures ont de bon et tous les services et les secours que nous recevons de chacunes d&#039;elles est un bienfait que nous devons \u00e0 la bont\u00e9 de notre Dieu\u00a0 \u00bb Th\u00e9r\u00e8se Couderc Nous sommes maintenant dans la premi\u00e8re semaine du Car\u00eame, [&hellip;]\" \/>\n<meta property=\"og:url\" content=\"https:\/\/retraites.prieenchemin.org\/careme-2022-en-famille\/semaine-1\/\" \/>\n<meta property=\"og:site_name\" content=\"Car\u00eame 2022 en famille\" \/>\n<meta property=\"article:published_time\" content=\"2022-03-07T11:00:00+00:00\" \/>\n<meta property=\"article:modified_time\" content=\"2022-03-08T11:07:11+00:00\" \/>\n<meta property=\"og:image\" content=\"https:\/\/retraites.prieenchemin.org\/careme-2022-en-famille\/wp-content\/uploads\/sites\/11\/2022\/02\/boite3-therese-couderc-vect.jpg\" \/>\n\t<meta property=\"og:image:width\" content=\"1669\" \/>\n\t<meta property=\"og:image:height\" content=\"1044\" \/>\n<meta name=\"twitter:card\" content=\"summary_large_image\" \/>\n<script type=\"application\/ld+json\" class=\"yoast-schema-graph\">{\"@context\":\"https:\/\/schema.org\",\"@graph\":[{\"@type\":\"WebSite\",\"@id\":\"https:\/\/retraites.prieenchemin.org\/careme-2022-en-famille\/#website\",\"url\":\"https:\/\/retraites.prieenchemin.org\/careme-2022-en-famille\/\",\"name\":\"Car\\u00eame 2022 en famille\",\"description\":\"En chemin vers P\\u00e2ques, avec de grandes figures ignatienne\",\"potentialAction\":[{\"@type\":\"SearchAction\",\"target\":{\"@type\":\"EntryPoint\",\"urlTemplate\":\"https:\/\/retraites.prieenchemin.org\/careme-2022-en-famille\/?s={search_term_string}\"},\"query-input\":\"required name=search_term_string\"}],\"inLanguage\":\"fr-FR\"},{\"@type\":\"ImageObject\",\"@id\":\"https:\/\/retraites.prieenchemin.org\/careme-2022-en-famille\/semaine-1\/#primaryimage\",\"inLanguage\":\"fr-FR\",\"url\":\"https:\/\/retraites.prieenchemin.org\/careme-2022-en-famille\/wp-content\/uploads\/sites\/11\/2022\/02\/boite3-therese-couderc-vect.jpg\",\"contentUrl\":\"https:\/\/retraites.prieenchemin.org\/careme-2022-en-famille\/wp-content\/uploads\/sites\/11\/2022\/02\/boite3-therese-couderc-vect.jpg\",\"width\":1669,\"height\":1044},{\"@type\":\"WebPage\",\"@id\":\"https:\/\/retraites.prieenchemin.org\/careme-2022-en-famille\/semaine-1\/#webpage\",\"url\":\"https:\/\/retraites.prieenchemin.org\/careme-2022-en-famille\/semaine-1\/\",\"name\":\"Semaine 1 - Car\\u00eame 2022 en famille\",\"isPartOf\":{\"@id\":\"https:\/\/retraites.prieenchemin.org\/careme-2022-en-famille\/#website\"},\"primaryImageOfPage\":{\"@id\":\"https:\/\/retraites.prieenchemin.org\/careme-2022-en-famille\/semaine-1\/#primaryimage\"},\"datePublished\":\"2022-03-07T11:00:00+00:00\",\"dateModified\":\"2022-03-08T11:07:11+00:00\",\"author\":{\"@id\":\"https:\/\/retraites.prieenchemin.org\/careme-2022-en-famille\/#\/schema\/person\/8e49f4c6fa50eead90268ae8b37e06bd\"},\"breadcrumb\":{\"@id\":\"https:\/\/retraites.prieenchemin.org\/careme-2022-en-famille\/semaine-1\/#breadcrumb\"},\"inLanguage\":\"fr-FR\",\"potentialAction\":[{\"@type\":\"ReadAction\",\"target\":[\"https:\/\/retraites.prieenchemin.org\/careme-2022-en-famille\/semaine-1\/\"]}]},{\"@type\":\"BreadcrumbList\",\"@id\":\"https:\/\/retraites.prieenchemin.org\/careme-2022-en-famille\/semaine-1\/#breadcrumb\",\"itemListElement\":[{\"@type\":\"ListItem\",\"position\":1,\"name\":\"Accueil\",\"item\":\"https:\/\/retraites.prieenchemin.org\/careme-2022-en-famille\/\"},{\"@type\":\"ListItem\",\"position\":2,\"name\":\"Semaine 1\"}]},{\"@type\":\"Person\",\"@id\":\"https:\/\/retraites.prieenchemin.org\/careme-2022-en-famille\/#\/schema\/person\/8e49f4c6fa50eead90268ae8b37e06bd\",\"name\":\"famille\",\"image\":{\"@type\":\"ImageObject\",\"@id\":\"https:\/\/retraites.prieenchemin.org\/careme-2022-en-famille\/#personlogo\",\"inLanguage\":\"fr-FR\",\"url\":\"https:\/\/secure.gravatar.com\/avatar\/49d2b5669bbcd314a7ff4b3124845d08?s=96&d=mm&r=g\",\"contentUrl\":\"https:\/\/secure.gravatar.com\/avatar\/49d2b5669bbcd314a7ff4b3124845d08?s=96&d=mm&r=g\",\"caption\":\"famille\"},\"url\":\"https:\/\/retraites.prieenchemin.org\/careme-2022-en-famille\/author\/famille\/\"}]}<\/script>\n<!-- \/ Yoast SEO plugin. -->","yoast_head_json":{"title":"Semaine 1 - Car\u00eame 2022 en famille","robots":{"index":"index","follow":"follow","max-snippet":"max-snippet:-1","max-image-preview":"max-image-preview:large","max-video-preview":"max-video-preview:-1"},"canonical":"https:\/\/retraites.prieenchemin.org\/careme-2022-en-famille\/semaine-1\/","og_locale":"fr_FR","og_type":"article","og_title":"Semaine 1 - Car\u00eame 2022 en famille","og_description":"Semaine 1avec Th\u00e9r\u00e8se Couderc &nbsp; \u00ab Je compris alors que tout ce que ces cr\u00e9atures ont de bon et tous les services et les secours que nous recevons de chacunes d'elles est un bienfait que nous devons \u00e0 la bont\u00e9 de notre Dieu\u00a0 \u00bb Th\u00e9r\u00e8se Couderc Nous sommes maintenant dans la premi\u00e8re semaine du Car\u00eame, [&hellip;]","og_url":"https:\/\/retraites.prieenchemin.org\/careme-2022-en-famille\/semaine-1\/","og_site_name":"Car\u00eame 2022 en famille","article_published_time":"2022-03-07T11:00:00+00:00","article_modified_time":"2022-03-08T11:07:11+00:00","og_image":[{"width":1669,"height":1044,"url":"https:\/\/retraites.prieenchemin.org\/careme-2022-en-famille\/wp-content\/uploads\/sites\/11\/2022\/02\/boite3-therese-couderc-vect.jpg","type":"image\/jpeg"}],"twitter_card":"summary_large_image","schema":{"@context":"https:\/\/schema.org","@graph":[{"@type":"WebSite","@id":"https:\/\/retraites.prieenchemin.org\/careme-2022-en-famille\/#website","url":"https:\/\/retraites.prieenchemin.org\/careme-2022-en-famille\/","name":"Car\u00eame 2022 en famille","description":"En chemin vers P\u00e2ques, avec de grandes figures ignatienne","potentialAction":[{"@type":"SearchAction","target":{"@type":"EntryPoint","urlTemplate":"https:\/\/retraites.prieenchemin.org\/careme-2022-en-famille\/?s={search_term_string}"},"query-input":"required name=search_term_string"}],"inLanguage":"fr-FR"},{"@type":"ImageObject","@id":"https:\/\/retraites.prieenchemin.org\/careme-2022-en-famille\/semaine-1\/#primaryimage","inLanguage":"fr-FR","url":"https:\/\/retraites.prieenchemin.org\/careme-2022-en-famille\/wp-content\/uploads\/sites\/11\/2022\/02\/boite3-therese-couderc-vect.jpg","contentUrl":"https:\/\/retraites.prieenchemin.org\/careme-2022-en-famille\/wp-content\/uploads\/sites\/11\/2022\/02\/boite3-therese-couderc-vect.jpg","width":1669,"height":1044},{"@type":"WebPage","@id":"https:\/\/retraites.prieenchemin.org\/careme-2022-en-famille\/semaine-1\/#webpage","url":"https:\/\/retraites.prieenchemin.org\/careme-2022-en-famille\/semaine-1\/","name":"Semaine 1 - Car\u00eame 2022 en famille","isPartOf":{"@id":"https:\/\/retraites.prieenchemin.org\/careme-2022-en-famille\/#website"},"primaryImageOfPage":{"@id":"https:\/\/retraites.prieenchemin.org\/careme-2022-en-famille\/semaine-1\/#primaryimage"},"datePublished":"2022-03-07T11:00:00+00:00","dateModified":"2022-03-08T11:07:11+00:00","author":{"@id":"https:\/\/retraites.prieenchemin.org\/careme-2022-en-famille\/#\/schema\/person\/8e49f4c6fa50eead90268ae8b37e06bd"},"breadcrumb":{"@id":"https:\/\/retraites.prieenchemin.org\/careme-2022-en-famille\/semaine-1\/#breadcrumb"},"inLanguage":"fr-FR","potentialAction":[{"@type":"ReadAction","target":["https:\/\/retraites.prieenchemin.org\/careme-2022-en-famille\/semaine-1\/"]}]},{"@type":"BreadcrumbList","@id":"https:\/\/retraites.prieenchemin.org\/careme-2022-en-famille\/semaine-1\/#breadcrumb","itemListElement":[{"@type":"ListItem","position":1,"name":"Accueil","item":"https:\/\/retraites.prieenchemin.org\/careme-2022-en-famille\/"},{"@type":"ListItem","position":2,"name":"Semaine 1"}]},{"@type":"Person","@id":"https:\/\/retraites.prieenchemin.org\/careme-2022-en-famille\/#\/schema\/person\/8e49f4c6fa50eead90268ae8b37e06bd","name":"famille","image":{"@type":"ImageObject","@id":"https:\/\/retraites.prieenchemin.org\/careme-2022-en-famille\/#personlogo","inLanguage":"fr-FR","url":"https:\/\/secure.gravatar.com\/avatar\/49d2b5669bbcd314a7ff4b3124845d08?s=96&d=mm&r=g","contentUrl":"https:\/\/secure.gravatar.com\/avatar\/49d2b5669bbcd314a7ff4b3124845d08?s=96&d=mm&r=g","caption":"famille"},"url":"https:\/\/retraites.prieenchemin.org\/careme-2022-en-famille\/author\/famille\/"}]}},"_links":{"self":[{"href":"https:\/\/retraites.prieenchemin.org\/careme-2022-en-famille\/wp-json\/wp\/v2\/posts\/840"}],"collection":[{"href":"https:\/\/retraites.prieenchemin.org\/careme-2022-en-famille\/wp-json\/wp\/v2\/posts"}],"about":[{"href":"https:\/\/retraites.prieenchemin.org\/careme-2022-en-famille\/wp-json\/wp\/v2\/types\/post"}],"author":[{"embeddable":true,"href":"https:\/\/retraites.prieenchemin.org\/careme-2022-en-famille\/wp-json\/wp\/v2\/users\/10"}],"replies":[{"embeddable":true,"href":"https:\/\/retraites.prieenchemin.org\/careme-2022-en-famille\/wp-json\/wp\/v2\/comments?post=840"}],"version-history":[{"count":0,"href":"https:\/\/retraites.prieenchemin.org\/careme-2022-en-famille\/wp-json\/wp\/v2\/posts\/840\/revisions"}],"wp:featuredmedia":[{"embeddable":true,"href":"https:\/\/retraites.prieenchemin.org\/careme-2022-en-famille\/wp-json\/wp\/v2\/media\/816"}],"wp:attachment":[{"href":"https:\/\/retraites.prieenchemin.org\/careme-2022-en-famille\/wp-json\/wp\/v2\/media?parent=840"}],"wp:term":[{"taxonomy":"category","embeddable":true,"href":"https:\/\/retraites.prieenchemin.org\/careme-2022-en-famille\/wp-json\/wp\/v2\/categories?post=840"},{"taxonomy":"post_tag","embeddable":true,"href":"https:\/\/retraites.prieenchemin.org\/careme-2022-en-famille\/wp-json\/wp\/v2\/tags?post=840"}],"curies":[{"name":"wp","href":"https:\/\/api.w.org\/{rel}","templated":true}]}}