{"id":302,"date":"2022-02-28T16:00:00","date_gmt":"2022-02-28T15:00:00","guid":{"rendered":"https:\/\/retraites.prieenchemin.org\/careme-2022-en-famille\/?p=302"},"modified":"2022-03-02T17:40:49","modified_gmt":"2022-03-02T16:40:49","slug":"mercredi-des-cendres-avec-pierre-favre","status":"publish","type":"post","link":"https:\/\/retraites.prieenchemin.org\/careme-2022-en-famille\/mercredi-des-cendres-avec-pierre-favre\/","title":{"rendered":"Semaine des Cendres"},"content":{"rendered":"<p>[et_pb_section fb_built=\u00a0\u00bb1&Prime; admin_label=\u00a0\u00bbAbout\u00a0\u00bb _builder_version=\u00a0\u00bb4.9.7&Prime; background_color=\u00a0\u00bb#fcf9ec\u00a0\u00bb background_image=\u00a0\u00bbhttps:\/\/retraites.prieenchemin.org\/careme-2022-en-famille\/wp-content\/uploads\/sites\/11\/2021\/06\/bg-pec-patterngris.png\u00a0\u00bb background_size=\u00a0\u00bbcontain\u00a0\u00bb background_position=\u00a0\u00bbtop_left\u00a0\u00bb background_blend=\u00a0\u00bbluminosity\u00a0\u00bb locked=\u00a0\u00bboff\u00a0\u00bb global_colors_info=\u00a0\u00bb{}\u00a0\u00bb][et_pb_row column_structure=\u00a0\u00bb3_5,2_5&Prime; _builder_version=\u00a0\u00bb4.9.10&Prime; global_colors_info=\u00a0\u00bb{}\u00a0\u00bb][et_pb_column type=\u00a0\u00bb3_5&Prime; _builder_version=\u00a0\u00bb4.9.10&Prime; custom_padding=\u00a0\u00bb|80px|||false|false\u00a0\u00bb custom_padding_tablet=\u00a0\u00bb|0px|||false|false\u00a0\u00bb custom_padding_phone=\u00a0\u00bb||||false\u00a0\u00bb custom_padding_last_edited=\u00a0\u00bbon|tablet\u00a0\u00bb global_colors_info=\u00a0\u00bb{}\u00a0\u00bb][et_pb_text _builder_version=\u00a0\u00bb4.11.1&Prime; text_font=\u00a0\u00bb|600|||||||\u00a0\u00bb text_line_height=\u00a0\u00bb1.8em\u00a0\u00bb header_font=\u00a0\u00bbMarcellus||||||||\u00a0\u00bb header_font_size=\u00a0\u00bb60px\u00a0\u00bb animation_style=\u00a0\u00bbslide\u00a0\u00bb animation_direction=\u00a0\u00bbleft\u00a0\u00bb animation_duration=\u00a0\u00bb1300ms\u00a0\u00bb animation_intensity_slide=\u00a0\u00bb2%\u00a0\u00bb header_font_size_tablet=\u00a0\u00bb80px\u00a0\u00bb header_font_size_phone=\u00a0\u00bb40px\u00a0\u00bb header_font_size_last_edited=\u00a0\u00bbon|phone\u00a0\u00bb locked=\u00a0\u00bboff\u00a0\u00bb inline_fonts=\u00a0\u00bbAkaya Kanadaka,Akaya Telivigala\u00a0\u00bb global_colors_info=\u00a0\u00bb{}\u00a0\u00bb]<\/p>\n<h1 class=\"entry-title\">Mercredi des cendres<br \/>avec <span style=\"font-family: 'Akaya Telivigala';color: #ff9900\">Pierre Favre<\/span><\/h1>\n<p>&nbsp;<\/p>\n<p><span style=\"font-family: Akaya Kanadaka;font-weight: normal;font-size: x-large\"><span style=\"color: #31849b\">\u00ab Ce serait pour ma part une joie de ne jamais m\u2019arr\u00eater en aucun lieu, mais d\u2019\u00eatre toute ma vie un p\u00e8lerin \u00bb <\/span><span style=\"font-family: inherit\">Pierre Favre<\/span><\/span><\/p>\n<p><span style=\"font-family: inherit\">Ca y est nous y sommes, mercredi des Cendres, le Car\u00eame vient de commencer.<br \/><\/span><\/p>\n<p><span style=\"font-family: inherit\">Pour nous mettre en route en famille vers P\u00e2ques, c\u2019est Pierre Favre, un des premiers compagnons d\u2019Ignace qui sera notre guide.<br \/><\/span><\/p>\n<p><span style=\"font-family: inherit\">Avec cet infatigable marcheur commen\u00e7ons notre chemin et d\u00e9couvrons avec lui dans l\u2019\u00e9vangile selon saint Matthieu les trois attitudes auxquelles nous sommes invit\u00e9s : l\u2019aum\u00f4ne, la pri\u00e8re et le je\u00fbne.<\/span>.<\/p>\n<p>Alors cette semaine, en famille, laissons-nous guider par <span style=\"color: #ff9900;font-family: 'Akaya Kanadaka';font-weight: normal;font-size: x-large\">Pierre Favre <\/span>!<\/p>\n<p>[\/et_pb_text][\/et_pb_column][et_pb_column type=\u00a0\u00bb2_5&Prime; _builder_version=\u00a0\u00bb4.2.2&Prime; global_colors_info=\u00a0\u00bb{}\u00a0\u00bb][et_pb_image src=\u00a0\u00bbhttps:\/\/retraites.prieenchemin.org\/careme-2022-en-famille\/wp-content\/uploads\/sites\/11\/2022\/02\/boite2-pierre-favre-vect.jpg\u00a0\u00bb title_text=\u00a0\u00bbboite2 pierre favre vect\u00a0\u00bb _builder_version=\u00a0\u00bb4.11.1&Prime; transform_scale=\u00a0\u00bb162%|162%\u00a0\u00bb transform_scale_tablet=\u00a0\u00bb\u00a0\u00bb transform_scale_phone=\u00a0\u00bb110%|110%\u00a0\u00bb transform_scale_last_edited=\u00a0\u00bbon|phone\u00a0\u00bb transform_translate=\u00a0\u00bb4px|63px\u00a0\u00bb transform_translate_tablet=\u00a0\u00bb\u00a0\u00bb transform_translate_phone=\u00a0\u00bb4px|9px\u00a0\u00bb transform_translate_last_edited=\u00a0\u00bbon|phone\u00a0\u00bb transform_rotate_tablet=\u00a0\u00bb\u00a0\u00bb transform_rotate_phone=\u00a0\u00bb\u00a0\u00bb transform_rotate_last_edited=\u00a0\u00bbon|phone\u00a0\u00bb transform_skew_tablet=\u00a0\u00bb\u00a0\u00bb transform_skew_phone=\u00a0\u00bb\u00a0\u00bb transform_skew_last_edited=\u00a0\u00bbon|phone\u00a0\u00bb transform_origin_tablet=\u00a0\u00bb\u00a0\u00bb transform_origin_phone=\u00a0\u00bb\u00a0\u00bb transform_origin_last_edited=\u00a0\u00bbon|phone\u00a0\u00bb transform_styles_last_edited=\u00a0\u00bbon|phone\u00a0\u00bb width=\u00a0\u00bb68%\u00a0\u00bb max_width=\u00a0\u00bb100%\u00a0\u00bb animation_style=\u00a0\u00bbslide\u00a0\u00bb animation_direction=\u00a0\u00bbbottom\u00a0\u00bb animation_duration=\u00a0\u00bb1350ms\u00a0\u00bb animation_intensity_slide=\u00a0\u00bb4%\u00a0\u00bb hover_enabled=\u00a0\u00bb0&Prime; transform_styles_tablet=\u00a0\u00bb\u00a0\u00bb transform_styles_phone=\u00a0\u00bb\u00a0\u00bb global_colors_info=\u00a0\u00bb{}\u00a0\u00bb sticky_enabled=\u00a0\u00bb0&Prime;][\/et_pb_image][\/et_pb_column][\/et_pb_row][\/et_pb_section][et_pb_section fb_built=\u00a0\u00bb1&Prime; _builder_version=\u00a0\u00bb4.11.1&Prime; _module_preset=\u00a0\u00bbdefault\u00a0\u00bb display_conditions=\u00a0\u00bbW3siaWQiOiI1MjFjODEwMy0wNmRkLTRlMDEtOThjYi1iMmVmMzQ1MzQ0ZGEiLCJjb25kaXRpb24iOiJkYXRlVGltZSIsImNvbmRpdGlvblNldHRpbmdzIjp7ImRhdGVUaW1lRGlzcGxheSI6ImlzQWZ0ZXIiLCJkYXRlIjoiMjAyMS0xMS0yNSIsInRpbWUiOiIwNzowMCIsIndlZWtkYXlzIjoifCIsImFsbERheSI6Im9uIiwiZnJvbVRpbWUiOiIwMDowMCIsInVudGlsVGltZSI6IjAwOjAwIiwicmVwZWF0Ijoib2ZmIiwicmVwZWF0RnJlcXVlbmN5IjoibW9udGhseSIsInJlcGVhdEZyZXF1ZW5jeVNwZWNpZmljRGF5cyI6IndlZWtseSIsInJlcGVhdEVuZCI6Im5ldmVyIiwicmVwZWF0VW50aWxEYXRlIjoiMjAyMS0xMS0yMyIsInJlcGVhdFRpbWVzIjoiMyIsImFkbWluTGFiZWwiOiJEYXRlICYgVGltZSIsImVuYWJsZUNvbmRpdGlvbiI6Im9uIn0sIm9wZXJhdG9yIjoiT1IifV0=\u00a0\u00bb custom_padding=\u00a0\u00bb77px||19px|||\u00a0\u00bb global_colors_info=\u00a0\u00bb{}\u00a0\u00bb][et_pb_row column_structure=\u00a0\u00bb1_3,1_3,1_3&Prime; _builder_version=\u00a0\u00bb4.11.1&Prime; _module_preset=\u00a0\u00bbdefault\u00a0\u00bb display_conditions=\u00a0\u00bbW10=\u00a0\u00bb global_colors_info=\u00a0\u00bb{}\u00a0\u00bb][et_pb_column type=\u00a0\u00bb1_3&Prime; _builder_version=\u00a0\u00bb4.11.1&Prime; _module_preset=\u00a0\u00bbdefault\u00a0\u00bb global_colors_info=\u00a0\u00bb{}\u00a0\u00bb][et_pb_text _builder_version=\u00a0\u00bb4.11.1&Prime; _module_preset=\u00a0\u00bbdefault\u00a0\u00bb custom_padding=\u00a0\u00bb5px|||10px|false|false\u00a0\u00bb border_radii=\u00a0\u00bbon|2px|2px|2px|2px\u00a0\u00bb border_width_all=\u00a0\u00bb2px\u00a0\u00bb border_color_all=\u00a0\u00bb#31849b\u00a0\u00bb global_colors_info=\u00a0\u00bb{}\u00a0\u00bb]<\/p>\n<h1 style=\"text-align: center\"><span style=\"font-size: 0.8em;color: #31849b\">Mercredi des cendres avec Pierre Favre (vid\u00e9o)<\/span><\/h1>\n<p>[\/et_pb_text][et_pb_video src=\u00a0\u00bbhttps:\/\/www.youtube.com\/watch?v=GRk2eyM0BDU\u00a0\u00bb _builder_version=\u00a0\u00bb4.11.1&Prime; _module_preset=\u00a0\u00bbdefault\u00a0\u00bb custom_margin=\u00a0\u00bb-23px||||false|false\u00a0\u00bb custom_padding=\u00a0\u00bb0px||0px||false|false\u00a0\u00bb global_colors_info=\u00a0\u00bb{}\u00a0\u00bb][\/et_pb_video][\/et_pb_column][et_pb_column type=\u00a0\u00bb1_3&Prime; _builder_version=\u00a0\u00bb4.11.1&Prime; _module_preset=\u00a0\u00bbdefault\u00a0\u00bb global_colors_info=\u00a0\u00bb{}\u00a0\u00bb][et_pb_button button_url=\u00a0\u00bbhttps:\/\/retraites.prieenchemin.org\/careme-2022-en-famille\/wp-content\/uploads\/sites\/11\/2022\/02\/Temps-de-priere-Semaine-1-P.Favre_.pdf\u00a0\u00bb button_text=\u00a0\u00bbPri\u00e8re en famille (pdf)\u00a0\u00bb _builder_version=\u00a0\u00bb4.11.1&Prime; _module_preset=\u00a0\u00bbdefault\u00a0\u00bb custom_button=\u00a0\u00bbon\u00a0\u00bb button_text_color=\u00a0\u00bb#31849b\u00a0\u00bb global_colors_info=\u00a0\u00bb{}\u00a0\u00bb][\/et_pb_button][et_pb_button button_url=\u00a0\u00bbhttps:\/\/retraites.prieenchemin.org\/careme-2022-en-famille\/wp-content\/uploads\/sites\/11\/2022\/03\/Chemin-de-Careme-Cendres-VF.pdf\u00a0\u00bb button_text=\u00a0\u00bbChemin de Car\u00eame (pdf)\u00a0\u00bb _builder_version=\u00a0\u00bb4.11.1&Prime; _module_preset=\u00a0\u00bbdefault\u00a0\u00bb custom_button=\u00a0\u00bbon\u00a0\u00bb button_text_color=\u00a0\u00bb#31849b\u00a0\u00bb global_colors_info=\u00a0\u00bb{}\u00a0\u00bb][\/et_pb_button][\/et_pb_column][et_pb_column type=\u00a0\u00bb1_3&Prime; _builder_version=\u00a0\u00bb4.11.1&Prime; _module_preset=\u00a0\u00bbdefault\u00a0\u00bb global_colors_info=\u00a0\u00bb{}\u00a0\u00bb][et_pb_button button_text=\u00a0\u00bbChant (pdf)\u00a0\u00bb _builder_version=\u00a0\u00bb4.11.1&Prime; _module_preset=\u00a0\u00bbdefault\u00a0\u00bb custom_button=\u00a0\u00bbon\u00a0\u00bb button_text_color=\u00a0\u00bb#31849b\u00a0\u00bb custom_padding=\u00a0\u00bb||0px|||\u00a0\u00bb hover_enabled=\u00a0\u00bb0&Prime; global_colors_info=\u00a0\u00bb{}\u00a0\u00bb button_url=\u00a0\u00bbhttps:\/\/retraites.prieenchemin.org\/careme-2022-en-famille\/wp-content\/uploads\/sites\/11\/2022\/03\/Feuille-de-chants-2-feuillets.pdf\u00a0\u00bb sticky_enabled=\u00a0\u00bb0&Prime;][\/et_pb_button][et_pb_button button_text=\u00a0\u00bbChant (vid\u00e9o)\u00a0\u00bb _builder_version=\u00a0\u00bb4.11.1&Prime; _module_preset=\u00a0\u00bbdefault\u00a0\u00bb custom_button=\u00a0\u00bbon\u00a0\u00bb button_text_color=\u00a0\u00bb#31849b\u00a0\u00bb custom_padding=\u00a0\u00bb||0px|||\u00a0\u00bb global_colors_info=\u00a0\u00bb{}\u00a0\u00bb][\/et_pb_button][et_pb_video src=\u00a0\u00bbhttps:\/\/www.youtube.com\/watch?v=ZKHW7CYwEBk&amp;ab_channel=MarkBaumann-Topic\u00a0\u00bb _builder_version=\u00a0\u00bb4.11.1&Prime; _module_preset=\u00a0\u00bbdefault\u00a0\u00bb custom_margin=\u00a0\u00bb-23px||||false|false\u00a0\u00bb custom_padding=\u00a0\u00bb0px||0px||false|false\u00a0\u00bb global_colors_info=\u00a0\u00bb{}\u00a0\u00bb][\/et_pb_video][\/et_pb_column][\/et_pb_row][\/et_pb_section]<\/p>\n","protected":false},"excerpt":{"rendered":"<p>Mercredi des cendresavec Pierre Favre &nbsp; \u00ab Ce serait pour ma part une joie de ne jamais m\u2019arr\u00eater en aucun lieu, mais d\u2019\u00eatre toute ma vie un p\u00e8lerin \u00bb Pierre Favre Ca y est nous y sommes, mercredi des Cendres, le Car\u00eame vient de commencer. Pour nous mettre en route en famille vers P\u00e2ques, c\u2019est [&hellip;]<\/p>\n","protected":false},"author":6,"featured_media":815,"comment_status":"closed","ping_status":"closed","sticky":false,"template":"","format":"standard","meta":{"_et_pb_use_builder":"on","_et_pb_old_content":"","_et_gb_content_width":"2880","_monsterinsights_skip_tracking":false,"_monsterinsights_sitenote_active":false,"_monsterinsights_sitenote_note":"","_monsterinsights_sitenote_category":0},"categories":[24],"tags":[],"yoast_head":"<!-- This site is optimized with the Yoast SEO plugin v17.7 - https:\/\/yoast.com\/wordpress\/plugins\/seo\/ -->\n<title>Semaine des Cendres - Car\u00eame 2022 en famille<\/title>\n<meta name=\"robots\" content=\"index, follow, max-snippet:-1, max-image-preview:large, max-video-preview:-1\" \/>\n<link rel=\"canonical\" href=\"https:\/\/retraites.prieenchemin.org\/careme-2022-en-famille\/mercredi-des-cendres-avec-pierre-favre\/\" \/>\n<meta property=\"og:locale\" content=\"fr_FR\" \/>\n<meta property=\"og:type\" content=\"article\" \/>\n<meta property=\"og:title\" content=\"Semaine des Cendres - Car\u00eame 2022 en famille\" \/>\n<meta property=\"og:description\" content=\"Mercredi des cendresavec Pierre Favre &nbsp; \u00ab Ce serait pour ma part une joie de ne jamais m\u2019arr\u00eater en aucun lieu, mais d\u2019\u00eatre toute ma vie un p\u00e8lerin \u00bb Pierre Favre Ca y est nous y sommes, mercredi des Cendres, le Car\u00eame vient de commencer. Pour nous mettre en route en famille vers P\u00e2ques, c\u2019est [&hellip;]\" \/>\n<meta property=\"og:url\" content=\"https:\/\/retraites.prieenchemin.org\/careme-2022-en-famille\/mercredi-des-cendres-avec-pierre-favre\/\" \/>\n<meta property=\"og:site_name\" content=\"Car\u00eame 2022 en famille\" \/>\n<meta property=\"article:published_time\" content=\"2022-02-28T15:00:00+00:00\" \/>\n<meta property=\"article:modified_time\" content=\"2022-03-02T16:40:49+00:00\" \/>\n<meta property=\"og:image\" content=\"https:\/\/retraites.prieenchemin.org\/careme-2022-en-famille\/wp-content\/uploads\/sites\/11\/2022\/02\/boite2-pierre-favre-vect.jpg\" \/>\n\t<meta property=\"og:image:width\" content=\"1669\" \/>\n\t<meta property=\"og:image:height\" content=\"1044\" \/>\n<meta name=\"twitter:card\" content=\"summary_large_image\" \/>\n<script type=\"application\/ld+json\" class=\"yoast-schema-graph\">{\"@context\":\"https:\/\/schema.org\",\"@graph\":[{\"@type\":\"WebSite\",\"@id\":\"https:\/\/retraites.prieenchemin.org\/careme-2022-en-famille\/#website\",\"url\":\"https:\/\/retraites.prieenchemin.org\/careme-2022-en-famille\/\",\"name\":\"Car\\u00eame 2022 en famille\",\"description\":\"En chemin vers P\\u00e2ques, avec de grandes figures ignatienne\",\"potentialAction\":[{\"@type\":\"SearchAction\",\"target\":{\"@type\":\"EntryPoint\",\"urlTemplate\":\"https:\/\/retraites.prieenchemin.org\/careme-2022-en-famille\/?s={search_term_string}\"},\"query-input\":\"required name=search_term_string\"}],\"inLanguage\":\"fr-FR\"},{\"@type\":\"ImageObject\",\"@id\":\"https:\/\/retraites.prieenchemin.org\/careme-2022-en-famille\/mercredi-des-cendres-avec-pierre-favre\/#primaryimage\",\"inLanguage\":\"fr-FR\",\"url\":\"https:\/\/retraites.prieenchemin.org\/careme-2022-en-famille\/wp-content\/uploads\/sites\/11\/2022\/02\/boite2-pierre-favre-vect.jpg\",\"contentUrl\":\"https:\/\/retraites.prieenchemin.org\/careme-2022-en-famille\/wp-content\/uploads\/sites\/11\/2022\/02\/boite2-pierre-favre-vect.jpg\",\"width\":1669,\"height\":1044},{\"@type\":\"WebPage\",\"@id\":\"https:\/\/retraites.prieenchemin.org\/careme-2022-en-famille\/mercredi-des-cendres-avec-pierre-favre\/#webpage\",\"url\":\"https:\/\/retraites.prieenchemin.org\/careme-2022-en-famille\/mercredi-des-cendres-avec-pierre-favre\/\",\"name\":\"Semaine des Cendres - Car\\u00eame 2022 en famille\",\"isPartOf\":{\"@id\":\"https:\/\/retraites.prieenchemin.org\/careme-2022-en-famille\/#website\"},\"primaryImageOfPage\":{\"@id\":\"https:\/\/retraites.prieenchemin.org\/careme-2022-en-famille\/mercredi-des-cendres-avec-pierre-favre\/#primaryimage\"},\"datePublished\":\"2022-02-28T15:00:00+00:00\",\"dateModified\":\"2022-03-02T16:40:49+00:00\",\"author\":{\"@id\":\"https:\/\/retraites.prieenchemin.org\/careme-2022-en-famille\/#\/schema\/person\/b4ff3a09b3e89852cadf994ef1bb5ee3\"},\"breadcrumb\":{\"@id\":\"https:\/\/retraites.prieenchemin.org\/careme-2022-en-famille\/mercredi-des-cendres-avec-pierre-favre\/#breadcrumb\"},\"inLanguage\":\"fr-FR\",\"potentialAction\":[{\"@type\":\"ReadAction\",\"target\":[\"https:\/\/retraites.prieenchemin.org\/careme-2022-en-famille\/mercredi-des-cendres-avec-pierre-favre\/\"]}]},{\"@type\":\"BreadcrumbList\",\"@id\":\"https:\/\/retraites.prieenchemin.org\/careme-2022-en-famille\/mercredi-des-cendres-avec-pierre-favre\/#breadcrumb\",\"itemListElement\":[{\"@type\":\"ListItem\",\"position\":1,\"name\":\"Accueil\",\"item\":\"https:\/\/retraites.prieenchemin.org\/careme-2022-en-famille\/\"},{\"@type\":\"ListItem\",\"position\":2,\"name\":\"Semaine des Cendres\"}]},{\"@type\":\"Person\",\"@id\":\"https:\/\/retraites.prieenchemin.org\/careme-2022-en-famille\/#\/schema\/person\/b4ff3a09b3e89852cadf994ef1bb5ee3\",\"name\":\"mathilde\",\"image\":{\"@type\":\"ImageObject\",\"@id\":\"https:\/\/retraites.prieenchemin.org\/careme-2022-en-famille\/#personlogo\",\"inLanguage\":\"fr-FR\",\"url\":\"https:\/\/secure.gravatar.com\/avatar\/9995d7d50392a2a05ced7d202cd42f66?s=96&d=mm&r=g\",\"contentUrl\":\"https:\/\/secure.gravatar.com\/avatar\/9995d7d50392a2a05ced7d202cd42f66?s=96&d=mm&r=g\",\"caption\":\"mathilde\"},\"url\":\"https:\/\/retraites.prieenchemin.org\/careme-2022-en-famille\/author\/mathilde\/\"}]}<\/script>\n<!-- \/ Yoast SEO plugin. -->","yoast_head_json":{"title":"Semaine des Cendres - Car\u00eame 2022 en famille","robots":{"index":"index","follow":"follow","max-snippet":"max-snippet:-1","max-image-preview":"max-image-preview:large","max-video-preview":"max-video-preview:-1"},"canonical":"https:\/\/retraites.prieenchemin.org\/careme-2022-en-famille\/mercredi-des-cendres-avec-pierre-favre\/","og_locale":"fr_FR","og_type":"article","og_title":"Semaine des Cendres - Car\u00eame 2022 en famille","og_description":"Mercredi des cendresavec Pierre Favre &nbsp; \u00ab Ce serait pour ma part une joie de ne jamais m\u2019arr\u00eater en aucun lieu, mais d\u2019\u00eatre toute ma vie un p\u00e8lerin \u00bb Pierre Favre Ca y est nous y sommes, mercredi des Cendres, le Car\u00eame vient de commencer. Pour nous mettre en route en famille vers P\u00e2ques, c\u2019est [&hellip;]","og_url":"https:\/\/retraites.prieenchemin.org\/careme-2022-en-famille\/mercredi-des-cendres-avec-pierre-favre\/","og_site_name":"Car\u00eame 2022 en famille","article_published_time":"2022-02-28T15:00:00+00:00","article_modified_time":"2022-03-02T16:40:49+00:00","og_image":[{"width":1669,"height":1044,"url":"https:\/\/retraites.prieenchemin.org\/careme-2022-en-famille\/wp-content\/uploads\/sites\/11\/2022\/02\/boite2-pierre-favre-vect.jpg","type":"image\/jpeg"}],"twitter_card":"summary_large_image","schema":{"@context":"https:\/\/schema.org","@graph":[{"@type":"WebSite","@id":"https:\/\/retraites.prieenchemin.org\/careme-2022-en-famille\/#website","url":"https:\/\/retraites.prieenchemin.org\/careme-2022-en-famille\/","name":"Car\u00eame 2022 en famille","description":"En chemin vers P\u00e2ques, avec de grandes figures ignatienne","potentialAction":[{"@type":"SearchAction","target":{"@type":"EntryPoint","urlTemplate":"https:\/\/retraites.prieenchemin.org\/careme-2022-en-famille\/?s={search_term_string}"},"query-input":"required name=search_term_string"}],"inLanguage":"fr-FR"},{"@type":"ImageObject","@id":"https:\/\/retraites.prieenchemin.org\/careme-2022-en-famille\/mercredi-des-cendres-avec-pierre-favre\/#primaryimage","inLanguage":"fr-FR","url":"https:\/\/retraites.prieenchemin.org\/careme-2022-en-famille\/wp-content\/uploads\/sites\/11\/2022\/02\/boite2-pierre-favre-vect.jpg","contentUrl":"https:\/\/retraites.prieenchemin.org\/careme-2022-en-famille\/wp-content\/uploads\/sites\/11\/2022\/02\/boite2-pierre-favre-vect.jpg","width":1669,"height":1044},{"@type":"WebPage","@id":"https:\/\/retraites.prieenchemin.org\/careme-2022-en-famille\/mercredi-des-cendres-avec-pierre-favre\/#webpage","url":"https:\/\/retraites.prieenchemin.org\/careme-2022-en-famille\/mercredi-des-cendres-avec-pierre-favre\/","name":"Semaine des Cendres - Car\u00eame 2022 en famille","isPartOf":{"@id":"https:\/\/retraites.prieenchemin.org\/careme-2022-en-famille\/#website"},"primaryImageOfPage":{"@id":"https:\/\/retraites.prieenchemin.org\/careme-2022-en-famille\/mercredi-des-cendres-avec-pierre-favre\/#primaryimage"},"datePublished":"2022-02-28T15:00:00+00:00","dateModified":"2022-03-02T16:40:49+00:00","author":{"@id":"https:\/\/retraites.prieenchemin.org\/careme-2022-en-famille\/#\/schema\/person\/b4ff3a09b3e89852cadf994ef1bb5ee3"},"breadcrumb":{"@id":"https:\/\/retraites.prieenchemin.org\/careme-2022-en-famille\/mercredi-des-cendres-avec-pierre-favre\/#breadcrumb"},"inLanguage":"fr-FR","potentialAction":[{"@type":"ReadAction","target":["https:\/\/retraites.prieenchemin.org\/careme-2022-en-famille\/mercredi-des-cendres-avec-pierre-favre\/"]}]},{"@type":"BreadcrumbList","@id":"https:\/\/retraites.prieenchemin.org\/careme-2022-en-famille\/mercredi-des-cendres-avec-pierre-favre\/#breadcrumb","itemListElement":[{"@type":"ListItem","position":1,"name":"Accueil","item":"https:\/\/retraites.prieenchemin.org\/careme-2022-en-famille\/"},{"@type":"ListItem","position":2,"name":"Semaine des Cendres"}]},{"@type":"Person","@id":"https:\/\/retraites.prieenchemin.org\/careme-2022-en-famille\/#\/schema\/person\/b4ff3a09b3e89852cadf994ef1bb5ee3","name":"mathilde","image":{"@type":"ImageObject","@id":"https:\/\/retraites.prieenchemin.org\/careme-2022-en-famille\/#personlogo","inLanguage":"fr-FR","url":"https:\/\/secure.gravatar.com\/avatar\/9995d7d50392a2a05ced7d202cd42f66?s=96&d=mm&r=g","contentUrl":"https:\/\/secure.gravatar.com\/avatar\/9995d7d50392a2a05ced7d202cd42f66?s=96&d=mm&r=g","caption":"mathilde"},"url":"https:\/\/retraites.prieenchemin.org\/careme-2022-en-famille\/author\/mathilde\/"}]}},"_links":{"self":[{"href":"https:\/\/retraites.prieenchemin.org\/careme-2022-en-famille\/wp-json\/wp\/v2\/posts\/302"}],"collection":[{"href":"https:\/\/retraites.prieenchemin.org\/careme-2022-en-famille\/wp-json\/wp\/v2\/posts"}],"about":[{"href":"https:\/\/retraites.prieenchemin.org\/careme-2022-en-famille\/wp-json\/wp\/v2\/types\/post"}],"author":[{"embeddable":true,"href":"https:\/\/retraites.prieenchemin.org\/careme-2022-en-famille\/wp-json\/wp\/v2\/users\/6"}],"replies":[{"embeddable":true,"href":"https:\/\/retraites.prieenchemin.org\/careme-2022-en-famille\/wp-json\/wp\/v2\/comments?post=302"}],"version-history":[{"count":0,"href":"https:\/\/retraites.prieenchemin.org\/careme-2022-en-famille\/wp-json\/wp\/v2\/posts\/302\/revisions"}],"wp:featuredmedia":[{"embeddable":true,"href":"https:\/\/retraites.prieenchemin.org\/careme-2022-en-famille\/wp-json\/wp\/v2\/media\/815"}],"wp:attachment":[{"href":"https:\/\/retraites.prieenchemin.org\/careme-2022-en-famille\/wp-json\/wp\/v2\/media?parent=302"}],"wp:term":[{"taxonomy":"category","embeddable":true,"href":"https:\/\/retraites.prieenchemin.org\/careme-2022-en-famille\/wp-json\/wp\/v2\/categories?post=302"},{"taxonomy":"post_tag","embeddable":true,"href":"https:\/\/retraites.prieenchemin.org\/careme-2022-en-famille\/wp-json\/wp\/v2\/tags?post=302"}],"curies":[{"name":"wp","href":"https:\/\/api.w.org\/{rel}","templated":true}]}}