{"id":301,"date":"2022-02-16T18:03:00","date_gmt":"2022-02-16T17:03:00","guid":{"rendered":"https:\/\/retraites.prieenchemin.org\/careme-2022-en-famille\/?p=301"},"modified":"2022-02-18T20:04:05","modified_gmt":"2022-02-18T19:04:05","slug":"nous-preparer-famille","status":"publish","type":"post","link":"https:\/\/retraites.prieenchemin.org\/careme-2022-en-famille\/nous-preparer-famille\/","title":{"rendered":"Pr\u00e9paration"},"content":{"rendered":"<p>[et_pb_section fb_built=\u00a0\u00bb1&Prime; admin_label=\u00a0\u00bbAbout\u00a0\u00bb _builder_version=\u00a0\u00bb4.9.7&Prime; background_color=\u00a0\u00bb#fcf9ec\u00a0\u00bb background_image=\u00a0\u00bbhttps:\/\/retraites.prieenchemin.org\/careme-2022-en-famille\/wp-content\/uploads\/sites\/11\/2021\/06\/bg-pec-patterngris.png\u00a0\u00bb background_size=\u00a0\u00bbcontain\u00a0\u00bb background_position=\u00a0\u00bbtop_left\u00a0\u00bb background_blend=\u00a0\u00bbluminosity\u00a0\u00bb locked=\u00a0\u00bboff\u00a0\u00bb global_colors_info=\u00a0\u00bb{}\u00a0\u00bb][et_pb_row column_structure=\u00a0\u00bb3_5,2_5&Prime; _builder_version=\u00a0\u00bb4.9.10&Prime; global_colors_info=\u00a0\u00bb{}\u00a0\u00bb][et_pb_column type=\u00a0\u00bb3_5&Prime; _builder_version=\u00a0\u00bb4.9.10&Prime; custom_padding=\u00a0\u00bb|80px|||false|false\u00a0\u00bb custom_padding_tablet=\u00a0\u00bb|0px|||false|false\u00a0\u00bb custom_padding_phone=\u00a0\u00bb||||false\u00a0\u00bb custom_padding_last_edited=\u00a0\u00bbon|tablet\u00a0\u00bb global_colors_info=\u00a0\u00bb{}\u00a0\u00bb][et_pb_text _builder_version=\u00a0\u00bb4.11.1&Prime; text_font=\u00a0\u00bb|600|||||||\u00a0\u00bb text_line_height=\u00a0\u00bb1.8em\u00a0\u00bb header_font=\u00a0\u00bbMarcellus||||||||\u00a0\u00bb header_font_size=\u00a0\u00bb60px\u00a0\u00bb animation_style=\u00a0\u00bbslide\u00a0\u00bb animation_direction=\u00a0\u00bbleft\u00a0\u00bb animation_duration=\u00a0\u00bb1300ms\u00a0\u00bb animation_intensity_slide=\u00a0\u00bb2%\u00a0\u00bb header_font_size_tablet=\u00a0\u00bb80px\u00a0\u00bb header_font_size_phone=\u00a0\u00bb40px\u00a0\u00bb header_font_size_last_edited=\u00a0\u00bbon|phone\u00a0\u00bb locked=\u00a0\u00bboff\u00a0\u00bb inline_fonts=\u00a0\u00bbAkaya Telivigala\u00a0\u00bb global_colors_info=\u00a0\u00bb{}\u00a0\u00bb]<\/p>\n<h1 class=\"entry-title\"><span style=\"color: #333399\">Nous pr\u00e9parer<\/span><br \/><span style=\"color: #333399\">en<\/span> <span style=\"font-family: 'Akaya Telivigala';color: #ff9900;font-size: 1.23em\">famille<\/span><\/h1>\n<p>[\/et_pb_text][et_pb_text _builder_version=\u00a0\u00bb4.11.1&Prime; _module_preset=\u00a0\u00bbdefault\u00a0\u00bb width=\u00a0\u00bb100%\u00a0\u00bb inline_fonts=\u00a0\u00bbAkaya Kanadaka\u00a0\u00bb global_colors_info=\u00a0\u00bb{}\u00a0\u00bb]<\/p>\n<p><span style=\"font-family: Akaya Kanadaka;font-weight: normal;font-size: x-large;color: #31849b\">Nous pr\u00e9parer \u00e0 ce Car\u00eame en famille, nous pr\u00e9parer \u00e0 prier ensemble, c\u2019est important !<\/span><\/p>\n<p>D\u2019abord, si possible, lisons attentivement les feuillets \u00e0 l\u2019avance car cela nous permettra de mieux <span style=\"color: #ff9900;font-family: 'Akaya Kanadaka';font-weight: normal;font-size: x-large\">adapter la proposition \u00e0 notre famille,<\/span> \u00e0 l\u2019\u00e2ge de nos enfants, \u00e0 l\u2019habitude que nous avons ou non de prier en famille, de parler en famille.<\/p>\n<p>Ensuite, il s\u2019agit de bien caler le <span style=\"color: #ff9900;font-family: 'Akaya Kanadaka';font-weight: normal;font-size: x-large\">cadre de la pri\u00e8re<\/span>, de <span style=\"color: #ff9900;font-size: x-large;font-family: 'Akaya Kanadaka';font-weight: normal\">r\u00e9partir les r\u00f4les,<\/span> et de <span style=\"color: #ff9900;font-family: 'Akaya Telivigala';font-weight: normal;font-size: x-large\">cultiver l\u2019art d\u2019\u00e9couter<\/span>. \u00c9couter le Seigneur mais aussi nous \u00e9couter entre nous, en famille.<\/p>\n<p>Enfin, apprenons \u00e0 nous pr\u00e9senter devant le Seigneur, \u00e0 l\u2019accueillir. Apprenons aussi \u00e0 nous adresser \u00e0 lui.<\/p>\n<p><span style=\"font-size: large;font-family: Akaya Kanadaka;font-weight: normal\"><strong>\u2192\u00a0<\/strong> <\/span>Quelques rep\u00e8res et conseils pour notre pri\u00e8re ainsi qu&rsquo;une vid\u00e9o et un document de pr\u00e9sentation de la retraite.<\/p>\n<p>[\/et_pb_text][\/et_pb_column][et_pb_column type=\u00a0\u00bb2_5&Prime; _builder_version=\u00a0\u00bb4.2.2&Prime; global_colors_info=\u00a0\u00bb{}\u00a0\u00bb][et_pb_image src=\u00a0\u00bbhttps:\/\/retraites.prieenchemin.org\/careme-2022-en-famille\/wp-content\/uploads\/sites\/11\/2022\/02\/boite1-nous-preparer-vect.jpg\u00a0\u00bb title_text=\u00a0\u00bbboite1 nous preparer vect\u00a0\u00bb _builder_version=\u00a0\u00bb4.11.1&Prime; transform_scale=\u00a0\u00bb162%|162%\u00a0\u00bb transform_scale_tablet=\u00a0\u00bb\u00a0\u00bb transform_scale_phone=\u00a0\u00bb110%|110%\u00a0\u00bb transform_scale_last_edited=\u00a0\u00bbon|phone\u00a0\u00bb transform_translate=\u00a0\u00bb4px|63px\u00a0\u00bb transform_translate_tablet=\u00a0\u00bb\u00a0\u00bb transform_translate_phone=\u00a0\u00bb4px|9px\u00a0\u00bb transform_translate_last_edited=\u00a0\u00bbon|phone\u00a0\u00bb transform_rotate_tablet=\u00a0\u00bb\u00a0\u00bb transform_rotate_phone=\u00a0\u00bb\u00a0\u00bb transform_rotate_last_edited=\u00a0\u00bbon|phone\u00a0\u00bb transform_skew_tablet=\u00a0\u00bb\u00a0\u00bb transform_skew_phone=\u00a0\u00bb\u00a0\u00bb transform_skew_last_edited=\u00a0\u00bbon|phone\u00a0\u00bb transform_origin_tablet=\u00a0\u00bb\u00a0\u00bb transform_origin_phone=\u00a0\u00bb\u00a0\u00bb transform_origin_last_edited=\u00a0\u00bbon|phone\u00a0\u00bb transform_styles_last_edited=\u00a0\u00bbon|phone\u00a0\u00bb width=\u00a0\u00bb68%\u00a0\u00bb max_width=\u00a0\u00bb100%\u00a0\u00bb animation_style=\u00a0\u00bbslide\u00a0\u00bb animation_direction=\u00a0\u00bbbottom\u00a0\u00bb animation_duration=\u00a0\u00bb1350ms\u00a0\u00bb animation_intensity_slide=\u00a0\u00bb4%\u00a0\u00bb transform_styles_tablet=\u00a0\u00bb\u00a0\u00bb transform_styles_phone=\u00a0\u00bb\u00a0\u00bb global_colors_info=\u00a0\u00bb{}\u00a0\u00bb][\/et_pb_image][\/et_pb_column][\/et_pb_row][\/et_pb_section][et_pb_section fb_built=\u00a0\u00bb1&Prime; _builder_version=\u00a0\u00bb4.9.7&Prime; _module_preset=\u00a0\u00bbdefault\u00a0\u00bb custom_padding=\u00a0\u00bb77px||19px|||\u00a0\u00bb global_colors_info=\u00a0\u00bb{}\u00a0\u00bb][et_pb_row column_structure=\u00a0\u00bb1_3,1_3,1_3&Prime; make_equal=\u00a0\u00bbon\u00a0\u00bb _builder_version=\u00a0\u00bb4.11.1&Prime; _module_preset=\u00a0\u00bbdefault\u00a0\u00bb global_colors_info=\u00a0\u00bb{}\u00a0\u00bb][et_pb_column type=\u00a0\u00bb1_3&Prime; _builder_version=\u00a0\u00bb4.11.1&Prime; _module_preset=\u00a0\u00bbdefault\u00a0\u00bb global_colors_info=\u00a0\u00bb{}\u00a0\u00bb][et_pb_button button_url=\u00a0\u00bbhttps:\/\/www.youtube.com\/watch?v=wwkKZhsSJUA\u00a0\u00bb button_text=\u00a0\u00bbPr\u00e9sentation de la retraite (vid\u00e9o)\u00a0\u00bb button_alignment=\u00a0\u00bbcenter\u00a0\u00bb _builder_version=\u00a0\u00bb4.11.1&Prime; _module_preset=\u00a0\u00bbdefault\u00a0\u00bb custom_button=\u00a0\u00bbon\u00a0\u00bb button_text_color=\u00a0\u00bb#31849b\u00a0\u00bb global_colors_info=\u00a0\u00bb{}\u00a0\u00bb][\/et_pb_button][et_pb_video src=\u00a0\u00bbhttps:\/\/www.youtube.com\/watch?v=wwkKZhsSJUA\u00a0\u00bb _builder_version=\u00a0\u00bb4.11.1&Prime; _module_preset=\u00a0\u00bbdefault\u00a0\u00bb global_colors_info=\u00a0\u00bb{}\u00a0\u00bb][\/et_pb_video][\/et_pb_column][et_pb_column type=\u00a0\u00bb1_3&Prime; _builder_version=\u00a0\u00bb4.11.1&Prime; _module_preset=\u00a0\u00bbdefault\u00a0\u00bb global_colors_info=\u00a0\u00bb{}\u00a0\u00bb][et_pb_button button_url=\u00a0\u00bbhttps:\/\/retraites.prieenchemin.org\/careme-2022-en-famille\/wp-content\/uploads\/sites\/11\/2022\/02\/Livret-de-presentation-Care\u0302me-en-famille-2022-V2.pdf\u00a0\u00bb button_text=\u00a0\u00bbPr\u00e9sentation de la retraite\u00a0\u00bb button_alignment=\u00a0\u00bbcenter\u00a0\u00bb _builder_version=\u00a0\u00bb4.11.1&Prime; _module_preset=\u00a0\u00bbdefault\u00a0\u00bb custom_button=\u00a0\u00bbon\u00a0\u00bb button_text_color=\u00a0\u00bb#31849b\u00a0\u00bb global_colors_info=\u00a0\u00bb{}\u00a0\u00bb][\/et_pb_button][et_pb_image src=\u00a0\u00bbhttps:\/\/retraites.prieenchemin.org\/careme-2022-en-famille\/wp-content\/uploads\/sites\/11\/2022\/02\/capture-livret-presentation.png\u00a0\u00bb title_text=\u00a0\u00bbCapture Livret pr\u00e9sentation\u00a0\u00bb url=\u00a0\u00bbhttps:\/\/retraites.prieenchemin.org\/careme-2022-en-famille\/wp-content\/uploads\/sites\/11\/2022\/02\/Livret-de-presentation-Care\u0302me-en-famille-2022-V2.pdf\u00a0\u00bb align=\u00a0\u00bbcenter\u00a0\u00bb _builder_version=\u00a0\u00bb4.11.1&Prime; _module_preset=\u00a0\u00bbdefault\u00a0\u00bb width=\u00a0\u00bb100%\u00a0\u00bb module_alignment=\u00a0\u00bbcenter\u00a0\u00bb custom_margin=\u00a0\u00bb-5px|56px||0px|false|false\u00a0\u00bb custom_padding=\u00a0\u00bb|10px|0px|10px|false|false\u00a0\u00bb hover_enabled=\u00a0\u00bb0&Prime; global_colors_info=\u00a0\u00bb{}\u00a0\u00bb sticky_enabled=\u00a0\u00bb0&Prime;][\/et_pb_image][\/et_pb_column][et_pb_column type=\u00a0\u00bb1_3&Prime; _builder_version=\u00a0\u00bb4.11.1&Prime; _module_preset=\u00a0\u00bbdefault\u00a0\u00bb global_colors_info=\u00a0\u00bb{}\u00a0\u00bb][et_pb_button button_url=\u00a0\u00bbhttps:\/\/www.youtube.com\/watch?v=Xq0r6R7IKlY&amp;ab_channel=Prieenchemin\u00a0\u00bb button_text=\u00a0\u00bbPr\u00e9paration de notre pri\u00e8re (vid\u00e9o)\u00a0\u00bb button_alignment=\u00a0\u00bbcenter\u00a0\u00bb _builder_version=\u00a0\u00bb4.11.1&Prime; _module_preset=\u00a0\u00bbdefault\u00a0\u00bb custom_button=\u00a0\u00bbon\u00a0\u00bb button_text_color=\u00a0\u00bb#31849b\u00a0\u00bb hover_enabled=\u00a0\u00bb0&Prime; global_colors_info=\u00a0\u00bb{}\u00a0\u00bb sticky_enabled=\u00a0\u00bb0&Prime;][\/et_pb_button][et_pb_video src=\u00a0\u00bbhttps:\/\/youtu.be\/Xq0r6R7IKlY\u00a0\u00bb _builder_version=\u00a0\u00bb4.11.1&Prime; _module_preset=\u00a0\u00bbdefault\u00a0\u00bb global_colors_info=\u00a0\u00bb{}\u00a0\u00bb][\/et_pb_video][\/et_pb_column][\/et_pb_row][\/et_pb_section][et_pb_section fb_built=\u00a0\u00bb1&Prime; _builder_version=\u00a0\u00bb4.11.1&Prime; _module_preset=\u00a0\u00bbdefault\u00a0\u00bb global_colors_info=\u00a0\u00bb{}\u00a0\u00bb][\/et_pb_section]<\/p>\n","protected":false},"excerpt":{"rendered":"<p>Nous pr\u00e9pareren familleNous pr\u00e9parer \u00e0 ce Car\u00eame en famille, nous pr\u00e9parer \u00e0 prier ensemble, c\u2019est important ! D\u2019abord, si possible, lisons attentivement les feuillets \u00e0 l\u2019avance car cela nous permettra de mieux adapter la proposition \u00e0 notre famille, \u00e0 l\u2019\u00e2ge de nos enfants, \u00e0 l\u2019habitude que nous avons ou non de prier en famille, de [&hellip;]<\/p>\n","protected":false},"author":6,"featured_media":832,"comment_status":"closed","ping_status":"closed","sticky":false,"template":"","format":"standard","meta":{"_et_pb_use_builder":"on","_et_pb_old_content":"","_et_gb_content_width":"2880","_monsterinsights_skip_tracking":false,"_monsterinsights_sitenote_active":false,"_monsterinsights_sitenote_note":"","_monsterinsights_sitenote_category":0},"categories":[24],"tags":[],"yoast_head":"<!-- This site is optimized with the Yoast SEO plugin v17.7 - https:\/\/yoast.com\/wordpress\/plugins\/seo\/ -->\n<title>Pr\u00e9paration - Car\u00eame 2022 en famille<\/title>\n<meta name=\"robots\" content=\"index, follow, max-snippet:-1, max-image-preview:large, max-video-preview:-1\" \/>\n<link rel=\"canonical\" href=\"https:\/\/retraites.prieenchemin.org\/careme-2022-en-famille\/nous-preparer-famille\/\" \/>\n<meta property=\"og:locale\" content=\"fr_FR\" \/>\n<meta property=\"og:type\" content=\"article\" \/>\n<meta property=\"og:title\" content=\"Pr\u00e9paration - Car\u00eame 2022 en famille\" \/>\n<meta property=\"og:description\" content=\"Nous pr\u00e9pareren familleNous pr\u00e9parer \u00e0 ce Car\u00eame en famille, nous pr\u00e9parer \u00e0 prier ensemble, c\u2019est important ! D\u2019abord, si possible, lisons attentivement les feuillets \u00e0 l\u2019avance car cela nous permettra de mieux adapter la proposition \u00e0 notre famille, \u00e0 l\u2019\u00e2ge de nos enfants, \u00e0 l\u2019habitude que nous avons ou non de prier en famille, de [&hellip;]\" \/>\n<meta property=\"og:url\" content=\"https:\/\/retraites.prieenchemin.org\/careme-2022-en-famille\/nous-preparer-famille\/\" \/>\n<meta property=\"og:site_name\" content=\"Car\u00eame 2022 en famille\" \/>\n<meta property=\"article:published_time\" content=\"2022-02-16T17:03:00+00:00\" \/>\n<meta property=\"article:modified_time\" content=\"2022-02-18T19:04:05+00:00\" \/>\n<meta property=\"og:image\" content=\"https:\/\/retraites.prieenchemin.org\/careme-2022-en-famille\/wp-content\/uploads\/sites\/11\/2021\/11\/boite1-nous-preparer-vect.jpg\" \/>\n\t<meta property=\"og:image:width\" content=\"1669\" \/>\n\t<meta property=\"og:image:height\" content=\"1044\" \/>\n<meta name=\"twitter:card\" content=\"summary_large_image\" \/>\n<script type=\"application\/ld+json\" class=\"yoast-schema-graph\">{\"@context\":\"https:\/\/schema.org\",\"@graph\":[{\"@type\":\"WebSite\",\"@id\":\"https:\/\/retraites.prieenchemin.org\/careme-2022-en-famille\/#website\",\"url\":\"https:\/\/retraites.prieenchemin.org\/careme-2022-en-famille\/\",\"name\":\"Car\\u00eame 2022 en famille\",\"description\":\"En chemin vers P\\u00e2ques, avec de grandes figures ignatienne\",\"potentialAction\":[{\"@type\":\"SearchAction\",\"target\":{\"@type\":\"EntryPoint\",\"urlTemplate\":\"https:\/\/retraites.prieenchemin.org\/careme-2022-en-famille\/?s={search_term_string}\"},\"query-input\":\"required name=search_term_string\"}],\"inLanguage\":\"fr-FR\"},{\"@type\":\"ImageObject\",\"@id\":\"https:\/\/retraites.prieenchemin.org\/careme-2022-en-famille\/nous-preparer-famille\/#primaryimage\",\"inLanguage\":\"fr-FR\",\"url\":\"https:\/\/retraites.prieenchemin.org\/careme-2022-en-famille\/wp-content\/uploads\/sites\/11\/2021\/11\/boite1-nous-preparer-vect.jpg\",\"contentUrl\":\"https:\/\/retraites.prieenchemin.org\/careme-2022-en-famille\/wp-content\/uploads\/sites\/11\/2021\/11\/boite1-nous-preparer-vect.jpg\",\"width\":1669,\"height\":1044},{\"@type\":\"WebPage\",\"@id\":\"https:\/\/retraites.prieenchemin.org\/careme-2022-en-famille\/nous-preparer-famille\/#webpage\",\"url\":\"https:\/\/retraites.prieenchemin.org\/careme-2022-en-famille\/nous-preparer-famille\/\",\"name\":\"Pr\\u00e9paration - Car\\u00eame 2022 en famille\",\"isPartOf\":{\"@id\":\"https:\/\/retraites.prieenchemin.org\/careme-2022-en-famille\/#website\"},\"primaryImageOfPage\":{\"@id\":\"https:\/\/retraites.prieenchemin.org\/careme-2022-en-famille\/nous-preparer-famille\/#primaryimage\"},\"datePublished\":\"2022-02-16T17:03:00+00:00\",\"dateModified\":\"2022-02-18T19:04:05+00:00\",\"author\":{\"@id\":\"https:\/\/retraites.prieenchemin.org\/careme-2022-en-famille\/#\/schema\/person\/b4ff3a09b3e89852cadf994ef1bb5ee3\"},\"breadcrumb\":{\"@id\":\"https:\/\/retraites.prieenchemin.org\/careme-2022-en-famille\/nous-preparer-famille\/#breadcrumb\"},\"inLanguage\":\"fr-FR\",\"potentialAction\":[{\"@type\":\"ReadAction\",\"target\":[\"https:\/\/retraites.prieenchemin.org\/careme-2022-en-famille\/nous-preparer-famille\/\"]}]},{\"@type\":\"BreadcrumbList\",\"@id\":\"https:\/\/retraites.prieenchemin.org\/careme-2022-en-famille\/nous-preparer-famille\/#breadcrumb\",\"itemListElement\":[{\"@type\":\"ListItem\",\"position\":1,\"name\":\"Accueil\",\"item\":\"https:\/\/retraites.prieenchemin.org\/careme-2022-en-famille\/\"},{\"@type\":\"ListItem\",\"position\":2,\"name\":\"Pr\\u00e9paration\"}]},{\"@type\":\"Person\",\"@id\":\"https:\/\/retraites.prieenchemin.org\/careme-2022-en-famille\/#\/schema\/person\/b4ff3a09b3e89852cadf994ef1bb5ee3\",\"name\":\"mathilde\",\"image\":{\"@type\":\"ImageObject\",\"@id\":\"https:\/\/retraites.prieenchemin.org\/careme-2022-en-famille\/#personlogo\",\"inLanguage\":\"fr-FR\",\"url\":\"https:\/\/secure.gravatar.com\/avatar\/9995d7d50392a2a05ced7d202cd42f66?s=96&d=mm&r=g\",\"contentUrl\":\"https:\/\/secure.gravatar.com\/avatar\/9995d7d50392a2a05ced7d202cd42f66?s=96&d=mm&r=g\",\"caption\":\"mathilde\"},\"url\":\"https:\/\/retraites.prieenchemin.org\/careme-2022-en-famille\/author\/mathilde\/\"}]}<\/script>\n<!-- \/ Yoast SEO plugin. -->","yoast_head_json":{"title":"Pr\u00e9paration - Car\u00eame 2022 en famille","robots":{"index":"index","follow":"follow","max-snippet":"max-snippet:-1","max-image-preview":"max-image-preview:large","max-video-preview":"max-video-preview:-1"},"canonical":"https:\/\/retraites.prieenchemin.org\/careme-2022-en-famille\/nous-preparer-famille\/","og_locale":"fr_FR","og_type":"article","og_title":"Pr\u00e9paration - Car\u00eame 2022 en famille","og_description":"Nous pr\u00e9pareren familleNous pr\u00e9parer \u00e0 ce Car\u00eame en famille, nous pr\u00e9parer \u00e0 prier ensemble, c\u2019est important ! D\u2019abord, si possible, lisons attentivement les feuillets \u00e0 l\u2019avance car cela nous permettra de mieux adapter la proposition \u00e0 notre famille, \u00e0 l\u2019\u00e2ge de nos enfants, \u00e0 l\u2019habitude que nous avons ou non de prier en famille, de [&hellip;]","og_url":"https:\/\/retraites.prieenchemin.org\/careme-2022-en-famille\/nous-preparer-famille\/","og_site_name":"Car\u00eame 2022 en famille","article_published_time":"2022-02-16T17:03:00+00:00","article_modified_time":"2022-02-18T19:04:05+00:00","og_image":[{"width":1669,"height":1044,"url":"https:\/\/retraites.prieenchemin.org\/careme-2022-en-famille\/wp-content\/uploads\/sites\/11\/2021\/11\/boite1-nous-preparer-vect.jpg","type":"image\/jpeg"}],"twitter_card":"summary_large_image","schema":{"@context":"https:\/\/schema.org","@graph":[{"@type":"WebSite","@id":"https:\/\/retraites.prieenchemin.org\/careme-2022-en-famille\/#website","url":"https:\/\/retraites.prieenchemin.org\/careme-2022-en-famille\/","name":"Car\u00eame 2022 en famille","description":"En chemin vers P\u00e2ques, avec de grandes figures ignatienne","potentialAction":[{"@type":"SearchAction","target":{"@type":"EntryPoint","urlTemplate":"https:\/\/retraites.prieenchemin.org\/careme-2022-en-famille\/?s={search_term_string}"},"query-input":"required name=search_term_string"}],"inLanguage":"fr-FR"},{"@type":"ImageObject","@id":"https:\/\/retraites.prieenchemin.org\/careme-2022-en-famille\/nous-preparer-famille\/#primaryimage","inLanguage":"fr-FR","url":"https:\/\/retraites.prieenchemin.org\/careme-2022-en-famille\/wp-content\/uploads\/sites\/11\/2021\/11\/boite1-nous-preparer-vect.jpg","contentUrl":"https:\/\/retraites.prieenchemin.org\/careme-2022-en-famille\/wp-content\/uploads\/sites\/11\/2021\/11\/boite1-nous-preparer-vect.jpg","width":1669,"height":1044},{"@type":"WebPage","@id":"https:\/\/retraites.prieenchemin.org\/careme-2022-en-famille\/nous-preparer-famille\/#webpage","url":"https:\/\/retraites.prieenchemin.org\/careme-2022-en-famille\/nous-preparer-famille\/","name":"Pr\u00e9paration - Car\u00eame 2022 en famille","isPartOf":{"@id":"https:\/\/retraites.prieenchemin.org\/careme-2022-en-famille\/#website"},"primaryImageOfPage":{"@id":"https:\/\/retraites.prieenchemin.org\/careme-2022-en-famille\/nous-preparer-famille\/#primaryimage"},"datePublished":"2022-02-16T17:03:00+00:00","dateModified":"2022-02-18T19:04:05+00:00","author":{"@id":"https:\/\/retraites.prieenchemin.org\/careme-2022-en-famille\/#\/schema\/person\/b4ff3a09b3e89852cadf994ef1bb5ee3"},"breadcrumb":{"@id":"https:\/\/retraites.prieenchemin.org\/careme-2022-en-famille\/nous-preparer-famille\/#breadcrumb"},"inLanguage":"fr-FR","potentialAction":[{"@type":"ReadAction","target":["https:\/\/retraites.prieenchemin.org\/careme-2022-en-famille\/nous-preparer-famille\/"]}]},{"@type":"BreadcrumbList","@id":"https:\/\/retraites.prieenchemin.org\/careme-2022-en-famille\/nous-preparer-famille\/#breadcrumb","itemListElement":[{"@type":"ListItem","position":1,"name":"Accueil","item":"https:\/\/retraites.prieenchemin.org\/careme-2022-en-famille\/"},{"@type":"ListItem","position":2,"name":"Pr\u00e9paration"}]},{"@type":"Person","@id":"https:\/\/retraites.prieenchemin.org\/careme-2022-en-famille\/#\/schema\/person\/b4ff3a09b3e89852cadf994ef1bb5ee3","name":"mathilde","image":{"@type":"ImageObject","@id":"https:\/\/retraites.prieenchemin.org\/careme-2022-en-famille\/#personlogo","inLanguage":"fr-FR","url":"https:\/\/secure.gravatar.com\/avatar\/9995d7d50392a2a05ced7d202cd42f66?s=96&d=mm&r=g","contentUrl":"https:\/\/secure.gravatar.com\/avatar\/9995d7d50392a2a05ced7d202cd42f66?s=96&d=mm&r=g","caption":"mathilde"},"url":"https:\/\/retraites.prieenchemin.org\/careme-2022-en-famille\/author\/mathilde\/"}]}},"_links":{"self":[{"href":"https:\/\/retraites.prieenchemin.org\/careme-2022-en-famille\/wp-json\/wp\/v2\/posts\/301"}],"collection":[{"href":"https:\/\/retraites.prieenchemin.org\/careme-2022-en-famille\/wp-json\/wp\/v2\/posts"}],"about":[{"href":"https:\/\/retraites.prieenchemin.org\/careme-2022-en-famille\/wp-json\/wp\/v2\/types\/post"}],"author":[{"embeddable":true,"href":"https:\/\/retraites.prieenchemin.org\/careme-2022-en-famille\/wp-json\/wp\/v2\/users\/6"}],"replies":[{"embeddable":true,"href":"https:\/\/retraites.prieenchemin.org\/careme-2022-en-famille\/wp-json\/wp\/v2\/comments?post=301"}],"version-history":[{"count":0,"href":"https:\/\/retraites.prieenchemin.org\/careme-2022-en-famille\/wp-json\/wp\/v2\/posts\/301\/revisions"}],"wp:featuredmedia":[{"embeddable":true,"href":"https:\/\/retraites.prieenchemin.org\/careme-2022-en-famille\/wp-json\/wp\/v2\/media\/832"}],"wp:attachment":[{"href":"https:\/\/retraites.prieenchemin.org\/careme-2022-en-famille\/wp-json\/wp\/v2\/media?parent=301"}],"wp:term":[{"taxonomy":"category","embeddable":true,"href":"https:\/\/retraites.prieenchemin.org\/careme-2022-en-famille\/wp-json\/wp\/v2\/categories?post=301"},{"taxonomy":"post_tag","embeddable":true,"href":"https:\/\/retraites.prieenchemin.org\/careme-2022-en-famille\/wp-json\/wp\/v2\/tags?post=301"}],"curies":[{"name":"wp","href":"https:\/\/api.w.org\/{rel}","templated":true}]}}